{"id":5080,"date":"2023-02-08T16:06:31","date_gmt":"2023-02-08T19:06:31","guid":{"rendered":"https:\/\/noticiasdestaque.com.br\/index.php\/2023\/02\/08\/ccbb-apresenta-em-sao-paulo-exposicao-dedicada-a-marc-chagall\/"},"modified":"2023-02-08T16:06:31","modified_gmt":"2023-02-08T19:06:31","slug":"ccbb-apresenta-em-sao-paulo-exposicao-dedicada-a-marc-chagall","status":"publish","type":"post","link":"https:\/\/noticiasdestaque.com.br\/index.php\/2023\/02\/08\/ccbb-apresenta-em-sao-paulo-exposicao-dedicada-a-marc-chagall\/","title":{"rendered":"CCBB apresenta, em S\u00e3o Paulo, exposi\u00e7\u00e3o dedicada a Marc Chagall"},"content":{"rendered":"<style> bloco.meta {font-style: italic; color: #666;font-weight: 600;font-size: .8em; \/* line-height: .3em; *\/}  text h2 { font-weight: 700 !important;  color: #062f46 !important;} text img { width: none; left: none;}<\/style>\n<\/p>\n<p>No t\u00e9rreo do Centro Cultural Banco do Brasil (CCBB), no centro de S\u00e3o Paulo, dois tecidos coloridos flutuam no ar. Com um sopro de ar, eles bailam pelo t\u00e9rreo do edif\u00edcio e, algumas vezes, alcan\u00e7am at\u00e9 os andares mais altos, como se voassem.<\/p>\n<p>A obra contempor\u00e2nea Air Fountain, de Daniel Wurtzel, foi ali instalada para dialogar com a nova exposi\u00e7\u00e3o em cartaz no espa\u00e7o: Marc Chagall, Sonho de Amor, que abre nesta quarta-feira (8) e fica em cartaz at\u00e9 22 de maio.<\/p>\n<p>Os tecidos da obra de Wurtzel parecem simbolizar o \u201cperfume e a rosa\u201d do poema Seul est Mien, escrito por Chagall (1887-1985). A poesia foi traduzida em portugu\u00eas e colocada em uma das paredes da exposi\u00e7\u00e3o. Ela tamb\u00e9m recebeu uma anima\u00e7\u00e3o  apresentada no subsolo do edif\u00edcio.<\/p>\n<p>\u201cEssa sensa\u00e7\u00e3o de leveza, essa vis\u00e3o abstrata do amor que est\u00e1 representada ali pelos dois tecidos que bailam \u00e9 uma rela\u00e7\u00e3o que a gente prop\u00f4s ao artista Daniel Wurtzel para dialogar com a obra de Chagall. Ent\u00e3o, a ideia era acolher o p\u00fablico nesse ambiente de encantamento e de enlevo e de faz\u00ea-lo sentir esse amor que desafia a for\u00e7a da gravidade e que a gente vai ter em um dos m\u00f3dulos da exposi\u00e7\u00e3o\u201d, disse Cynthia Taboada, organizadora da mostra.<\/p>\n<h2>Duas guerras<\/h2>\n<p>Nascido em 7 de julho de 1887, no bairro judaico da cidade de Vitebsk, na antiga R\u00fassia, Marc Chagall faleceu na Fran\u00e7a, aos 97 anos. Com uma vida quase centen\u00e1ria, o artista atravessou a Revolu\u00e7\u00e3o Russa, enfrentou a primeira e a segunda guerra mundial, viu a cria\u00e7\u00e3o e consolida\u00e7\u00e3o do Estado de Israel e foi reconhecido como um dos nomes mais importantes da arte moderna, sobretudo, pela cria\u00e7\u00e3o de uma linguagem art\u00edstica \u00fanica.<\/p>\n<p>\u201cChagall tem um estilo \u00fanico. Ele tem uma po\u00e9tica pr\u00f3pria que \u00e9 apartada de todos os movimentos de vanguarda hist\u00f3rica. Ele dialogava com esses movimentos, mas ele criou um universo pr\u00f3prio, uma po\u00e9tica que voc\u00ea reconhece ao longo de uma produ\u00e7\u00e3o de anos. Ele \u00e9 o mestre da cor. Ele sabe manejar as cores como ningu\u00e9m. Ele tamb\u00e9m foi o mestre da \u00e1gua-forte, da litografia e da gravura. Ele trouxe para a arte moderna o desenvolvimento da gravura\u201d, disse Cynthia Taboada, em entrevista \u00e0 <strong>Ag\u00eancia Brasil<\/strong>.<\/p>\n<p>Segundo a curadora Lola Dur\u00e1n \u00dacar, a obra de Chagall esteve sempre muito vinculada \u00e0 sua pr\u00f3pria vida.<\/p>\n<p>\u201cAo largo de sua vida, Chagall criou um mundo l\u00edrico, um mundo fant\u00e1stico, um mundo po\u00e9tico. Vamos descobrindo isso em seus quadros, com personagens que voam, com animais com rosto de pessoas, pessoas com rostos de ratos\u201d, disse ela. \u201cEle n\u00e3o era um artista surrealista, que mostra o mundo dos sonhos. Chagall est\u00e1 nos mostrando o mundo tal como ele aparece. Ele v\u00ea o mundo assim\u201d, afirmou a curadora.<\/p>\n<p>Com passagens pelo Rio de Janeiro, Belo Horizonte e Bras\u00edlia, a exposi\u00e7\u00e3o do artista Marc Chagall chega a S\u00e3o Paulo trazendo novidades. Ela tem 191 obras do artista franco russo de origem judaica produzidas entre 1922 e 1981, sendo que 12 delas ainda n\u00e3o haviam sido expostas nas itiner\u00e2ncias anteriores.<\/p>\n<p>Entre elas est\u00e1 o livro Maternit\u00e9, de autoria do escritor surrealista Marcel Arland (1899-1986), que foi ilustrado com cinco gravuras em metal de Marc Chagall. O livro faz parte do acervo do tamb\u00e9m escritor M\u00e1rio de Andrade (1893-1945), primeiro colecionador das obras do artista no Brasil.<\/p>\n<p>Tamb\u00e9m foram cedidas especialmente para esta mostra em S\u00e3o Paulo as obras Os noivos com tren\u00f3 e galo vermelho (Les mari\u00e9s au tra\u00eeneau et au coq rouge) e Primavera (Le Printemps), provenientes dos acervos da Casa Museu Ema Klabin e do Museu de Arte Contempor\u00e2nea da Universidade de S\u00e3o Paulo (MAC USP).<\/p>\n<p>Entre os destaques da exposi\u00e7\u00e3o tamb\u00e9m est\u00e3o o rar\u00edssimo guache O avarento, que perdeu seu tesouro (L\u2019avare qui a perdu son tr\u00e9sor), produ\u00e7\u00e3o que deu in\u00edcio \u00e0 s\u00e9rie gr\u00e1fica das F\u00e1bulas de La Fontaine (Fables, Jean de La Fontaine), encomendada por Ambroise Vollard no final dos anos 1920 e impressa somente em 1952. Tamb\u00e9m fazem parte da mostra as gravuras coloridas \u00e0 m\u00e3o da s\u00e9rie B\u00edblia.<\/p>\n<p>A mostra apresenta ainda alguns dos poemas escritos por Chagall, artista que se devotava ao amor.<\/p>\n<p>\u201cFizemos uma \u201ctranscria\u00e7\u00e3o\u201d dos poemas porque respeitamos os ritmos, os tempos, o tr\u00e2nsito entre os idiomas. Isso foi muito bem respeitado por um artista chamado Saulo di Tarso. Pegamos uma edi\u00e7\u00e3o de 1968, que re\u00fane os poemas de Chagall de 1909 at\u00e9 1965, e todos eles foram \u201ctranscriados\u201d, versados para a l\u00edngua portuguesa de forma in\u00e9dita. Essa \u00e9 uma coisa que a gente traz como uma novidade da itiner\u00e2ncia\u201d, explicou Cynthia Taboada.<\/p>\n<h2>Percurso<\/h2>\n<p>Cada um dos andares do CCBB \u00e9 dedicado a um tema ou per\u00edodo na vida e obra de Chagall. O percurso \u00e9 iniciado no quarto andar, dedicado \u00e0s origens e tradi\u00e7\u00f5es russas. J\u00e1 o terceiro andar apresenta obras relacionadas ao mundo sagrado e \u00e0s no\u00e7\u00f5es de espiritualidade, como a s\u00e9rie B\u00edblia.<\/p>\n<p>O segundo andar \u00e9 dedicado ao lirismo e \u00e0 poesia, apresentando obras do pintor que retratam Paris, a cidade onde ele viveu a maior parte de sua vida e em que morreu. Nesse andar tamb\u00e9m se encontra presente uma ode ao amor, onde est\u00e3o pinturas de flores e de pessoas enamoradas desafiando a gravidade e flutuando pelas telas. J\u00e1 no subsolo do edif\u00edcio est\u00e3o as ilustra\u00e7\u00f5es feitas por Chagall para as F\u00e1bulas de La Fontaine. \u201cEsse percurso \u00e9 muito did\u00e1tico para o p\u00fablico entender que a obra de um pintor est\u00e1 ligada \u00e0 sua pr\u00f3pria vida. Esse amor pela vida e pela arte transborda em suas pr\u00f3prias obras, nas cores, nos personagens que est\u00e3o flutuando, nos violinos\u201d, salientou Cynthia.<\/p>\n<p>\u201cUma exposi\u00e7\u00e3o dessa natureza traz o artista da arte moderna para uma mem\u00f3ria contempor\u00e2nea, para uma interpreta\u00e7\u00e3o do nosso mundo de hoje. Se o artista toca voc\u00ea hoje \u00e9 porque a obra dele est\u00e1 viva e tem algo a dizer a voc\u00ea. Acredito que o p\u00fablico vai encontrar isso na exposi\u00e7\u00e3o\u201d, acrescentou ela.<\/p>\n<h2>Performance<\/h2>\n<p>Na passagem por S\u00e3o Paulo, a mostra tamb\u00e9m vai oferecer ao p\u00fablico performances de dan\u00e7a, que v\u00e3o acontecer ao lado da obra de abertura da exposi\u00e7\u00e3o. Tamb\u00e9m haver\u00e1 uma interven\u00e7\u00e3o c\u00eanico-musical e est\u00e3o previstos um ciclo de debates e palestras.<\/p>\n<p>\u201c\u00c9 uma exposi\u00e7\u00e3o que estamos oferecendo para a cidade de S\u00e3o Paulo e para o p\u00fablico que vem \u00e0 cidade. \u00c9 uma exposi\u00e7\u00e3o rara, que traz um composto grande de obras e do legado de Chagall, e traz tamb\u00e9m muita poesia\u201d, disse Claudio Mattos, gerente geral do CCBB-SP.<\/p>\n<p>\u201cTemos trazido aos projetos do CCBB atividades paralelas \u00e0s mostras que amplificam essa experi\u00eancia. Nessa exposi\u00e7\u00e3o do Chagall vamos ter uma oficina de cart\u00f5es postais, onde as pessoas poder\u00e3o escrever cartas de amor e mandar pelos Correios. E vamos ter violinistas fazendo performances pelo pr\u00e9dio em alguns dias ao longo da exposi\u00e7\u00e3o\u201d, acrescentou.<\/p>\n<p>A mostra \u00e9 gratuita. Mais informa\u00e7\u00f5es sobre o evento e sobre os ingressos podem ser obtidas no <a href=\"https:\/\/ccbb.com.br\/sao-paulo\/programacao\/marc-chagall-sonho-de-amor\/\" target=\"_blank\" rel=\"noopener\">site do CCBB<\/a>.<\/p>\n<p class=\"alt-font font-italic my-2 small text-info\">\n                                                Edi\u00e7\u00e3o:   Kleber Sampaio                    <\/p>\n<p>            <!-- blog End --><\/p>\n<p>            <!-- tag and share --><\/p>\n<p> Fonte: EBC <\/p>\n<\/div>\n<\/div>\n<input type=\"hidden\" id=\"baseurl\" value=\"https:\/\/noticiasdestaque.com.br\"><input type=\"hidden\" id=\"audio_nonce\" value=\"eb7638fb71\">","protected":false},"excerpt":{"rendered":"<p>Mostra fica em cartaz at\u00e9 22 de maio<\/p>\n","protected":false},"author":1,"featured_media":5081,"comment_status":"open","ping_status":"open","sticky":false,"template":"","format":"standard","meta":{"fifu_image_url":"","fifu_image_alt":"","footnotes":""},"categories":[52],"tags":[],"class_list":["post-5080","post","type-post","status-publish","format-standard","has-post-thumbnail","hentry","category-entretenimento"],"distributor_meta":false,"distributor_terms":false,"distributor_media":false,"distributor_original_site_name":"Portal de Recupera\u00e7\u00e3o","distributor_original_site_url":"https:\/\/portalderecuperacao.com","push-errors":false,"_links":{"self":[{"href":"https:\/\/noticiasdestaque.com.br\/index.php\/wp-json\/wp\/v2\/posts\/5080","targetHints":{"allow":["GET"]}}],"collection":[{"href":"https:\/\/noticiasdestaque.com.br\/index.php\/wp-json\/wp\/v2\/posts"}],"about":[{"href":"https:\/\/noticiasdestaque.com.br\/index.php\/wp-json\/wp\/v2\/types\/post"}],"author":[{"embeddable":true,"href":"https:\/\/noticiasdestaque.com.br\/index.php\/wp-json\/wp\/v2\/users\/1"}],"replies":[{"embeddable":true,"href":"https:\/\/noticiasdestaque.com.br\/index.php\/wp-json\/wp\/v2\/comments?post=5080"}],"version-history":[{"count":0,"href":"https:\/\/noticiasdestaque.com.br\/index.php\/wp-json\/wp\/v2\/posts\/5080\/revisions"}],"wp:featuredmedia":[{"embeddable":true,"href":"https:\/\/noticiasdestaque.com.br\/index.php\/wp-json\/wp\/v2\/media\/5081"}],"wp:attachment":[{"href":"https:\/\/noticiasdestaque.com.br\/index.php\/wp-json\/wp\/v2\/media?parent=5080"}],"wp:term":[{"taxonomy":"category","embeddable":true,"href":"https:\/\/noticiasdestaque.com.br\/index.php\/wp-json\/wp\/v2\/categories?post=5080"},{"taxonomy":"post_tag","embeddable":true,"href":"https:\/\/noticiasdestaque.com.br\/index.php\/wp-json\/wp\/v2\/tags?post=5080"}],"curies":[{"name":"wp","href":"https:\/\/api.w.org\/{rel}","templated":true}]}}