{"id":50797,"date":"2026-03-15T18:20:00","date_gmt":"2026-03-15T21:20:00","guid":{"rendered":"https:\/\/noticiasdestaque.com.br\/index.php\/2026\/03\/15\/previsao-do-tempo-instabilidade-predomina-no-sudeste-nesta-segunda-feira-16\/"},"modified":"2026-03-15T18:20:00","modified_gmt":"2026-03-15T21:20:00","slug":"previsao-do-tempo-instabilidade-predomina-no-sudeste-nesta-segunda-feira-16","status":"publish","type":"post","link":"https:\/\/noticiasdestaque.com.br\/index.php\/2026\/03\/15\/previsao-do-tempo-instabilidade-predomina-no-sudeste-nesta-segunda-feira-16\/","title":{"rendered":"PREVIS\u00c3O DO TEMPO: Instabilidade predomina no Sudeste nesta segunda-feira (16)"},"content":{"rendered":"<p>\t\t\t\t\t\t\t\t\t\t\t<audio controls class=\"b61_audio_player\" data-noticia=\"88304\" src=\"https:\/\/brasil61.com\/rails\/active_storage\/blobs\/eyJfcmFpbHMiOnsibWVzc2FnZSI6IkJBaHBBeU1GQkE9PSIsImV4cCI6bnVsbCwicHVyIjoiYmxvYl9pZCJ9fQ==--bd7713333290894624b52c96740fcf6c414c828d\/PTSD264376A\"><\/audio><\/p>\n<p>\u00a0<\/p>\n<\/p>\n<p>A <strong>segunda-feira (16)<\/strong> ter\u00e1 tempo <strong>variado <\/strong>na <strong>Regi\u00e3o Sudeste<\/strong>.<\/p>\n<p>Em<strong> S\u00e3o Paulo<\/strong>,<strong> muitas nuvens com possibilidade de chuva isolada <\/strong>em Cardoso, Maced\u00f4nia e Pedran\u00f3polis, munic\u00edpios da Regi\u00e3o Noroeste do estado.<\/p>\n<p>Em <strong>Minas Gerais<\/strong>, a <strong>instabilidade <\/strong>atinge praticamente todo o territ\u00f3rio, desde Buritis e Una\u00ed, no Noroeste de Minas, at\u00e9 Rubim e \u00c1guas Formosas, no Vale do Mucuri.<\/p>\n<p>No<strong> Esp\u00edrito Santo<\/strong>, a previs\u00e3o \u00e9 de<strong> muitas nuvens com pancadas de chuva e trovoadas isoladas<\/strong> em Linhares e S\u00e3o Mateus, na Regi\u00e3o Norte capixaba.<\/p>\n<p>No <strong>Rio de Janeiro<\/strong>, Volta Redonda, no Sul Fluminense, e Vassouras, na Regi\u00e3o Centro-Sul, ter\u00e3o tempo claro com poucas nuvens. J\u00e1 S\u00e3o Fid\u00e9lis e S\u00e3o Francisco de Itabapoana, no Norte Fluminense, podem registrar chuva isolada.<\/p>\n<p>Entre as capitais, a temperatura m\u00ednima prevista \u00e9 de 16\u00b0C, em S\u00e3o Paulo. J\u00e1 a m\u00e1xima pode chegar at\u00e9 32\u00b0C, no Rio de Janeiro. A \u00a0umidade relativa do ar varia entre 45% e 100%.<\/p>\n<h2>5 motivos para acompanhar as previs\u00f5es do tempo<\/h2>\n<ul>\n<li>Agricultura: garantia de uma boa colheita;<\/li>\n<li>Marinha: prote\u00e7\u00e3o de marinheiros, navios e passageiros;<\/li>\n<li>Aeron\u00e1utica: seguran\u00e7a de pilotos, aeronaves e passageiros;<\/li>\n<li>Pesca: condi\u00e7\u00f5es favor\u00e1veis e seguras para a atividade;<\/li>\n<li>Turismo: garantia de passeios e viagens tranquilas e agrad\u00e1veis.<\/li>\n<\/ul>\n<h2>Import\u00e2ncia das observa\u00e7\u00f5es meteorol\u00f3gicas no INMET<\/h2>\n<p>As observa\u00e7\u00f5es meteorol\u00f3gicas do <a href=\"https:\/\/portal.inmet.gov.br\/\">INMET<\/a> s\u00e3o essenciais para previs\u00f5es em tempo real, estat\u00edsticas clim\u00e1ticas e coopera\u00e7\u00e3o internacional. Esses dados precisos ajudam a estudar o clima passado e a produzir Normais Climatol\u00f3gicas conforme a <strong>Organiza\u00e7\u00e3o Meteorol\u00f3gica Mundial <\/strong>(<a href=\"https:\/\/worldweather.wmo.int\/pt\/home.html\">OMM<\/a>).<\/p>\n<p>As informa\u00e7\u00f5es s\u00e3o do<strong> Instituto Nacional de Meteorologia<\/strong> (<a href=\"https:\/\/portal.inmet.gov.br\/\">Inmet<\/a>).<br \/>\n\u00a0<\/p>\n<p>\t\t\t\t\t\t\t\t\t\t<img loading=\"lazy\" decoding=\"async\" src=\"https:\/\/brasil61.com\/api\/v1\/serve_pixel\/17677\/88304\" alt=\"Pixel Brasil 61\" class=\"b61_pixel\" width=\"0\" height=\"0\"><\/p>\n<input type=\"hidden\" id=\"baseurl\" value=\"https:\/\/noticiasdestaque.com.br\"><input type=\"hidden\" id=\"audio_nonce\" value=\"eb7638fb71\">","protected":false},"excerpt":{"rendered":"<p>Em S\u00e3o Paulo, muitas nuvens com possibilidade de chuva isolada em Cardoso, Maced\u00f4nia e Pedran\u00f3polis, munic\u00edpios da Regi\u00e3o Noroeste do estado<\/p>\n","protected":false},"author":1,"featured_media":50798,"comment_status":"open","ping_status":"open","sticky":false,"template":"","format":"standard","meta":{"fifu_image_url":"","fifu_image_alt":"","footnotes":""},"categories":[58],"tags":[],"class_list":["post-50797","post","type-post","status-publish","format-standard","has-post-thumbnail","hentry","category-cotidiano"],"distributor_meta":false,"distributor_terms":false,"distributor_media":false,"distributor_original_site_name":"Noticias em Destaque","distributor_original_site_url":"https:\/\/noticiasdestaque.com.br","push-errors":false,"_links":{"self":[{"href":"https:\/\/noticiasdestaque.com.br\/index.php\/wp-json\/wp\/v2\/posts\/50797","targetHints":{"allow":["GET"]}}],"collection":[{"href":"https:\/\/noticiasdestaque.com.br\/index.php\/wp-json\/wp\/v2\/posts"}],"about":[{"href":"https:\/\/noticiasdestaque.com.br\/index.php\/wp-json\/wp\/v2\/types\/post"}],"author":[{"embeddable":true,"href":"https:\/\/noticiasdestaque.com.br\/index.php\/wp-json\/wp\/v2\/users\/1"}],"replies":[{"embeddable":true,"href":"https:\/\/noticiasdestaque.com.br\/index.php\/wp-json\/wp\/v2\/comments?post=50797"}],"version-history":[{"count":0,"href":"https:\/\/noticiasdestaque.com.br\/index.php\/wp-json\/wp\/v2\/posts\/50797\/revisions"}],"wp:featuredmedia":[{"embeddable":true,"href":"https:\/\/noticiasdestaque.com.br\/index.php\/wp-json\/wp\/v2\/media\/50798"}],"wp:attachment":[{"href":"https:\/\/noticiasdestaque.com.br\/index.php\/wp-json\/wp\/v2\/media?parent=50797"}],"wp:term":[{"taxonomy":"category","embeddable":true,"href":"https:\/\/noticiasdestaque.com.br\/index.php\/wp-json\/wp\/v2\/categories?post=50797"},{"taxonomy":"post_tag","embeddable":true,"href":"https:\/\/noticiasdestaque.com.br\/index.php\/wp-json\/wp\/v2\/tags?post=50797"}],"curies":[{"name":"wp","href":"https:\/\/api.w.org\/{rel}","templated":true}]}}