{"id":50791,"date":"2026-03-15T04:05:00","date_gmt":"2026-03-15T07:05:00","guid":{"rendered":"https:\/\/noticiasdestaque.com.br\/index.php\/2026\/03\/15\/mineracao-prazo-para-entrega-da-dief-cfem-vai-ate-26-de-marco\/"},"modified":"2026-03-15T23:37:10","modified_gmt":"2026-03-16T02:37:10","slug":"mineracao-prazo-para-entrega-da-dief-cfem-vai-ate-26-de-marco","status":"publish","type":"post","link":"https:\/\/noticiasdestaque.com.br\/index.php\/2026\/03\/15\/mineracao-prazo-para-entrega-da-dief-cfem-vai-ate-26-de-marco\/","title":{"rendered":"Minera\u00e7\u00e3o: prazo para entrega da DIEF-CFEM vai at\u00e9 26 de mar\u00e7o"},"content":{"rendered":"<p>\t\t\t\t\t\t\t\t\t\t<audio controls class=\"b61_audio_player\" data-noticia=\"88312\" src=\"https:\/\/brasil61.com\/rails\/active_storage\/blobs\/eyJfcmFpbHMiOnsibWVzc2FnZSI6IkJBaHBBMWNGQkE9PSIsImV4cCI6bnVsbCwicHVyIjoiYmxvYl9pZCJ9fQ==--ef86f91f30d09c7d87177b3937e356d93927b8b6\/BRAS2616051A\"><\/audio><\/p>\n<p>Mineradores e titulares de direitos miner\u00e1rios devem ficar atentos ao prazo para envio da Declara\u00e7\u00e3o de Informa\u00e7\u00f5es Econ\u00f4mico-Fiscais da Compensa\u00e7\u00e3o Financeira pela Explora\u00e7\u00e3o Mineral (DIEF-CFEM), que se encerra no dia 26 de mar\u00e7o, por meio da Plataforma de Gest\u00e3o de Recursos Minerais (PGRM).<\/p>\n<p>A DIEF-CFEM \u00e9 uma obriga\u00e7\u00e3o acess\u00f3ria de car\u00e1ter obrigat\u00f3rio que apresenta os dados econ\u00f4mico-fiscais utilizados na apura\u00e7\u00e3o da Compensa\u00e7\u00e3o Financeira pela Explora\u00e7\u00e3o Mineral (CFEM). O documento substitui a antiga Ficha de Registro de Apura\u00e7\u00e3o e re\u00fane as informa\u00e7\u00f5es necess\u00e1rias para o c\u00e1lculo dos royalties da atividade mineral.<\/p>\n<p>De acordo com a Resolu\u00e7\u00e3o ANM n\u00ba 156\/2024, a declara\u00e7\u00e3o deve ser enviada at\u00e9 o dia 26 do segundo m\u00eas subsequente \u00e0 ocorr\u00eancia do fato gerador. Caso essa data coincida com s\u00e1bado, domingo ou feriado, o prazo \u00e9 automaticamente prorrogado para o primeiro dia \u00fatil seguinte.<\/p>\n<p>Excepcionalmente, para os per\u00edodos de janeiro a outubro de 2025, o prazo de envio foi estendido at\u00e9 31 de dezembro de 2025.<\/p>\n<h2>Prazos por refer\u00eancia<\/h2>\n<ul>\n<li>Refer\u00eancia janeiro: entrega at\u00e9 26 de mar\u00e7o<\/li>\n<li>Refer\u00eancia fevereiro: entrega at\u00e9 26 de abril<\/li>\n<\/ul>\n<h2>Quem deve declarar<\/h2>\n<p>A obriga\u00e7\u00e3o alcan\u00e7a os titulares de direitos miner\u00e1rios que desenvolvem atividades de minera\u00e7\u00e3o nos seguintes regimes:<\/p>\n<ul>\n<li>Concess\u00e3o de lavra (Portaria de Lavra)<\/li>\n<li>Licenciamento (Registro de Licen\u00e7a)<\/li>\n<li>Permiss\u00e3o de Lavra Garimpeira (PLG)<\/li>\n<li>Guia de Utiliza\u00e7\u00e3o autorizada<\/li>\n<\/ul>\n<p>Tamb\u00e9m est\u00e3o sujeitos \u00e0 declara\u00e7\u00e3o arrendat\u00e1rios, primeiros adquirentes de PLG e arrematantes em hasta p\u00fablica. O envio da DIEF-CFEM deve ocorrer mensalmente, inclusive quando n\u00e3o houver movimenta\u00e7\u00e3o no per\u00edodo, situa\u00e7\u00e3o em que a declara\u00e7\u00e3o dever\u00e1 ser apresentada como \u201csem movimenta\u00e7\u00e3o\u201d.<\/p>\n<p><strong>VEJA MAIS:<\/strong><\/p>\n<ul>\n<li><a href=\"https:\/\/brasil61.com\/n\/isencao-ampliada-do-imposto-de-renda-pode-reduzir-receita-de-aproximadamente-1-7-mil-municipios-bras2616041\" target=\"_blank\">Isen\u00e7\u00e3o ampliada do Imposto de Renda pode reduzir receita de aproximadamente 1,7 mil munic\u00edpios<\/a><\/li>\n<li><a href=\"https:\/\/brasil61.com\/n\/reducao-da-jornada-de-trabalho-deve-considerar-desafios-economicos-diz-cni-pind264720\" target=\"_blank\">Redu\u00e7\u00e3o da jornada de trabalho deve considerar desafios econ\u00f4micos, diz CNI<\/a><\/li>\n<\/ul>\n<p>Nos casos de t\u00edtulos miner\u00e1rios vencidos que ainda possuam estoque de min\u00e9rio lavrado, a obriga\u00e7\u00e3o de declarar permanece mensalmente at\u00e9 que o estoque seja totalmente esgotado.<\/p>\n<h2>Penalidades e fiscaliza\u00e7\u00e3o<\/h2>\n<p>A n\u00e3o apresenta\u00e7\u00e3o ou envio fora do prazo da DIEF-CFEM caracteriza infra\u00e7\u00e3o administrativa e pode resultar em multa aplicada para cada processo miner\u00e1rio.<\/p>\n<p>Al\u00e9m disso, a declara\u00e7\u00e3o enviada \u00e9 considerada confiss\u00e3o de d\u00edvida e constitui instrumento v\u00e1lido para a cobran\u00e7a de cr\u00e9ditos relacionados \u00e0 CFEM.<\/p>\n<p>As informa\u00e7\u00f5es declaradas podem ser verificadas a qualquer momento pela Ag\u00eancia Nacional de Minera\u00e7\u00e3o (ANM) e ser\u00e3o confrontadas com dados fiscais, cont\u00e1beis e com o conte\u00fado digital das Notas Fiscais Eletr\u00f4nicas (NF-e).<\/p>\n<p>Desde 1\u00ba de julho de 2024, tornou-se obrigat\u00f3rio autorizar o acesso da ANM \u00e0s NF-e mediante a inclus\u00e3o do CNPJ 29.406.625\/0001-30 na tag \u201cautXML\u201d do arquivo XML das notas fiscais.<\/p>\n<h2>Acesso ao sistema<\/h2>\n<p>A transmiss\u00e3o da declara\u00e7\u00e3o deve ser realizada exclusivamente pelo sistema eletr\u00f4nico da PGRM. Para acessar a plataforma, \u00e9 necess\u00e1rio utilizar uma conta gov.br com n\u00edvel de confiabilidade Prata ou Ouro.<\/p>\n<p><a href=\"https:\/\/pgrm.serpro.gov.br\/dief\/\" target=\"_blank\">Clique aqui para acessar o sistema DIEF-CFEM<\/a>\u00a0<\/p>\n<p><a href=\"https:\/\/pgrm.serpro.gov.br\/\" target=\"_blank\">Clique aqui para consultar manuais e guias na PGRM<\/a><\/p>\n<p>A CFEM \u00e9 a Compensa\u00e7\u00e3o Financeira pela Explora\u00e7\u00e3o de Recursos Minerais, institu\u00edda pela Constitui\u00e7\u00e3o Federal de 1988 como uma contrapartida financeira paga pelas empresas mineradoras aos estados, ao Distrito Federal e aos munic\u00edpios pela explora\u00e7\u00e3o econ\u00f4mica dos recursos minerais em seus territ\u00f3rios.\u00a0<\/p>\n<p>\t\t\t\t\t\t\t\t\t<img loading=\"lazy\" decoding=\"async\" src=\"https:\/\/brasil61.com\/api\/v1\/serve_pixel\/17677\/88312\" alt=\"Pixel Brasil 61\" class=\"b61_pixel\" width=\"0\" height=\"0\"><\/p>\n<input type=\"hidden\" id=\"baseurl\" value=\"https:\/\/noticiasdestaque.com.br\"><input type=\"hidden\" id=\"audio_nonce\" value=\"eb7638fb71\">","protected":false},"excerpt":{"rendered":"<p>A declara\u00e7\u00e3o \u00e9 uma obriga\u00e7\u00e3o acess\u00f3ria de car\u00e1ter obrigat\u00f3rio que apresenta os dados econ\u00f4mico-fiscais utilizados na apura\u00e7\u00e3o da Compensa\u00e7\u00e3o Financeira pela Explora\u00e7\u00e3o Mineral <\/p>\n","protected":false},"author":1,"featured_media":50804,"comment_status":"open","ping_status":"open","sticky":false,"template":"","format":"standard","meta":{"fifu_image_url":"","fifu_image_alt":"","footnotes":""},"categories":[48],"tags":[],"class_list":["post-50791","post","type-post","status-publish","format-standard","has-post-thumbnail","hentry","category-mundo"],"distributor_meta":false,"distributor_terms":false,"distributor_media":false,"distributor_original_site_name":"Noticias em Destaque","distributor_original_site_url":"https:\/\/noticiasdestaque.com.br","push-errors":false,"_links":{"self":[{"href":"https:\/\/noticiasdestaque.com.br\/index.php\/wp-json\/wp\/v2\/posts\/50791","targetHints":{"allow":["GET"]}}],"collection":[{"href":"https:\/\/noticiasdestaque.com.br\/index.php\/wp-json\/wp\/v2\/posts"}],"about":[{"href":"https:\/\/noticiasdestaque.com.br\/index.php\/wp-json\/wp\/v2\/types\/post"}],"author":[{"embeddable":true,"href":"https:\/\/noticiasdestaque.com.br\/index.php\/wp-json\/wp\/v2\/users\/1"}],"replies":[{"embeddable":true,"href":"https:\/\/noticiasdestaque.com.br\/index.php\/wp-json\/wp\/v2\/comments?post=50791"}],"version-history":[{"count":1,"href":"https:\/\/noticiasdestaque.com.br\/index.php\/wp-json\/wp\/v2\/posts\/50791\/revisions"}],"predecessor-version":[{"id":50803,"href":"https:\/\/noticiasdestaque.com.br\/index.php\/wp-json\/wp\/v2\/posts\/50791\/revisions\/50803"}],"wp:featuredmedia":[{"embeddable":true,"href":"https:\/\/noticiasdestaque.com.br\/index.php\/wp-json\/wp\/v2\/media\/50804"}],"wp:attachment":[{"href":"https:\/\/noticiasdestaque.com.br\/index.php\/wp-json\/wp\/v2\/media?parent=50791"}],"wp:term":[{"taxonomy":"category","embeddable":true,"href":"https:\/\/noticiasdestaque.com.br\/index.php\/wp-json\/wp\/v2\/categories?post=50791"},{"taxonomy":"post_tag","embeddable":true,"href":"https:\/\/noticiasdestaque.com.br\/index.php\/wp-json\/wp\/v2\/tags?post=50791"}],"curies":[{"name":"wp","href":"https:\/\/api.w.org\/{rel}","templated":true}]}}