{"id":50773,"date":"2026-03-14T04:00:00","date_gmt":"2026-03-14T07:00:00","guid":{"rendered":"https:\/\/noticiasdestaque.com.br\/index.php\/2026\/03\/14\/brasil-registra-primeiro-caso-de-sarampo-em-2026\/"},"modified":"2026-03-14T04:00:00","modified_gmt":"2026-03-14T07:00:00","slug":"brasil-registra-primeiro-caso-de-sarampo-em-2026","status":"publish","type":"post","link":"https:\/\/noticiasdestaque.com.br\/index.php\/2026\/03\/14\/brasil-registra-primeiro-caso-de-sarampo-em-2026\/","title":{"rendered":"Brasil registra primeiro caso de sarampo em 2026"},"content":{"rendered":"<p>\t\t\t\t\t\t\t\t\t\t\t<audio controls class=\"b61_audio_player\" data-noticia=\"88323\" src=\"https:\/\/brasil61.com\/rails\/active_storage\/blobs\/eyJfcmFpbHMiOnsibWVzc2FnZSI6IkJBaHBBMDRGQkE9PSIsImV4cCI6bnVsbCwicHVyIjoiYmxvYl9pZCJ9fQ==--7022c4ba3295c63320de47fb431520f26ccec911\/BRAS2616052A\"><\/audio><\/p>\n<p>O Minist\u00e9rio da Sa\u00fade (<a href=\"https:\/\/www.gov.br\/saude\/pt-br\">MS<\/a>) confirmou o<strong> primeiro caso de <a href=\"https:\/\/www.gov.br\/saude\/pt-br\/assuntos\/saude-de-a-a-z\/s\/sarampo\">sarampo<\/a><\/strong> no Brasil neste ano. Trata-se de uma ocorr\u00eancia importada (contra\u00edda no exterior) e a\u00a0paciente \u00e9 uma beb\u00ea de seis meses, residente em S\u00e3o Paulo (<a href=\"https:\/\/brasil61.com\/noticias\/tag\/sao-paulo\">SP<\/a>), sem hist\u00f3rico de vacina\u00e7\u00e3o contra a doen\u00e7a.<\/p>\n<p>Segundo a pasta, a crian\u00e7a viajou para a Bol\u00edvia \u2014 pa\u00eds que enfrenta surto de sarampo desde 2025 \u2014 entre 25 de dezembro e 25 de janeiro. No dia 8 de fevereiro, <strong>apresentou febre e manchas na pele<\/strong>. A confirma\u00e7\u00e3o laboratorial saiu em 4 de mar\u00e7o.<\/p>\n<h2>Situa\u00e7\u00e3o epidemiol\u00f3gica<\/h2>\n<p>Em fevereiro deste ano, a Organiza\u00e7\u00e3o Pan-Americana da Sa\u00fade (<a href=\"https:\/\/www.paho.org\/pt\">OPAS<\/a>), vinculada \u00e0 Organiza\u00e7\u00e3o Mundial da Sa\u00fade (<a href=\"https:\/\/www.who.int\/pt\/about\">OMS<\/a>), emitiu <strong>alerta para o aumento expressivo de casos de sarampo nas Am\u00e9ricas<\/strong>. Ap\u00f3s cinco anos de baixa circula\u00e7\u00e3o, o v\u00edrus voltou a provocar surtos em diversos pa\u00edses em 2025, tend\u00eancia que, segundo a entidade, se mant\u00e9m no in\u00edcio de 2026.<\/p>\n<p>Apesar do cen\u00e1rio regional, o<strong> Brasil segue livre da circula\u00e7\u00e3o end\u00eamica do v\u00edrus<\/strong>, conforme reconhecimento da OPAS. Em 2025, foram <strong>confirmados 38 casos no pa\u00eds<\/strong>, distribu\u00eddos entre o Distrito Federal (1) e em seis estados:\u00a0<\/p>\n<ul>\n<li>Maranh\u00e3o (1);<\/li>\n<li>Mato Grosso (6);<\/li>\n<li>Rio de Janeiro (2);<\/li>\n<li>S\u00e3o Paulo (2);<\/li>\n<li>Rio Grande do Sul (1); e\u00a0<\/li>\n<li>Tocantins (25).\u00a0<\/li>\n<\/ul>\n<p>Do total, dez casos foram importados, 25 relacionados \u00e0 importa\u00e7\u00e3o e tr\u00eas de origem indefinida. Em rela\u00e7\u00e3o ao hist\u00f3rico vacinal, a maioria (<strong>94,7%<\/strong>) ocorreu em pessoas n\u00e3o vacinadas ou com situa\u00e7\u00e3o vacinal desconhecida.<\/p>\n<h2>Quais os sintomas e como se proteger do sarampo?<\/h2>\n<p>O <strong>sarampo <\/strong>\u00e9 uma doen\u00e7a infecciosa <strong>altamente transmiss\u00edvel<\/strong>. Os principais sintomas incluem <strong>febre alta (acima de 38,5 \u00b0C) e manchas vermelhas na pele<\/strong>, acompanhadas de tosse seca, conjuntivite, coriza e mal-estar intenso.<\/p>\n<p>Segundo a OMS, a<strong> vacina\u00e7\u00e3o \u00e9 a medida mais eficaz para prevenir o sarampo<\/strong>. No Brasil, a popula\u00e7\u00e3o de 12 meses a 59 anos t\u00eam indica\u00e7\u00e3o para se vacinar. Adolescentes e adultos n\u00e3o vacinados ou com esquema incompleto devem iniciar ou completar a prote\u00e7\u00e3o conforme o Calend\u00e1rio Nacional de Vacina\u00e7\u00e3o.<\/p>\n<p>O Sistema \u00danico de Sa\u00fade (<a href=\"https:\/\/www.gov.br\/saude\/pt-br\/sus\">SUS<\/a>) disponibiliza gratuitamente duas vacinas: a tr\u00edplice viral, que protege contra sarampo, caxumba e rub\u00e9ola, e a tetraviral, que inclui tamb\u00e9m a varicela.<\/p>\n<p><strong>VEJA MAIS:<\/strong><\/p>\n<ul>\n<li><a href=\"https:\/\/brasil61.com\/n\/oms-alerta-para-aumento-expressivo-de-casos-de-sarampo-nas-americas-bras2615795\">OMS alerta para aumento expressivo de casos de sarampo nas Am\u00e9ricas<\/a><\/li>\n<li><a href=\"https:\/\/brasil61.com\/n\/brasil-reforca-vacinacao-para-manter-pais-livre-do-sarampo-vaci250322\">Brasil refor\u00e7a vacina\u00e7\u00e3o para manter pa\u00eds livre do sarampo<\/a><\/li>\n<\/ul>\n<p>\t\t\t\t\t\t\t\t\t\t<img loading=\"lazy\" decoding=\"async\" src=\"https:\/\/brasil61.com\/api\/v1\/serve_pixel\/17677\/88323\" alt=\"Pixel Brasil 61\" class=\"b61_pixel\" width=\"0\" height=\"0\"><\/p>\n<input type=\"hidden\" id=\"baseurl\" value=\"https:\/\/noticiasdestaque.com.br\"><input type=\"hidden\" id=\"audio_nonce\" value=\"581f3017e1\">","protected":false},"excerpt":{"rendered":"<p>Minist\u00e9rio da Sa\u00fade confirma infec\u00e7\u00e3o importada em beb\u00ea de seis meses ap\u00f3s viagem \u00e0 Bol\u00edvia<\/p>\n","protected":false},"author":1,"featured_media":50774,"comment_status":"open","ping_status":"open","sticky":false,"template":"","format":"standard","meta":{"fifu_image_url":"","fifu_image_alt":"","footnotes":""},"categories":[51],"tags":[],"class_list":["post-50773","post","type-post","status-publish","format-standard","has-post-thumbnail","hentry","category-saude"],"distributor_meta":false,"distributor_terms":false,"distributor_media":false,"distributor_original_site_name":"Noticias em Destaque","distributor_original_site_url":"https:\/\/noticiasdestaque.com.br","push-errors":false,"_links":{"self":[{"href":"https:\/\/noticiasdestaque.com.br\/index.php\/wp-json\/wp\/v2\/posts\/50773","targetHints":{"allow":["GET"]}}],"collection":[{"href":"https:\/\/noticiasdestaque.com.br\/index.php\/wp-json\/wp\/v2\/posts"}],"about":[{"href":"https:\/\/noticiasdestaque.com.br\/index.php\/wp-json\/wp\/v2\/types\/post"}],"author":[{"embeddable":true,"href":"https:\/\/noticiasdestaque.com.br\/index.php\/wp-json\/wp\/v2\/users\/1"}],"replies":[{"embeddable":true,"href":"https:\/\/noticiasdestaque.com.br\/index.php\/wp-json\/wp\/v2\/comments?post=50773"}],"version-history":[{"count":0,"href":"https:\/\/noticiasdestaque.com.br\/index.php\/wp-json\/wp\/v2\/posts\/50773\/revisions"}],"wp:featuredmedia":[{"embeddable":true,"href":"https:\/\/noticiasdestaque.com.br\/index.php\/wp-json\/wp\/v2\/media\/50774"}],"wp:attachment":[{"href":"https:\/\/noticiasdestaque.com.br\/index.php\/wp-json\/wp\/v2\/media?parent=50773"}],"wp:term":[{"taxonomy":"category","embeddable":true,"href":"https:\/\/noticiasdestaque.com.br\/index.php\/wp-json\/wp\/v2\/categories?post=50773"},{"taxonomy":"post_tag","embeddable":true,"href":"https:\/\/noticiasdestaque.com.br\/index.php\/wp-json\/wp\/v2\/tags?post=50773"}],"curies":[{"name":"wp","href":"https:\/\/api.w.org\/{rel}","templated":true}]}}