{"id":50763,"date":"2026-03-13T15:00:00","date_gmt":"2026-03-13T18:00:00","guid":{"rendered":"https:\/\/noticiasdestaque.com.br\/index.php\/2026\/03\/13\/apexbrasil-reforca-iniciativas-para-ampliar-participacao-feminina-no-comercio-exterior\/"},"modified":"2026-03-14T00:08:19","modified_gmt":"2026-03-14T03:08:19","slug":"apexbrasil-reforca-iniciativas-para-ampliar-participacao-feminina-no-comercio-exterior","status":"publish","type":"post","link":"https:\/\/noticiasdestaque.com.br\/index.php\/2026\/03\/13\/apexbrasil-reforca-iniciativas-para-ampliar-participacao-feminina-no-comercio-exterior\/","title":{"rendered":"ApexBrasil refor\u00e7a iniciativas para ampliar participa\u00e7\u00e3o feminina no com\u00e9rcio exterior"},"content":{"rendered":"<p>\t\t\t\t\t\t\t\t\t\t<audio controls class=\"b61_audio_player\" data-noticia=\"88292\" src=\"https:\/\/brasil61.com\/rails\/active_storage\/blobs\/eyJfcmFpbHMiOnsibWVzc2FnZSI6IkJBaHBBNVVFQkE9PSIsImV4cCI6bnVsbCwicHVyIjoiYmxvYl9pZCJ9fQ==--404c241a3d0bbebe4e971b92f119005e96c5163f\/APEX260112A\"><\/audio><\/p>\n<p><strong>A Ag\u00eancia Brasileira de Promo\u00e7\u00e3o de Exporta\u00e7\u00f5es e Investimentos <a href=\"https:\/\/apexbrasil.com.br\/\" target=\"_blank\">(ApexBrasil)<\/a> avan\u00e7ou na defini\u00e7\u00e3o de a\u00e7\u00f5es voltadas ao fortalecimento do empreendedorismo feminino no com\u00e9rcio exterior. <\/strong>Como parte desse esfor\u00e7o, o Programa Mulheres e Neg\u00f3cios Internacionais (MNI) realizou uma oficina estrat\u00e9gica para consolidar o plano de a\u00e7\u00e3o dos ciclos de 2026 e 2027.<\/p>\n<p><strong>Durante o encontro, participantes discutiram propostas de iniciativas alinhadas aos objetivos do programa, considerando a continuidade de a\u00e7\u00f5es j\u00e1 em andamento e a cria\u00e7\u00e3o de novas frentes de atua\u00e7\u00e3o.<\/strong> As sugest\u00f5es foram analisadas com base em crit\u00e9rios de impacto e viabilidade, com o objetivo de definir prioridades e garantir a execu\u00e7\u00e3o das iniciativas dentro da capacidade operacional do programa.<\/p>\n<p>A atividade tamb\u00e9m incluiu uma etapa de valida\u00e7\u00e3o colaborativa entre os grupos, que sugeriram ajustes e identificaram poss\u00edveis lacunas. Os insumos gerados ir\u00e3o subsidiar a vers\u00e3o final do plano de a\u00e7\u00e3o do MNI, fortalecendo a governan\u00e7a e o alinhamento entre estrat\u00e9gia e execu\u00e7\u00e3o.<\/p>\n<p><strong>Vale destacar que, nos dias 19 e 20 de mar\u00e7o, a <a href=\"https:\/\/brasil61.com\/n\/apexbrasil-anuncia-plano-de-acao-2026-2031-durante-celebracao-de-tres-anos-do-programa-mulheres-e-negocios-internacionais-apex260108\" target=\"_blank\">ApexBrasil realizar\u00e1 o Encontro Mulheres e Neg\u00f3cios Internacionais: inser\u00e7\u00e3o, empoderamento e impacto<\/a>. O evento ser\u00e1 na sede da Ag\u00eancia, em Bras\u00edlia (DF), e reunir\u00e1 empres\u00e1rias, lideran\u00e7as institucionais e parceiros para marcar os tr\u00eas anos do Programa Mulheres e Neg\u00f3cios Internacionais. A iniciativa reafirma o compromisso da ApexBrasil com a amplia\u00e7\u00e3o da presen\u00e7a feminina no com\u00e9rcio exterior.<\/strong><\/p>\n<p>Segundo a diretora de Neg\u00f3cios da Ag\u00eancia, Ana Repezza, o momento tamb\u00e9m vai celebrar tr\u00eas anos de atua\u00e7\u00e3o da iniciativa. \u201cNesses tr\u00eas anos, a gente j\u00e1 atendeu mais de 7 mil empresas lideradas por mulheres e a grande maioria delas, cerca de 61%, s\u00e3o empresas de micro, pequeno ou m\u00e9dio porte\u201d, destacou.<\/p>\n<p>\u201cEsse \u00e9 um programa que n\u00f3s criamos em 2023 pensando em incluir ainda mais mulheres no esfor\u00e7o exportador, no com\u00e9rcio exterior e fazer com que elas tenham maior empoderamento, maior liberdade nas suas decis\u00f5es e, obviamente, que isso contribua para o desenvolvimento do pa\u00eds, com mais gera\u00e7\u00e3o de emprego, gera\u00e7\u00e3o de renda, especialmente entre as minorias\u201d, complementou.<\/p>\n<h2>Amplia\u00e7\u00e3o da presen\u00e7a feminina em diferentes setores<\/h2>\n<p>As a\u00e7\u00f5es do programa ganham ainda mais relev\u00e2ncia no contexto do Dia Internacional da Mulher, celebrado em 8 de mar\u00e7o. A data refor\u00e7a a import\u00e2ncia de ampliar oportunidades e fortalecer a presen\u00e7a feminina em diferentes setores, incluindo o com\u00e9rcio exterior, historicamente marcado pela predomin\u00e2ncia masculina.<\/p>\n<p><strong>VEJA MAIS:\u00a0<\/strong><\/p>\n<ul>\n<li><a href=\"https:\/\/brasil61.com\/n\/forum-brasil-africa-do-sul-reforca-cooperacao-economica-entre-os-dois-paises-e-destaca-potencial-do-comercio-bilateral-apex260111.amp\" target=\"_blank\">F\u00f3rum Brasil\u2013\u00c1frica do Sul refor\u00e7a coopera\u00e7\u00e3o econ\u00f4mica entre os dois pa\u00edses e destaca potencial do com\u00e9rcio bilateral<\/a><\/li>\n<li><a href=\"https:\/\/brasil61.com\/n\/brasil-busca-investimentos-para-minerais-criticos-em-evento-global-no-canada-apex260110\" target=\"_blank\">Brasil busca investimentos para minerais cr\u00edticos em evento global no Canad\u00e1<\/a><\/li>\n<\/ul>\n<p>Entre as iniciativas da ApexBrasil voltadas ao tema est\u00e1 o Programa Mulheres e Neg\u00f3cios Internacionais, que incentiva e apoia a internacionaliza\u00e7\u00e3o de empresas lideradas por mulheres. O programa j\u00e1 foi reconhecido com o Pr\u00eamio de Boas Pr\u00e1ticas do Movimento Elas Lideram 2030, da Rede Brasil do Pacto Global da ONU, e no WTPO Awards 2024, premia\u00e7\u00e3o do International Trade Centre voltada a iniciativas que promovem inclus\u00e3o de g\u00eanero e desenvolvimento sustent\u00e1vel.<\/p>\n<p>\u201cAtualmente, mais de 7 mil empresas lideradas por mulheres recebem apoio da ApexBrasil, e os resultados demonstram a relev\u00e2ncia das iniciativas voltadas \u00e0 internacionaliza\u00e7\u00e3o de neg\u00f3cios\u201d, destacam Ana Claudia e Maira Pinto, respons\u00e1veis pelo projeto.<\/p>\n<h2>Elas Exportam<\/h2>\n<p><strong>Outra iniciativa \u00e9 o <a href=\"https:\/\/apexbrasil.com.br\/content\/apexbrasil_landingpages\/en\/elas-exportam.html\" target=\"_blank\">Elas Exportam<\/a>, programa de mentoria e capacita\u00e7\u00e3o que conecta empres\u00e1rias com experi\u00eancia em com\u00e9rcio exterior a empreendedoras interessadas em iniciar ou ampliar suas exporta\u00e7\u00f5es.<\/strong><\/p>\n<p>A iniciativa tamb\u00e9m recebeu reconhecimento internacional da Organiza\u00e7\u00e3o Mundial do Com\u00e9rcio com o Pr\u00eamio Igualdade de G\u00eanero no Com\u00e9rcio, na categoria Mulheres Empreendedoras.<\/p>\n<p>Para a coordena\u00e7\u00e3o de eventos nacionais e digitais da ApexBrasil, representada por Dea Alves, o avan\u00e7o da participa\u00e7\u00e3o feminina no setor \u00e9 percept\u00edvel.<\/p>\n<p>\u201cA mudan\u00e7a mais marcante \u00e9 o aumento da representatividade e o reconhecimento da capacidade t\u00e9cnica e de lideran\u00e7a das mulheres. Ainda h\u00e1 desafios, mas \u00e9 inspirador ver como estamos conquistando espa\u00e7o em um setor t\u00e3o din\u00e2mico e importante para o pa\u00eds\u201d, afirma.<\/p>\n<p>Com iniciativas de capacita\u00e7\u00e3o, mentoria e promo\u00e7\u00e3o comercial, a ApexBrasil busca ampliar a presen\u00e7a de mulheres no com\u00e9rcio exterior e contribuir para um ecossistema exportador mais diverso e inclusivo<br \/>\n\u00a0<\/p>\n<p>\t\t\t\t\t\t\t\t\t<img loading=\"lazy\" decoding=\"async\" src=\"https:\/\/brasil61.com\/api\/v1\/serve_pixel\/17677\/88292\" alt=\"Pixel Brasil 61\" class=\"b61_pixel\" width=\"0\" height=\"0\"><\/p>\n<input type=\"hidden\" id=\"baseurl\" value=\"https:\/\/noticiasdestaque.com.br\"><input type=\"hidden\" id=\"audio_nonce\" value=\"6a24ca502e\">","protected":false},"excerpt":{"rendered":"<p>Entre as a\u00e7\u00f5es organizadas pela Ag\u00eancia est\u00e1 o Programa Elas Exportam, que conecta empres\u00e1rias com experi\u00eancia em com\u00e9rcio exterior a empreendedoras interessadas em iniciar ou ampliar suas exporta\u00e7\u00f5es<\/p>\n","protected":false},"author":1,"featured_media":50772,"comment_status":"open","ping_status":"open","sticky":false,"template":"","format":"standard","meta":{"fifu_image_url":"","fifu_image_alt":"","footnotes":""},"categories":[59],"tags":[],"class_list":["post-50763","post","type-post","status-publish","format-standard","has-post-thumbnail","hentry","category-economia"],"distributor_meta":false,"distributor_terms":false,"distributor_media":false,"distributor_original_site_name":"Noticias em Destaque","distributor_original_site_url":"https:\/\/noticiasdestaque.com.br","push-errors":false,"_links":{"self":[{"href":"https:\/\/noticiasdestaque.com.br\/index.php\/wp-json\/wp\/v2\/posts\/50763","targetHints":{"allow":["GET"]}}],"collection":[{"href":"https:\/\/noticiasdestaque.com.br\/index.php\/wp-json\/wp\/v2\/posts"}],"about":[{"href":"https:\/\/noticiasdestaque.com.br\/index.php\/wp-json\/wp\/v2\/types\/post"}],"author":[{"embeddable":true,"href":"https:\/\/noticiasdestaque.com.br\/index.php\/wp-json\/wp\/v2\/users\/1"}],"replies":[{"embeddable":true,"href":"https:\/\/noticiasdestaque.com.br\/index.php\/wp-json\/wp\/v2\/comments?post=50763"}],"version-history":[{"count":1,"href":"https:\/\/noticiasdestaque.com.br\/index.php\/wp-json\/wp\/v2\/posts\/50763\/revisions"}],"predecessor-version":[{"id":50765,"href":"https:\/\/noticiasdestaque.com.br\/index.php\/wp-json\/wp\/v2\/posts\/50763\/revisions\/50765"}],"wp:featuredmedia":[{"embeddable":true,"href":"https:\/\/noticiasdestaque.com.br\/index.php\/wp-json\/wp\/v2\/media\/50772"}],"wp:attachment":[{"href":"https:\/\/noticiasdestaque.com.br\/index.php\/wp-json\/wp\/v2\/media?parent=50763"}],"wp:term":[{"taxonomy":"category","embeddable":true,"href":"https:\/\/noticiasdestaque.com.br\/index.php\/wp-json\/wp\/v2\/categories?post=50763"},{"taxonomy":"post_tag","embeddable":true,"href":"https:\/\/noticiasdestaque.com.br\/index.php\/wp-json\/wp\/v2\/tags?post=50763"}],"curies":[{"name":"wp","href":"https:\/\/api.w.org\/{rel}","templated":true}]}}