{"id":5076,"date":"2023-02-08T16:02:05","date_gmt":"2023-02-08T19:02:05","guid":{"rendered":"https:\/\/noticiasdestaque.com.br\/index.php\/2023\/02\/08\/petrobras-vai-analisar-propostas-do-governo-fluminense\/"},"modified":"2023-02-08T16:02:05","modified_gmt":"2023-02-08T19:02:05","slug":"petrobras-vai-analisar-propostas-do-governo-fluminense","status":"publish","type":"post","link":"https:\/\/noticiasdestaque.com.br\/index.php\/2023\/02\/08\/petrobras-vai-analisar-propostas-do-governo-fluminense\/","title":{"rendered":"Petrobras vai analisar propostas do governo fluminense"},"content":{"rendered":"<style> bloco.meta {font-style: italic; color: #666;font-weight: 600;font-size: .8em; \/* line-height: .3em; *\/}  text h2 { font-weight: 700 !important;  color: #062f46 !important;} text img { width: none; left: none;}<\/style>\n<\/p>\n<p>O presidente da Petrobras, Jean Paul Prates, e o governador fluminense, Cl\u00e1udio Castro, se reuniram hoje (7) no Pal\u00e1cio Laranjeiras, no munic\u00edpio do Rio de Janeiro. Durante o encontro, foram apresentadas propostas relacionadas a acordos e projetos entre a companhia e o governo estadual.<\/p>\n<p>Prates informou que vai analisar as propostas recebidas. \u201cFiz quest\u00e3o de encontrar o governador Cl\u00e1udio Castro nessa fase inicial de gest\u00e3o para j\u00e1 iniciarmos esse di\u00e1logo, que considero importante tanto para a Petrobras, como para o estado do Rio de Janeiro&#8221;, disse o presidente da Petrobras.<\/p>\n<p>Al\u00e9m da sede, situada na regi\u00e3o central da cidade, a companhia tem outros ativos estrat\u00e9gicos no estado do Rio de Janeiro, como os campos de petr\u00f3leo na bacia de Campos, a Refinaria Duque de Caxias (Reduc), o GasLub, em constru\u00e7\u00e3o, entre outras unidades.<\/p>\n<p>A reuni\u00e3o teve a participa\u00e7\u00e3o do secret\u00e1rio estadual de Fazenda do Rio de Janeiro, Leonardo Lobo, o subsecret\u00e1rio de Rela\u00e7\u00f5es Institucionais, Adilson Faria, e o procurador-geral do estado, Bruno Dubeux.<\/p>\n<p class=\"alt-font font-italic my-2 small text-info\">\n                                                Edi\u00e7\u00e3o:   F\u00e1bio Massalli                    <\/p>\n<p>            <!-- blog End --><\/p>\n<p>            <!-- tag and share --><\/p>\n<p> Fonte: EBC <\/p>\n<input type=\"hidden\" id=\"baseurl\" value=\"https:\/\/noticiasdestaque.com.br\"><input type=\"hidden\" id=\"audio_nonce\" value=\"eb7638fb71\">","protected":false},"excerpt":{"rendered":"<p>Estado tem ativos estrat\u00e9gicos da companhia<\/p>\n","protected":false},"author":1,"featured_media":5077,"comment_status":"open","ping_status":"open","sticky":false,"template":"","format":"standard","meta":{"fifu_image_url":"","fifu_image_alt":"","footnotes":""},"categories":[59],"tags":[],"class_list":["post-5076","post","type-post","status-publish","format-standard","has-post-thumbnail","hentry","category-economia"],"distributor_meta":false,"distributor_terms":false,"distributor_media":false,"distributor_original_site_name":"Portal de Recupera\u00e7\u00e3o","distributor_original_site_url":"https:\/\/portalderecuperacao.com","push-errors":false,"_links":{"self":[{"href":"https:\/\/noticiasdestaque.com.br\/index.php\/wp-json\/wp\/v2\/posts\/5076","targetHints":{"allow":["GET"]}}],"collection":[{"href":"https:\/\/noticiasdestaque.com.br\/index.php\/wp-json\/wp\/v2\/posts"}],"about":[{"href":"https:\/\/noticiasdestaque.com.br\/index.php\/wp-json\/wp\/v2\/types\/post"}],"author":[{"embeddable":true,"href":"https:\/\/noticiasdestaque.com.br\/index.php\/wp-json\/wp\/v2\/users\/1"}],"replies":[{"embeddable":true,"href":"https:\/\/noticiasdestaque.com.br\/index.php\/wp-json\/wp\/v2\/comments?post=5076"}],"version-history":[{"count":0,"href":"https:\/\/noticiasdestaque.com.br\/index.php\/wp-json\/wp\/v2\/posts\/5076\/revisions"}],"wp:featuredmedia":[{"embeddable":true,"href":"https:\/\/noticiasdestaque.com.br\/index.php\/wp-json\/wp\/v2\/media\/5077"}],"wp:attachment":[{"href":"https:\/\/noticiasdestaque.com.br\/index.php\/wp-json\/wp\/v2\/media?parent=5076"}],"wp:term":[{"taxonomy":"category","embeddable":true,"href":"https:\/\/noticiasdestaque.com.br\/index.php\/wp-json\/wp\/v2\/categories?post=5076"},{"taxonomy":"post_tag","embeddable":true,"href":"https:\/\/noticiasdestaque.com.br\/index.php\/wp-json\/wp\/v2\/tags?post=5076"}],"curies":[{"name":"wp","href":"https:\/\/api.w.org\/{rel}","templated":true}]}}