{"id":50759,"date":"2026-03-13T04:50:00","date_gmt":"2026-03-13T07:50:00","guid":{"rendered":"https:\/\/noticiasdestaque.com.br\/index.php\/2026\/03\/13\/reducao-da-jornada-de-trabalho-deve-considerar-desafios-economicos-diz-cni\/"},"modified":"2026-03-14T00:08:18","modified_gmt":"2026-03-14T03:08:18","slug":"reducao-da-jornada-de-trabalho-deve-considerar-desafios-economicos-diz-cni","status":"publish","type":"post","link":"https:\/\/noticiasdestaque.com.br\/index.php\/2026\/03\/13\/reducao-da-jornada-de-trabalho-deve-considerar-desafios-economicos-diz-cni\/","title":{"rendered":"Redu\u00e7\u00e3o da jornada de trabalho deve considerar desafios econ\u00f4micos, diz CNI"},"content":{"rendered":"<p>\t\t\t\t\t\t\t\t\t\t<audio controls class=\"b61_audio_player\" data-noticia=\"88295\" src=\"https:\/\/brasil61.com\/rails\/active_storage\/blobs\/eyJfcmFpbHMiOnsibWVzc2FnZSI6IkJBaHBBNWdFQkE9PSIsImV4cCI6bnVsbCwicHVyIjoiYmxvYl9pZCJ9fQ==--9be7fa41acd1d37365272132bef534f89b35f1e6\/PIND264720A\"><\/audio><\/p>\n<p>O presidente da <a href=\"https:\/\/cni.portaldaindustria.com.br\/\" target=\"_blank\">Confedera\u00e7\u00e3o Nacional da Ind\u00fastria (CNI)<\/a>, <strong>Ricardo Alban<\/strong>, afirma que debates sobre mudan\u00e7as estruturais \u2014 como a redu\u00e7\u00e3o da jornada de trabalho \u2014 precisam considerar os principais desafios para o crescimento econ\u00f4mico do pa\u00eds, como <strong>a produtividade estagnada, os juros elevados, o aumento do endividamento e o peso do Custo Brasil<\/strong>.<\/p>\n<p>Segundo ele, discuss\u00f5es desse tipo devem ser amadurecidas e n\u00e3o devem ocorrer de forma precipitada, especialmente em ano eleitoral.<\/p>\n<p>\u201c<strong>O Brasil cresceu sua produtividade 0,5 ponto percentual ao ano de 1981 a 2023<\/strong>. A ind\u00fastria decresceu 0,3%. \u00c9 \u00f3bvio que o acesso \u00e0 introdu\u00e7\u00e3o de novas tecnologias e \u00e0 inova\u00e7\u00e3o, como a intelig\u00eancia artificial, permite um ganho de produtividade, mas n\u00f3s estamos atrasados\u201d, ressalta.<\/p>\n<h2>Custo Brasil<\/h2>\n<p>Entre os principais obst\u00e1culos ao crescimento econ\u00f4mico, Alban destaca o chamado <strong>Custo Brasil \u2014 conjunto de barreiras estruturais, burocr\u00e1ticas e econ\u00f4micas que afetam o ambiente de neg\u00f3cios e o desenvolvimento do pa\u00eds<\/strong>.<\/p>\n<p>\u201cO grande calcanhar de Aquiles do pa\u00eds \u00e9 o Custo Brasil, no qual est\u00e1 toda a <strong>carga tribut\u00e1ria<\/strong>, os<strong> juros elevados<\/strong>, os problemas de <strong>infraestrutura <\/strong>e de <strong>energia<\/strong>, que \u00e9 algo que n\u00f3s precisar\u00edamos enfrentar com vontade. N\u00e3o h\u00e1 racionalidade no pre\u00e7o da nossa energia, com tantos penduric\u00e1rios embutidos\u201d, afirma.<\/p>\n<p>Alban tamb\u00e9m chama aten\u00e7\u00e3o para o <strong>n\u00edvel elevado das taxas de juros<\/strong>. Segundo ele, o pr\u00f3prio <a href=\"https:\/\/www.bcb.gov.br\/\" target=\"_blank\">Banco Central<\/a> indica que a taxa neutra poderia estar entre 4% e 5%, mas o pa\u00eds enfrenta dificuldades para reduzir o custo do cr\u00e9dito. Atualmente, a taxa b\u00e1sica de juros <strong>(Selic) est\u00e1 em 15% ao ano<\/strong>.<\/p>\n<p>Esse cen\u00e1rio, segundo Alban, contribui para o <strong>aumento do endividamento e da inadimpl\u00eancia entre fam\u00edlias e empresas<\/strong>. Dados do Banco Central mostram que o endividamento das fam\u00edlias passou de <strong>48,4% <\/strong>para<strong> 49,7%<\/strong> entre dezembro de 2024 e dezembro de 2025. J\u00e1 a inadimpl\u00eancia das pessoas f\u00edsicas no sistema financeiro subiu de <strong>3,5%<\/strong> em dezembro de 2024 para <strong>5,2%<\/strong> em janeiro de 2026.<\/p>\n<p><strong>Entre as empresas<\/strong>, a inadimpl\u00eancia tamb\u00e9m aumentou, passando de<strong> 2,0%<\/strong> para <strong>2,6%<\/strong> no mesmo per\u00edodo.<\/p>\n<p>\u201cA inadimpl\u00eancia e a bola de neve dos juros sobre endividamento t\u00eam feito com que todos tenham que rolar o endividamento com novas opera\u00e7\u00f5es sujeitas ao Imposto sobre Opera\u00e7\u00f5es Financeiras (IOF)\u201d, alerta.<\/p>\n<h2>Participa\u00e7\u00e3o do setor produtivo nas solu\u00e7\u00f5es<\/h2>\n<p>O presidente da CNI afirma que o setor produtivo \u2014 incluindo a ind\u00fastria \u2014 est\u00e1 disposto a colaborar na busca por solu\u00e7\u00f5es para os principais desafios da economia brasileira. Para isso, representantes do setor ir\u00e3o ao Congresso Nacional, no pr\u00f3ximo dia 24 de mar\u00e7o, para entregar a <strong>Agenda Legislativa da Ind\u00fastria<\/strong>, documento que re\u00fane propostas consideradas priorit\u00e1rias para melhorar o ambiente de neg\u00f3cios no pa\u00eds.<\/p>\n<p>Al\u00e9m disso, a CNI tamb\u00e9m pretende apresentar o projeto<strong> Brasil 2050<\/strong>, um conjunto de propostas estrat\u00e9gicas voltadas ao desenvolvimento econ\u00f4mico de longo prazo.<br \/>\n\u201c\u00c9 a vis\u00e3o do setor industrial sobre o que \u00e9 necess\u00e1rio para o Brasil chegar a 2050, n\u00e3o mais como um pa\u00eds em desenvolvimento ou como um pa\u00eds do amanh\u00e3, mas como um pa\u00eds que n\u00f3s queremos. E n\u00f3s queremos participar de forma un\u00edssona e contributiva, n\u00e3o apenas ser cr\u00edticos e jogar pedra\u201d, afirma.<\/p>\n<p>Segundo Alban, o presidente do <a href=\"https:\/\/portal.stf.jus.br\/\" target=\"_blank\">Supremo Tribunal Federal (STF)<\/a>, ministro Edson Fachin, convidou o setor industrial a apresentar as pautas da<strong> agenda judici\u00e1ria da ind\u00fastria<\/strong>.<\/p>\n<p><strong>VEJA MAIS:<\/strong><\/p>\n<ul>\n<li><a href=\"https:\/\/brasil61.com\/n\/custo-brasil-para-70-dos-empresarios-carga-tributaria-e-o-principal-entrave-aponta-pesquisa-da-cni-pind254623\" target=\"_blank\">Custo Brasil: Para 70% dos empres\u00e1rios, carga tribut\u00e1ria \u00e9 o principal entrave, aponta pesquisa da CNI<\/a><\/li>\n<li><a href=\"https:\/\/brasil61.com\/n\/reducao-da-jornada-de-44-para-36-horas-elevaria-custo-do-trabalho-por-hora-em-22-aponta-estudo-cacb260136\" target=\"_blank\">Redu\u00e7\u00e3o da jornada de 44 para 36 horas elevaria custo do trabalho por hora em 22%, aponta estudo<\/a><\/li>\n<\/ul>\n<p>\t\t\t\t\t\t\t\t\t<img loading=\"lazy\" decoding=\"async\" src=\"https:\/\/brasil61.com\/api\/v1\/serve_pixel\/17677\/88295\" alt=\"Pixel Brasil 61\" class=\"b61_pixel\" width=\"0\" height=\"0\"><\/p>\n<input type=\"hidden\" id=\"baseurl\" value=\"https:\/\/noticiasdestaque.com.br\"><input type=\"hidden\" id=\"audio_nonce\" value=\"6a24ca502e\">","protected":false},"excerpt":{"rendered":"<p>Para presidente da entidade, Ricardo Alban, produtividade estagnada, juros elevados, endividamento e Custo Brasil limitam mudan\u00e7as estruturais<\/p>\n","protected":false},"author":1,"featured_media":50771,"comment_status":"open","ping_status":"open","sticky":false,"template":"","format":"standard","meta":{"fifu_image_url":"","fifu_image_alt":"","footnotes":""},"categories":[59],"tags":[],"class_list":["post-50759","post","type-post","status-publish","format-standard","has-post-thumbnail","hentry","category-economia"],"distributor_meta":false,"distributor_terms":false,"distributor_media":false,"distributor_original_site_name":"Noticias em Destaque","distributor_original_site_url":"https:\/\/noticiasdestaque.com.br","push-errors":false,"_links":{"self":[{"href":"https:\/\/noticiasdestaque.com.br\/index.php\/wp-json\/wp\/v2\/posts\/50759","targetHints":{"allow":["GET"]}}],"collection":[{"href":"https:\/\/noticiasdestaque.com.br\/index.php\/wp-json\/wp\/v2\/posts"}],"about":[{"href":"https:\/\/noticiasdestaque.com.br\/index.php\/wp-json\/wp\/v2\/types\/post"}],"author":[{"embeddable":true,"href":"https:\/\/noticiasdestaque.com.br\/index.php\/wp-json\/wp\/v2\/users\/1"}],"replies":[{"embeddable":true,"href":"https:\/\/noticiasdestaque.com.br\/index.php\/wp-json\/wp\/v2\/comments?post=50759"}],"version-history":[{"count":1,"href":"https:\/\/noticiasdestaque.com.br\/index.php\/wp-json\/wp\/v2\/posts\/50759\/revisions"}],"predecessor-version":[{"id":50761,"href":"https:\/\/noticiasdestaque.com.br\/index.php\/wp-json\/wp\/v2\/posts\/50759\/revisions\/50761"}],"wp:featuredmedia":[{"embeddable":true,"href":"https:\/\/noticiasdestaque.com.br\/index.php\/wp-json\/wp\/v2\/media\/50771"}],"wp:attachment":[{"href":"https:\/\/noticiasdestaque.com.br\/index.php\/wp-json\/wp\/v2\/media?parent=50759"}],"wp:term":[{"taxonomy":"category","embeddable":true,"href":"https:\/\/noticiasdestaque.com.br\/index.php\/wp-json\/wp\/v2\/categories?post=50759"},{"taxonomy":"post_tag","embeddable":true,"href":"https:\/\/noticiasdestaque.com.br\/index.php\/wp-json\/wp\/v2\/tags?post=50759"}],"curies":[{"name":"wp","href":"https:\/\/api.w.org\/{rel}","templated":true}]}}