{"id":50755,"date":"2026-03-13T04:30:00","date_gmt":"2026-03-13T07:30:00","guid":{"rendered":"https:\/\/noticiasdestaque.com.br\/index.php\/2026\/03\/13\/ipca-de-fevereiro-precos-sobem-070-puxados-por-educacao-mas-inflacao-em-12-meses-melhora\/"},"modified":"2026-03-13T04:30:00","modified_gmt":"2026-03-13T07:30:00","slug":"ipca-de-fevereiro-precos-sobem-070-puxados-por-educacao-mas-inflacao-em-12-meses-melhora","status":"publish","type":"post","link":"https:\/\/noticiasdestaque.com.br\/index.php\/2026\/03\/13\/ipca-de-fevereiro-precos-sobem-070-puxados-por-educacao-mas-inflacao-em-12-meses-melhora\/","title":{"rendered":"IPCA de fevereiro: pre\u00e7os sobem 0,70% puxados por educa\u00e7\u00e3o, mas infla\u00e7\u00e3o em 12 meses melhora"},"content":{"rendered":"<p>\t\t\t\t\t\t\t\t\t\t\t<audio controls class=\"b61_audio_player\" data-noticia=\"88288\" src=\"https:\/\/brasil61.com\/rails\/active_storage\/blobs\/eyJfcmFpbHMiOnsibWVzc2FnZSI6IkJBaHBBNVFFQkE9PSIsImV4cCI6bnVsbCwicHVyIjoiYmxvYl9pZCJ9fQ==--ea73b27a5a9546953de38df4a590f38bd5ebfdd5\/BRAS2616045A\"><\/audio><\/p>\n<p>O <b>\u00cdndice Nacional de Pre\u00e7os ao Consumidor Amplo (IPCA)<\/b> foi de<b> 0,70% em fevereiro<\/b>, <b>acumulando alta de 1,03% no ano de 2026<\/b>. Publicado nesta quinta-feira (12) pelo <b>Instituto Brasileiro de Geografia e Estat\u00edstica<\/b> (<a href=\"https:\/\/www.ibge.gov.br\/estatisticas\/economicas\/precos-e-custos\/9256-indice-nacional-de-precos-ao-consumidor-amplo.html\">IBGE<\/a>), o indicador mostrou resultado <b>0,37 ponto percentual maior do que a varia\u00e7\u00e3o de janeiro<\/b>, quando foi de <b>0,33%<\/b>, mas <b>menor do que o mesmo per\u00edodo de 2025<\/b>, quando foi de <b>1,31%<\/b>.<\/p>\n<p>O IPCA <b>acumula alta de 3,81% nos \u00faltimos 12 meses<\/b>, <b>abaixo<\/b> dos <b>4,44%<\/b> observados nos 12 meses terminados em dezembro. Com esse resultado, a <b>pr\u00e9via da infla\u00e7\u00e3o<\/b> se mostrou ainda <b>mais pr\u00f3xima da meta de 3,0% estipulada pelo Banco Central<\/b>, considerando a margem de erro de 1,5% para mais ou para menos, e <b>poder\u00e1 ter impacto na promessa do Comit\u00ea de Pol\u00edtica Monet\u00e1ria (Copom)<\/b> de iniciar o ciclo de cortes na taxa de juros na reuni\u00e3o da pr\u00f3xima semana e na <b>decis\u00e3o de realizar um primeiro corte de 0,25% ou de 0,50%<\/b>.<\/p>\n<p>Dentre os grupos de produtos e servi\u00e7os pesquisados, <b>Educa\u00e7\u00e3o<\/b> apresentou a maior varia\u00e7\u00e3o, <b>subindo 5,21%<\/b>, e o maior impacto no resultado, com <b>0,31 ponto percentual<\/b>, sendo respons\u00e1vel por cerca de <b>44% do \u00edndice<\/b>. A maior contribui\u00e7\u00e3o, de <b>6,20%<\/b>, veio dos <b>cursos regulares<\/b>, devido aos reajustes habitualmente praticados no in\u00edcio do ano letivo. As maiores varia\u00e7\u00f5es foram nos subitens <b>ensino m\u00e9dio<\/b> (8,19%), <b>ensino fundamental<\/b> (8,11%) e <b>pr\u00e9-escola<\/b> (7,48%).<\/p>\n<p>O grupo <b>Transportes<\/b> foi respons\u00e1vel pela segunda maior varia\u00e7\u00e3o, <b>subindo 0,74%<\/b>, e segundo maior impacto, com <b>0,15 ponto percentual<\/b>, devido \u00e0 <b>alta de 11,40% na passagem a\u00e9rea<\/b>. Tamb\u00e9m apontaram altas o <b>seguro volunt\u00e1rio de ve\u00edculos<\/b> (5,62%), o <b>conserto de autom\u00f3vel<\/b> (1,22%) e o <b>\u00f4nibus urbano<\/b> (1,14%). O IBGE ressalta, ainda, a <b>varia\u00e7\u00e3o de -0,47%<\/b> nos <b>combust\u00edveis<\/b> com quedas na <b>gasolina<\/b> (-0,61%) e no <b>g\u00e1s veicular <\/b>(-3,10%), e <b>altas<\/b> no <b>etanol<\/b> (0,55%) e no <b>\u00f3leo diesel<\/b> (0,23%).<\/p>\n<p>No grupo <b>Sa\u00fade e cuidados pessoais<\/b> (0,59%), sobressaem os artigos de<b> higiene pessoal <\/b>(0,92%) e o <b>plano de sa\u00fade<\/b> (0,49%). O grupo <b>Habita\u00e7\u00e3o<\/b> apresentou <b>varia\u00e7\u00e3o de 0,30% em fevereiro<\/b>, ap\u00f3s a <b>queda de 0,11% registrada em janeiro<\/b>. A alta foi impulsionada pelo subitem <b>taxa de \u00e1gua e esgoto<\/b> (0,84%).<\/p>\n<p>A <b>energia el\u00e9trica residencial<\/b> variou <b>0,33% em fevereiro<\/b>, com a perman\u00eancia da bandeira tarif\u00e1ria verde. J\u00e1 o subitem <b>g\u00e1s encanado<\/b> apresentou <b>recuo de 1,60%<\/b>.<\/p>\n<p>O grupo <b>Alimenta\u00e7\u00e3o e bebidas<\/b> acelerou de uma varia\u00e7\u00e3o de <b>0,23% em janeiro para 0,26% em fevereiro<\/b>. Ap\u00f3s varia\u00e7\u00e3o de <b>0,10% em janeiro<\/b>, a <b>alimenta\u00e7\u00e3o no domic\u00edlio<\/b> registrou varia\u00e7\u00e3o de <b>0,23% em fevereiro<\/b>.<\/p>\n<p>Principais alimentos em alta:<\/p>\n<ul>\n<li>A\u00e7a\u00ed \u2014 25,29%<\/li>\n<li>Feij\u00e3o-carioca \u2014 11,73%<\/li>\n<li>Ovo de galinha \u2014 4,55%<\/li>\n<li>Carnes \u2014 0,58%<\/li>\n<\/ul>\n<p>Principais alimentos em queda:<\/p>\n<ul>\n<li>Frutas \u2014 -2,78%<\/li>\n<li>\u00d3leo de soja \u2014 -2,62%<\/li>\n<li>Arroz \u2014 -2,36%<\/li>\n<li>Caf\u00e9 mo\u00eddo \u2014 -1,20%<\/li>\n<\/ul>\n<p>A <b>alimenta\u00e7\u00e3o fora do domic\u00edlio <\/b>apresentou <b>alta de 0,34%<\/b> em fevereiro, mas desacelerou em rela\u00e7\u00e3o a janeiro, quando <b>teve alta de 0,55%<\/b>. A varia\u00e7\u00e3o da taxa foi influenciada pelo <b>lanche<\/b>, que passou de <b>0,27% para 0,15%<\/b>, e pela <b>refei\u00e7\u00e3o<\/b>, que saiu de <b>0,66% para 0,49%<\/b>.<\/p>\n<p>Com informa\u00e7\u00f5es do Instituto Brasileiro de Geografia e Estat\u00edstica.<\/p>\n<p>\t\t\t\t\t\t\t\t\t\t<img loading=\"lazy\" decoding=\"async\" src=\"https:\/\/brasil61.com\/api\/v1\/serve_pixel\/17677\/88288\" alt=\"Pixel Brasil 61\" class=\"b61_pixel\" width=\"0\" height=\"0\"><\/p>\n<input type=\"hidden\" id=\"baseurl\" value=\"https:\/\/noticiasdestaque.com.br\"><input type=\"hidden\" id=\"audio_nonce\" value=\"6a24ca502e\">","protected":false},"excerpt":{"rendered":"<p>Crescimento acima do esperado \u00e9 ligado aos reajustes de mensalidades escolares no per\u00edodo de volta \u00e0s aulas; infla\u00e7\u00e3o em 12 meses se aproxima ainda mais da meta do BC<\/p>\n","protected":false},"author":1,"featured_media":50756,"comment_status":"open","ping_status":"open","sticky":false,"template":"","format":"standard","meta":{"fifu_image_url":"","fifu_image_alt":"","footnotes":""},"categories":[59],"tags":[],"class_list":["post-50755","post","type-post","status-publish","format-standard","has-post-thumbnail","hentry","category-economia"],"distributor_meta":false,"distributor_terms":false,"distributor_media":false,"distributor_original_site_name":"Noticias em Destaque","distributor_original_site_url":"https:\/\/noticiasdestaque.com.br","push-errors":false,"_links":{"self":[{"href":"https:\/\/noticiasdestaque.com.br\/index.php\/wp-json\/wp\/v2\/posts\/50755","targetHints":{"allow":["GET"]}}],"collection":[{"href":"https:\/\/noticiasdestaque.com.br\/index.php\/wp-json\/wp\/v2\/posts"}],"about":[{"href":"https:\/\/noticiasdestaque.com.br\/index.php\/wp-json\/wp\/v2\/types\/post"}],"author":[{"embeddable":true,"href":"https:\/\/noticiasdestaque.com.br\/index.php\/wp-json\/wp\/v2\/users\/1"}],"replies":[{"embeddable":true,"href":"https:\/\/noticiasdestaque.com.br\/index.php\/wp-json\/wp\/v2\/comments?post=50755"}],"version-history":[{"count":0,"href":"https:\/\/noticiasdestaque.com.br\/index.php\/wp-json\/wp\/v2\/posts\/50755\/revisions"}],"wp:featuredmedia":[{"embeddable":true,"href":"https:\/\/noticiasdestaque.com.br\/index.php\/wp-json\/wp\/v2\/media\/50756"}],"wp:attachment":[{"href":"https:\/\/noticiasdestaque.com.br\/index.php\/wp-json\/wp\/v2\/media?parent=50755"}],"wp:term":[{"taxonomy":"category","embeddable":true,"href":"https:\/\/noticiasdestaque.com.br\/index.php\/wp-json\/wp\/v2\/categories?post=50755"},{"taxonomy":"post_tag","embeddable":true,"href":"https:\/\/noticiasdestaque.com.br\/index.php\/wp-json\/wp\/v2\/tags?post=50755"}],"curies":[{"name":"wp","href":"https:\/\/api.w.org\/{rel}","templated":true}]}}