{"id":50753,"date":"2026-03-13T04:15:00","date_gmt":"2026-03-13T07:15:00","guid":{"rendered":"https:\/\/noticiasdestaque.com.br\/index.php\/2026\/03\/13\/isencao-ampliada-do-imposto-de-renda-pode-reduzir-receita-de-aproximadamente-17-mil-municipios\/"},"modified":"2026-03-13T04:15:00","modified_gmt":"2026-03-13T07:15:00","slug":"isencao-ampliada-do-imposto-de-renda-pode-reduzir-receita-de-aproximadamente-17-mil-municipios","status":"publish","type":"post","link":"https:\/\/noticiasdestaque.com.br\/index.php\/2026\/03\/13\/isencao-ampliada-do-imposto-de-renda-pode-reduzir-receita-de-aproximadamente-17-mil-municipios\/","title":{"rendered":"Isen\u00e7\u00e3o ampliada do Imposto de Renda pode reduzir receita de aproximadamente 1,7 mil munic\u00edpios"},"content":{"rendered":"<p>\t\t\t\t\t\t\t\t\t\t\t<audio controls class=\"b61_audio_player\" data-noticia=\"88280\" src=\"https:\/\/brasil61.com\/rails\/active_storage\/blobs\/eyJfcmFpbHMiOnsibWVzc2FnZSI6IkJBaHBBMzRFQkE9PSIsImV4cCI6bnVsbCwicHVyIjoiYmxvYl9pZCJ9fQ==--39cd10d0f7f6d07e46b40f2e0ad2d9f68a31b667\/BRAS2616041A\"><\/audio><\/p>\n<p>A poss\u00edvel perda de arrecada\u00e7\u00e3o por parte dos munic\u00edpios brasileiros ocasionada pela nova faixa de isen\u00e7\u00e3o do Imposto de Renda ser\u00e1 sentida, principalmente, pelos entes de menor porte. A proje\u00e7\u00e3o consta em estudo divulgado pela Confedera\u00e7\u00e3o Nacional de Munic\u00edpios (CNM).<\/p>\n<p><strong>Segundo o levantamento, caso as medidas compensat\u00f3rias anunciadas pelo governo n\u00e3o produzam os efeitos esperados, cerca de\u00a01,7 mil cidades perder\u00e3o recursos financeiros. Dessas, aproximadamente 1,2 mil t\u00eam popula\u00e7\u00e3o inferior a 50 mil habitantes.<\/strong><\/p>\n<p>O especialista em or\u00e7amento Dalmo Palmeira explica que essa rela\u00e7\u00e3o est\u00e1 ligada ao fato de os munic\u00edpios menores serem mais dependentes dos recursos do Fundo de Participa\u00e7\u00e3o dos Munic\u00edpios (FPM), composto em parte pelo que a Uni\u00e3o arrecada com o Imposto de Renda.<\/p>\n<p>\u201cNormalmente, a arrecada\u00e7\u00e3o de tributos municipais \u00e9 menor, em alguns casos, do que o pr\u00f3prio FPM que \u00e9 recebido. Se o FPM cair, isso vai gerar um impacto bastante grande nesses munic\u00edpios, especialmente nos menores, que s\u00e3o mais dependentes. Ent\u00e3o, existe realmente esse risco, apesar da garantia que tem na Lei\u00a015.270\u00a0para que haja a compensa\u00e7\u00e3o dessas perdas\u201d, pontua.<\/p>\n<p>\u201cTemos que ter aten\u00e7\u00e3o em rela\u00e7\u00e3o a esse ponto, especialmente nos munic\u00edpios menores, para saber qual \u00e9 o impacto, porque isso \u00e9 caso a caso. Cada munic\u00edpio vai ter um impacto diferenciado, a depender de qual grau de depend\u00eancia que tem do FPM e tamb\u00e9m em rela\u00e7\u00e3o aos seus pr\u00f3prios impostos locais\u201d, complementa.<\/p>\n<p>Dalmo, por\u00e9m, destaca que, mesmo diante desse cen\u00e1rio, a nova faixa de isen\u00e7\u00e3o tamb\u00e9m pode causar algum efeito positivo para as finan\u00e7as municipais.<\/p>\n<p>\u201cIsso vai fazer com que as pessoas tenham mais dinheiro na m\u00e3o e vai fazer com que a economia local possa girar mais. Ent\u00e3o, nesse aspecto, pode ser que haja uma melhoria na economia local e, logicamente, pode inclusive gerar mais tributos municipais, j\u00e1 que em cada um desses munic\u00edpios vai haver pessoas com mais recursos nas m\u00e3os para poder estar utilizando e melhorando o consumo e, logicamente, melhorando tamb\u00e9m a atividade comercial nos munic\u00edpios\u201d, considera.<\/p>\n<p><strong>VEJA MAIS:<\/strong><\/p>\n<ul>\n<li><a href=\"https:\/\/brasil61.com\/n\/tendencia-de-queda-nos-valores-do-fpm-pode-estar-relacionada-a-nova-faixa-de-isencao-do-imposto-de-renda-bras2616035.amp\" target=\"_blank\">Tend\u00eancia de queda nos valores do FPM pode estar relacionada \u00e0 nova faixa de isen\u00e7\u00e3o do Imposto de Renda<\/a><\/li>\n<li><a href=\"https:\/\/brasil61.com\/n\/receita-federal-divulga-regras-do-ir-2026-na-proxima-semana-bras2616031\" target=\"_blank\">Receita Federal divulga regras do IR 2026 na pr\u00f3xima semana<\/a><\/li>\n<\/ul>\n<p>Ainda de acordo com o estudo da CNM, a perda de receita ser\u00e1 generalizada entre munic\u00edpios de todos os portes populacionais e tamb\u00e9m entre as Unidades da Federa\u00e7\u00e3o.<\/p>\n<p><strong>O estudo mostra que, sem compensa\u00e7\u00e3o, a medida poder\u00e1 retirar ao menos R$ 9,5 bilh\u00f5es por ano dos cofres municipais. Desse total, cerca de R$ 5 bilh\u00f5es referem-se \u00e0 redu\u00e7\u00e3o da arrecada\u00e7\u00e3o pr\u00f3pria do Imposto de Renda, enquanto R$ 4,5 bilh\u00f5es dizem respeito \u00e0 diminui\u00e7\u00e3o dos recursos FPM.<\/strong> \u00a0\u00a0<\/p>\n<h2>Sobre a nova faixa de isen\u00e7\u00e3o do IR<\/h2>\n<p><strong>A nova faixa de isen\u00e7\u00e3o do Imposto de Renda, em vigor desde janeiro deste ano, beneficia contribuintes com rendimentos mensais de at\u00e9 R$ 5 mil e prev\u00ea redu\u00e7\u00e3o gradual do imposto para quem recebe at\u00e9 R$ 7.350.<\/strong><\/p>\n<p>Segundo o governo federal, para mitigar a perda de arrecada\u00e7\u00e3o, foi retomada em 2026 a tributa\u00e7\u00e3o sobre a distribui\u00e7\u00e3o de lucros e dividendos. Para pessoas f\u00edsicas residentes no Brasil, aplica-se uma al\u00edquota de 10% sobre valores que ultrapassem R$ 50 mil mensais \u2014 ou R$ 600 mil anuais \u2014 por empresa.<\/p>\n<p>\t\t\t\t\t\t\t\t\t\t<img loading=\"lazy\" decoding=\"async\" src=\"https:\/\/brasil61.com\/api\/v1\/serve_pixel\/17677\/88280\" alt=\"Pixel Brasil 61\" class=\"b61_pixel\" width=\"0\" height=\"0\"><\/p>\n<input type=\"hidden\" id=\"baseurl\" value=\"https:\/\/noticiasdestaque.com.br\"><input type=\"hidden\" id=\"audio_nonce\" value=\"6a24ca502e\">","protected":false},"excerpt":{"rendered":"<p>Estudo da Confedera\u00e7\u00e3o Nacional de Munic\u00edpios aponta maior impacto em cidades com at\u00e9 50 mil habitantes, mais dependentes do FPM<\/p>\n","protected":false},"author":1,"featured_media":50754,"comment_status":"open","ping_status":"open","sticky":false,"template":"","format":"standard","meta":{"fifu_image_url":"","fifu_image_alt":"","footnotes":""},"categories":[59],"tags":[],"class_list":["post-50753","post","type-post","status-publish","format-standard","has-post-thumbnail","hentry","category-economia"],"distributor_meta":false,"distributor_terms":false,"distributor_media":false,"distributor_original_site_name":"Noticias em Destaque","distributor_original_site_url":"https:\/\/noticiasdestaque.com.br","push-errors":false,"_links":{"self":[{"href":"https:\/\/noticiasdestaque.com.br\/index.php\/wp-json\/wp\/v2\/posts\/50753","targetHints":{"allow":["GET"]}}],"collection":[{"href":"https:\/\/noticiasdestaque.com.br\/index.php\/wp-json\/wp\/v2\/posts"}],"about":[{"href":"https:\/\/noticiasdestaque.com.br\/index.php\/wp-json\/wp\/v2\/types\/post"}],"author":[{"embeddable":true,"href":"https:\/\/noticiasdestaque.com.br\/index.php\/wp-json\/wp\/v2\/users\/1"}],"replies":[{"embeddable":true,"href":"https:\/\/noticiasdestaque.com.br\/index.php\/wp-json\/wp\/v2\/comments?post=50753"}],"version-history":[{"count":0,"href":"https:\/\/noticiasdestaque.com.br\/index.php\/wp-json\/wp\/v2\/posts\/50753\/revisions"}],"wp:featuredmedia":[{"embeddable":true,"href":"https:\/\/noticiasdestaque.com.br\/index.php\/wp-json\/wp\/v2\/media\/50754"}],"wp:attachment":[{"href":"https:\/\/noticiasdestaque.com.br\/index.php\/wp-json\/wp\/v2\/media?parent=50753"}],"wp:term":[{"taxonomy":"category","embeddable":true,"href":"https:\/\/noticiasdestaque.com.br\/index.php\/wp-json\/wp\/v2\/categories?post=50753"},{"taxonomy":"post_tag","embeddable":true,"href":"https:\/\/noticiasdestaque.com.br\/index.php\/wp-json\/wp\/v2\/tags?post=50753"}],"curies":[{"name":"wp","href":"https:\/\/api.w.org\/{rel}","templated":true}]}}