{"id":5075,"date":"2023-02-08T15:56:52","date_gmt":"2023-02-08T18:56:52","guid":{"rendered":"https:\/\/noticiasdestaque.com.br\/index.php\/2023\/02\/08\/programa-empreenda-afro-oferece-microcredito-de-ate-r-mil-para-empreendedores-negros\/"},"modified":"2023-02-08T15:56:52","modified_gmt":"2023-02-08T18:56:52","slug":"programa-empreenda-afro-oferece-microcredito-de-ate-r-mil-para-empreendedores-negros","status":"publish","type":"post","link":"https:\/\/noticiasdestaque.com.br\/index.php\/2023\/02\/08\/programa-empreenda-afro-oferece-microcredito-de-ate-r-mil-para-empreendedores-negros\/","title":{"rendered":"Programa Empreenda Afro oferece microcr\u00e9dito de at\u00e9 R$ 21 mil para empreendedores negros"},"content":{"rendered":"<p>O projeto Empreenda Afro, realizado pela Ag\u00eancia de Desenvolvimento de S\u00e3o Paulo, disponibilizar\u00e1 uma linha de cr\u00e9dito exclusiva de at\u00e9 R$ 21 mil para empreendedores negros da cidade de S\u00e3o Paulo. Os recursos poder\u00e3o ser solicitados tanto por empres\u00e1rios autodeclarados pretos ou pardos constitu\u00eddos formalmente, com Cadastro Nacional de Pessoa Jur\u00eddica (CNPJ), quanto por empreendedores informais.<\/p>\n<p>A linha oferece cr\u00e9dito de R$ 200 a R$ 21.000, com juros de 0,35% a 0,55% ao m\u00eas para empres\u00e1rios formais, com prazo de at\u00e9 48 meses. Para os informais, est\u00e3o dispon\u00edveis valores de at\u00e9 R$ 15.000, com juros de 0,8% ao m\u00eas e prazo de at\u00e9 36 meses.<\/p>\n<p>Segundo a Analista de Atendimento da Ag\u00eancia S\u00e3o Paulo de Desenvolvimento (Ade Sampa), Ximene Martins, a finalidade do programa \u00e9 apoiar e oferecer  suporte necess\u00e1rio para que os donos de pequenos neg\u00f3cios possam gerar renda e desenvolver os empreendimentos.<\/p>\n<p>\u201cO objetivo \u00e9 promover uma cidade mais inclusiva, diversa, que apoie sempre quem mais precisa. Para quem quiser se eleger como empreendedor afro, deve possuir um neg\u00f3cio localizado no munic\u00edpio de S\u00e3o Paulo, n\u00e3o ter restri\u00e7\u00f5es cadastrais nos canais do Cadin, Serasa para CNPJ ou CPF de todos os s\u00f3cios e deve realizar um dos cursos de capacita\u00e7\u00e3o do empreendedor que s\u00e3o indicados pelo o programa\u201d, explica.<\/p>\n<p>Segundo o levantamento Empreendedorismo por Ra\u00e7a-cor (e sexo), realizado pelo Servi\u00e7o Brasileiro de Apoio \u00e0s Micro e Pequenas Empresas (Sebrae), os negros (pretos e pardos) representam 52% dos empreendedores brasileiros, considerando como parte deste grupo trabalhadores por conta pr\u00f3pria e empregadores.<\/p>\n<p>De acordo com o estudo, o rendimento de empreendedores negros \u00e9 em m\u00e9dia 32% inferior ao de empreendedores brancos. O levantamento ainda aponta que os empreendedores negros t\u00eam menos escolaridade, empresas menores, trabalham mais sozinhos (sem contratar funcion\u00e1rios) e contribuem menos \u00e0 Previd\u00eancia. As empreendedoras negras foram as mais prejudicadas pela pandemia e as que mais demoraram a se recuperar.<\/p>\n<p>Empreendedor h\u00e1 mais de sete anos, o dermatologista especializado em peles negras, Andr\u00e9 Moreira, teve dificuldades para solicitar cr\u00e9dito no in\u00edcio do neg\u00f3cio. Para ele, o empreendedorismo preto \u00e9 uma batalha constante.<\/p>\n<p>\u201cAs estruturas n\u00e3o foram feitas para que a gente tenha sucesso. As estruturas foram feitas para que n\u00f3s sejamos marginalizados. Ent\u00e3o quando a gente fala do empreendedorismo preto, \u00e9 essa luta constante de poder com a nossa inclus\u00e3o. E eu acho que cabe a n\u00f3s valorizar o empres\u00e1rio preto, porque quando a gente mostra que sim, n\u00f3s temos lugar de fala nesses espa\u00e7os, a gente come\u00e7a a mudar as estruturas\u201d, diz.\n <\/p>\n<h2><strong>Como solicitar o cr\u00e9dito<\/strong><\/h2>\n<p>O montante ser\u00e1 disponibilizado pela Ag\u00eancia de Desenvolvimento de S\u00e3o Paulo, entidade ligada \u00e0 Secretaria Municipal de Desenvolvimento Econ\u00f4mico e Trabalho. O projeto \u00e9 realizado atrav\u00e9s de um conv\u00eanio com o Banco do Povo, programa de microcr\u00e9dito do governo estadual. A solicita\u00e7\u00e3o pode ser feita preenchendo um<a href=\"https:\/\/docs.google.com\/forms\/d\/e\/1FAIpQLSfWbxifRaB8V6gCsLczzScIOJNxaH0YgedTdCgUN86RHkM3Rg\/viewform?vc=0\n<\/p>\n<input type=\"hidden\" id=\"baseurl\" value=\"https:\/\/noticiasdestaque.com.br\"><input type=\"hidden\" id=\"audio_nonce\" value=\"eb7638fb71\">","protected":false},"excerpt":{"rendered":"<p>Projeto beneficia empreendedores autodeclarados pretos ou pardos, tanto formais quanto informais<\/p>\n","protected":false},"author":1,"featured_media":0,"comment_status":"open","ping_status":"open","sticky":false,"template":"","format":"standard","meta":{"fifu_image_url":"","fifu_image_alt":"","footnotes":""},"categories":[59],"tags":[],"class_list":["post-5075","post","type-post","status-publish","format-standard","hentry","category-economia"],"distributor_meta":false,"distributor_terms":false,"distributor_media":false,"distributor_original_site_name":"Portal de Recupera\u00e7\u00e3o","distributor_original_site_url":"https:\/\/portalderecuperacao.com","push-errors":false,"_links":{"self":[{"href":"https:\/\/noticiasdestaque.com.br\/index.php\/wp-json\/wp\/v2\/posts\/5075","targetHints":{"allow":["GET"]}}],"collection":[{"href":"https:\/\/noticiasdestaque.com.br\/index.php\/wp-json\/wp\/v2\/posts"}],"about":[{"href":"https:\/\/noticiasdestaque.com.br\/index.php\/wp-json\/wp\/v2\/types\/post"}],"author":[{"embeddable":true,"href":"https:\/\/noticiasdestaque.com.br\/index.php\/wp-json\/wp\/v2\/users\/1"}],"replies":[{"embeddable":true,"href":"https:\/\/noticiasdestaque.com.br\/index.php\/wp-json\/wp\/v2\/comments?post=5075"}],"version-history":[{"count":0,"href":"https:\/\/noticiasdestaque.com.br\/index.php\/wp-json\/wp\/v2\/posts\/5075\/revisions"}],"wp:attachment":[{"href":"https:\/\/noticiasdestaque.com.br\/index.php\/wp-json\/wp\/v2\/media?parent=5075"}],"wp:term":[{"taxonomy":"category","embeddable":true,"href":"https:\/\/noticiasdestaque.com.br\/index.php\/wp-json\/wp\/v2\/categories?post=5075"},{"taxonomy":"post_tag","embeddable":true,"href":"https:\/\/noticiasdestaque.com.br\/index.php\/wp-json\/wp\/v2\/tags?post=5075"}],"curies":[{"name":"wp","href":"https:\/\/api.w.org\/{rel}","templated":true}]}}