{"id":5073,"date":"2023-02-07T16:49:36","date_gmt":"2023-02-07T19:49:36","guid":{"rendered":"https:\/\/noticiasdestaque.com.br\/index.php\/2023\/02\/07\/na-tv-brasil-anielle-franco-fala-sobre-a-importancia-da-lei-de-cotas\/"},"modified":"2023-02-07T16:49:36","modified_gmt":"2023-02-07T19:49:36","slug":"na-tv-brasil-anielle-franco-fala-sobre-a-importancia-da-lei-de-cotas","status":"publish","type":"post","link":"https:\/\/noticiasdestaque.com.br\/index.php\/2023\/02\/07\/na-tv-brasil-anielle-franco-fala-sobre-a-importancia-da-lei-de-cotas\/","title":{"rendered":"Na TV Brasil, Anielle Franco fala sobre a import\u00e2ncia da Lei de Cotas"},"content":{"rendered":"<style> bloco.meta {font-style: italic; color: #666;font-weight: 600;font-size: .8em; \/* line-height: .3em; *\/}  text h2 { font-weight: 700 !important;  color: #062f46 !important;} text img { width: none; left: none;}<\/style>\n<\/p>\n<p>Promover a igualdade para o povo negro brasileiro em todas as suas esferas \u00e9 compromisso do Minist\u00e9rio da Igualdade Racial, pasta recriada pelo governo do presidente Luiz In\u00e1cio Lula da Silva. Entre os desafios do minist\u00e9rio est\u00e1 a amplia\u00e7\u00e3o e o aprimoramento das pol\u00edticas de a\u00e7\u00f5es afirmativas no Brasil, para garantir o acesso e a perman\u00eancia de pretos, pardos e ind\u00edgenas no ensino superior.<\/p>\n<p>Fruto da pol\u00edtica de cotas, a ministra da Igualdade Racial, Anielle Franco, falou sobre os desafios do novo minist\u00e9rio para garantir uma sociedade igualit\u00e1ria, em entrevista ao programa <em>Brasil em Pauta<\/em> que vai ao ar neste domingo (5), \u00e0s 22h30, na <strong>TV Brasil<\/strong>.<\/p>\n<p>Durante o bate-papo, Anielle destacou a import\u00e2ncia das pol\u00edticas afirmativas, como a <a href=\"https:\/\/www.planalto.gov.br\/ccivil_03\/_ato2011-2014\/2012\/lei\/l12711.htm\" target=\"_blank\" rel=\"noopener\">Lei de Cotas<\/a>, para a inclus\u00e3o do negro no ensino superior e lembrou a sua experi\u00eancia com o programa.<\/p>\n<blockquote>\n<p>\u201cA Lei de Cotas \u00e9 uma das maiores repara\u00e7\u00f5es que temos no pa\u00eds. Eu sou fruto da Lei de Cotas dentro da Universidade Estadual do Rio de Janeiro (UERJ), onde eu muito me orgulho e tenho falado. Vou repetir muito isso e agradecer ao presidente Lula, porque n\u00e3o existe outra lei de repara\u00e7\u00e3o maior do que a Lei de Cotas hoje em dia no pa\u00eds\u201d, afirmou.<\/p>\n<\/blockquote>\n<p>\u201cFalando de 2012, que foi o ano que eu entrei, ainda tinha ali muita gente que falava \u2018ah, a Lei de Cotas n\u00e3o funciona\u2019, ou at\u00e9 mesmo que falava \u2018os cotistas quando entram n\u00e3o conseguem acompanhar\u2019, ent\u00e3o eu vim de uma trajet\u00f3ria de 12 anos nos Estados Unidos, estava com meu ingl\u00eas fluente e foi \u00f3timo, porque eu consegui comprovar dentro da universidade que aquilo n\u00e3o era real\u201d, relembrou a ministra.<\/p>\n<p>Em agosto de 2022, a lei que garante acesso \u00e0s institui\u00e7\u00f5es federais de ensino superior para estudantes pretos, pardos e ind\u00edgenas, al\u00e9m de pessoas com defici\u00eancia, e para aqueles que tenham cursado integralmente o ensino m\u00e9dio em escolas p\u00fablicas completou dez anos. De acordo com dados do Instituto Brasileiro de Geografia e Estat\u00edstica (IBGE), com a Lei de Cotas, o n\u00famero de negros em universidades cresceu quase 400% neste per\u00edodo.<\/p>\n<p>Como forma de fortalecer a lei e ampliar a presen\u00e7a de jovens negros e pobres nas universidades, o Minist\u00e9rio da Igualdade Racial j\u00e1 conta com a Secretaria de Pol\u00edticas de A\u00e7\u00f5es Afirmativas e Combate e Supera\u00e7\u00e3o do Racismo, comandada pela soci\u00f3loga M\u00e1rcia Lima. \u201cA Lei de Cotas \u00e9 algo que, para al\u00e9m da minha trajet\u00f3ria, \u00e9 algo que a gente tem come\u00e7ado a falar. Teremos um grupo de trabalho para pensar essa lei, mas tamb\u00e9m com a perman\u00eancia [dos estudantes na universidade]. A lei vai continuar vigente, mas abre a\u00ed um per\u00edodo de discutir politicamente a lei. Hoje a gente tem dados suficientes para comprovar o qu\u00e3o importante ela \u00e9\u201d, destacou.<\/p>\n<p>Ainda durante a entrevista, Anielle destacou outros desafios do novo minist\u00e9rio, como a import\u00e2ncia de alimentar a popula\u00e7\u00e3o negra como prioridade e ponto de partida para as demais metas da pasta. \u201cHoje a gente tem 33 milh\u00f5es de pessoas passando fome no pa\u00eds e 70% delas s\u00e3o negras e pobres. Todas as nossas pautas s\u00e3o transversais e a gente tem in\u00fameras prioridades, mas a primeira \u00e9, de fato, colocar comida na mesa dos brasileiros e brasileiras que est\u00e3o passando fome\u201d, afirmou.<\/p>\n<p>Outros desafios apontados pela ministra foram a quest\u00e3o or\u00e7ament\u00e1ria, sa\u00fade, educa\u00e7\u00e3o, al\u00e9m do enfrentamento ao genoc\u00eddio da popula\u00e7\u00e3o negra, assunto que, segundo Anielle, vai contar com um grupo de trabalho em parceria com o Minist\u00e9rio da Justi\u00e7a.<\/p>\n<h2>Popula\u00e7\u00e3o negra refugiada<\/h2>\n<p>No m\u00eas de janeiro, uma parceria entre os minist\u00e9rios da Justi\u00e7a e da Igualdade Racial <a href=\"https:\/\/agenciabrasil.ebc.com.br\/direitos-humanos\/noticia\/2023-01\/ato-reune-parentes-e-marca-um-ano-da-morte-do-congoles-moise-kabagambe\" target=\"_blank\" rel=\"noopener\">lan\u00e7ou o Observat\u00f3rio Mo\u00efse Kabagambe<\/a> e o Programa de Aten\u00e7\u00e3o e Acelera\u00e7\u00e3o de Pol\u00edticas de Ref\u00fagio para Pessoas Afrodescendentes.<\/p>\n<p>A inten\u00e7\u00e3o do observat\u00f3rio \u00e9 mapear a viol\u00eancia contra refugiados para monitorar e combater a pr\u00e1tica de viol\u00eancia e de xenofobia. J\u00e1 o programa, compreende a proposi\u00e7\u00e3o de pol\u00edticas p\u00fablicas e a constru\u00e7\u00e3o de parcerias com organiza\u00e7\u00f5es da sociedade civil, al\u00e9m de organiza\u00e7\u00f5es internacionais, estados e munic\u00edpios com o objetivo de universalizar as boas pr\u00e1ticas direcionadas \u00e0 popula\u00e7\u00e3o negra refugiada.<\/p>\n<p>\u201cEu me emocionei muito no lan\u00e7amento do observat\u00f3rio, porque \u00e9 isso: \u00e9 sempre uma ferida que fica. E ele [Mo\u00efse Kabagambe], como outras pessoas que infelizmente tamb\u00e9m foram assassinadas nesse pa\u00eds, fica um legado de luta para quem permanece vivo\u201d, destacou Anielle, que relembrou a morte do imigrante congol\u00eas, Mo\u00efse Mugenyi Kabagambe, assassinado no quiosque Tropic\u00e1lia, no Rio de Janeiro, no in\u00edcio do ano passado.<\/p>\n<p>Confira a entrevista completa no programa <em>Brasil em Pauta<\/em> vai que ao ar neste domingo (5) \u00e0s 22h30.<\/p>\n<p>Clique <a href=\"https:\/\/tvbrasil.ebc.com.br\/comosintonizar\" target=\"_blank\" rel=\"noopener\">aqui e saiba como sintonizar<\/a> a <strong>TV Brasil<\/strong>.<\/p>\n<p>            <!-- blog End --><\/p>\n<p>            <!-- tag and share --><\/p>\n<p> Fonte: EBC <\/p>\n<input type=\"hidden\" id=\"baseurl\" value=\"https:\/\/noticiasdestaque.com.br\"><input type=\"hidden\" id=\"audio_nonce\" value=\"eb7638fb71\">","protected":false},"excerpt":{"rendered":"<p>Programa Brasil em Pauta vai ao ar neste domingo, \u00e0s 22h30<\/p>\n","protected":false},"author":1,"featured_media":5074,"comment_status":"open","ping_status":"open","sticky":false,"template":"","format":"standard","meta":{"fifu_image_url":"","fifu_image_alt":"","footnotes":""},"categories":[50],"tags":[],"class_list":["post-5073","post","type-post","status-publish","format-standard","has-post-thumbnail","hentry","category-politica"],"distributor_meta":false,"distributor_terms":false,"distributor_media":false,"distributor_original_site_name":"Portal de Recupera\u00e7\u00e3o","distributor_original_site_url":"https:\/\/portalderecuperacao.com","push-errors":false,"_links":{"self":[{"href":"https:\/\/noticiasdestaque.com.br\/index.php\/wp-json\/wp\/v2\/posts\/5073","targetHints":{"allow":["GET"]}}],"collection":[{"href":"https:\/\/noticiasdestaque.com.br\/index.php\/wp-json\/wp\/v2\/posts"}],"about":[{"href":"https:\/\/noticiasdestaque.com.br\/index.php\/wp-json\/wp\/v2\/types\/post"}],"author":[{"embeddable":true,"href":"https:\/\/noticiasdestaque.com.br\/index.php\/wp-json\/wp\/v2\/users\/1"}],"replies":[{"embeddable":true,"href":"https:\/\/noticiasdestaque.com.br\/index.php\/wp-json\/wp\/v2\/comments?post=5073"}],"version-history":[{"count":0,"href":"https:\/\/noticiasdestaque.com.br\/index.php\/wp-json\/wp\/v2\/posts\/5073\/revisions"}],"wp:featuredmedia":[{"embeddable":true,"href":"https:\/\/noticiasdestaque.com.br\/index.php\/wp-json\/wp\/v2\/media\/5074"}],"wp:attachment":[{"href":"https:\/\/noticiasdestaque.com.br\/index.php\/wp-json\/wp\/v2\/media?parent=5073"}],"wp:term":[{"taxonomy":"category","embeddable":true,"href":"https:\/\/noticiasdestaque.com.br\/index.php\/wp-json\/wp\/v2\/categories?post=5073"},{"taxonomy":"post_tag","embeddable":true,"href":"https:\/\/noticiasdestaque.com.br\/index.php\/wp-json\/wp\/v2\/tags?post=5073"}],"curies":[{"name":"wp","href":"https:\/\/api.w.org\/{rel}","templated":true}]}}