{"id":50724,"date":"2026-03-12T04:30:00","date_gmt":"2026-03-12T07:30:00","guid":{"rendered":"https:\/\/noticiasdestaque.com.br\/index.php\/2026\/03\/12\/governo-pede-investigacao-sobre-alta-no-preco-dos-combustiveis\/"},"modified":"2026-03-12T04:30:00","modified_gmt":"2026-03-12T07:30:00","slug":"governo-pede-investigacao-sobre-alta-no-preco-dos-combustiveis","status":"publish","type":"post","link":"https:\/\/noticiasdestaque.com.br\/index.php\/2026\/03\/12\/governo-pede-investigacao-sobre-alta-no-preco-dos-combustiveis\/","title":{"rendered":"Governo pede investiga\u00e7\u00e3o sobre alta no pre\u00e7o dos combust\u00edveis"},"content":{"rendered":"<p>\t\t\t\t\t\t\t\t\t\t\t<audio controls class=\"b61_audio_player\" data-noticia=\"88261\" src=\"https:\/\/brasil61.com\/rails\/active_storage\/blobs\/eyJfcmFpbHMiOnsibWVzc2FnZSI6IkJBaHBBN1FEQkE9PSIsImV4cCI6bnVsbCwicHVyIjoiYmxvYl9pZCJ9fQ==--c05bb7a7945d5f65adc7e42e51d63a2b3938d664\/BRAS2616033A\"><\/audio><\/p>\n<p>O governo federal vai<strong> investigar os recentes aumentos nos pre\u00e7os dos combust\u00edveis <\/strong>registrados em postos da <strong>Bahia, do Rio Grande do Norte, de Minas Gerais, do Rio Grande do Sul e do Distrito Federal<\/strong>. A <a href=\"https:\/\/www.gov.br\/mj\/pt-br\/assuntos\/noticias\/ministerio-da-justica-solicita-ao-cade-analise-sobre-aumento-no-preco-dos-combustiveis\" target=\"_blank\">Secretaria Nacional do Consumidor (Senacon)<\/a>, \u00f3rg\u00e3o ligado ao <a href=\"https:\/\/www.gov.br\/mj\/pt-br\" target=\"_blank\">Minist\u00e9rio da Justi\u00e7a e Seguran\u00e7a P\u00fablica<\/a>, encaminhou nesta ter\u00e7a-feira (10) um of\u00edcio ao <a href=\"https:\/\/www.gov.br\/cade\/pt-br\/pagina-inicial\" target=\"_blank\">Conselho Administrativo de Defesa Econ\u00f4mica (Cade)<\/a> solicitando a apura\u00e7\u00e3o do caso.<\/p>\n<p>A medida foi tomada ap\u00f3s <strong>sindicatos do setor denunciarem que distribuidoras dessas unidades federativas estariam elevando os pre\u00e7os de venda com base na alta do petr\u00f3leo no mercado internacional, associada ao conflito no Oriente M\u00e9dio<\/strong>.<\/p>\n<p>Apesar da justificativa, a <a href=\"https:\/\/petrobras.com.br\/\" target=\"_blank\">Petrobras<\/a> n\u00e3o anunciou reajustes nos pre\u00e7os dos combust\u00edveis vendidos em suas refinarias.<\/p>\n<h2>Alerta dos sindicatos<\/h2>\n<p><a href=\"https:\/\/www.instagram.com\/p\/DVjThB1EWKM\/?utm_source=ig_web_copy_link&amp;igsh=MzRlODBiNWFlZA==\" target=\"_blank\">Em nota publicada nas redes sociais<\/a>, o <strong>Sindicato do Com\u00e9rcio de Combust\u00edveis da Bahia<\/strong> (<a href=\"https:\/\/www.sindicombustiveis.com.br\/\" target=\"_blank\">SindiCombust\u00edveis-BA<\/a>) afirmou estar preocupado com os efeitos do cen\u00e1rio internacional sobre o mercado baiano. \u201cO conflito envolvendo Estados Unidos, Israel e Ir\u00e3 tem pressionado as cota\u00e7\u00f5es do petr\u00f3leo no mercado internacional e j\u00e1 provoca reflexos no Brasil\u201d, disse a entidade.<\/p>\n<p>O <strong>Sindicato do Com\u00e9rcio Varejista de Derivados de Petr\u00f3leo do Rio Grande do Norte<\/strong> (<a href=\"https:\/\/sindipostosrn.portaldocomercio.org.br\/\" target=\"_blank\">Sindipostos-RN<\/a>) tamb\u00e9m destacou nas <a href=\"https:\/\/www.instagram.com\/p\/DVbrG2Oj0ii\/?utm_source=ig_web_copy_link&amp;igsh=MzRlODBiNWFlZA==\" target=\"_blank\">redes sociais<\/a> que o conflito \u201cj\u00e1 come\u00e7a a refletir na alta do pre\u00e7o do petr\u00f3leo no mercado internacional, acendendo um sinal de aten\u00e7\u00e3o para o setor de combust\u00edveis no Brasil\u201d.<\/p>\n<p>Em Minas Gerais, o <strong><a href=\"https:\/\/minaspetro.com.br\/\" target=\"_blank\">Minaspetro<\/a><\/strong> alertou nas <a href=\"https:\/\/www.instagram.com\/p\/DVts6e_kV0U\/?utm_source=ig_web_copy_link&amp;igsh=MzRlODBiNWFlZA==\" target=\"_blank\">redes sociais<\/a> que a defasagem no pre\u00e7o do diesel j\u00e1 supera R$ 2 por litro e, na gasolina, se aproxima de R$ 1.<\/p>\n<p>\u201cAs companhias est\u00e3o restringindo a venda e praticando pre\u00e7os exorbitantes, principalmente para os revendedores marca pr\u00f3pria. J\u00e1 h\u00e1 relatos de postos totalmente secos em Minas Gerais. O Minaspetro est\u00e1 monitorando a situa\u00e7\u00e3o e ir\u00e1 acionar os \u00f3rg\u00e3os reguladores para mitigar o risco de desabastecimento\u201d, afirmou a entidade.<\/p>\n<h2>Diferen\u00e7a em rela\u00e7\u00e3o ao mercado internacional<\/h2>\n<p>De acordo com o <a href=\"https:\/\/sindicombustiveis-df.com.br\/\" target=\"_blank\">Sindicato das Empresas Distribuidoras de Combust\u00edveis e de Lubrificantes no Distrito Federal (Sindicombust\u00edveis-DF)<\/a>, <strong>o pre\u00e7o da gasolina nas refinarias da Petrobras est\u00e1 cerca de R$ 0,84 abaixo do valor praticado no mercado internacional<\/strong>. No caso do <strong>diese<\/strong>l, a diferen\u00e7a chega a R<strong>$ 1,90<\/strong>.<\/p>\n<p>Na refinaria da <strong>Bahia<\/strong>, que \u00e9<strong> privatizada e compra petr\u00f3leo no mercado externo<\/strong>, a <strong>gasolina <\/strong>est\u00e1 cerca de <strong>R$ 0,22 <\/strong>mais barata que no mercado internacional e o <strong>diesel<\/strong>,<strong> R$ 0,89<\/strong>. J\u00e1 na refinaria do <strong>Rio Grande do Norte<\/strong>, tamb\u00e9m privatizada, a <strong>gasolina <\/strong>est\u00e1 <strong>R$ 0,41 <\/strong>abaixo e o <strong>diesel<\/strong>, <strong>R$ 0,75<\/strong>.<\/p>\n<p>Por outro lado, na refinaria do <strong>Amazonas<\/strong>, <strong>os pre\u00e7os est\u00e3o acima da refer\u00eancia internacional<\/strong>: a <strong>gasolina <\/strong>custa cerca de <strong>R$ 0,23<\/strong> <strong>a mais<\/strong> e o <strong>diesel<\/strong>, <strong>R$ 0,02<\/strong>, o que contribui para que a Regi\u00e3o Norte tenha os <strong>combust\u00edveis mais caros do pa\u00eds<\/strong>.<\/p>\n<p>No<strong> Distrito Federal<\/strong>, o presidente do Sindicombust\u00edveis-DF, <strong>Paulo Tavares<\/strong>, afirma que <strong>distribuidoras regionais<\/strong>, que trabalham com produto importado, <strong>n\u00e3o conseguem manter pre\u00e7os competitivos diante da alta internacional<\/strong>. Segundo ele, quem tem abastecido o mercado local s\u00e3o postos chamados de \u201cbandeira branca\u201d, abastecidos pelas tr\u00eas maiores distribuidoras do pa\u00eds \u2014 Shell, Ipiranga e Vibra \u2014 detentoras de cotas de fornecimento da Petrobras.<\/p>\n<p>\u201cA Petrobras \u00e9 autossuficiente na produ\u00e7\u00e3o de petr\u00f3leo, mas n\u00e3o \u00e9 autossuficiente no refino do diesel. Esse reajuste maior do diesel ocorre porque o Brasil importa 25% do combust\u00edvel. Essas tr\u00eas maiores distribuidoras (Shell, Ipiranga e Vibra) j\u00e1 subiram seus pre\u00e7os no diesel, na regi\u00e3o do Distrito Federal, entre R$ 0,45 e R$ 0,48 por litro\u201d, afirma.<\/p>\n<p>No caso da <strong>gasolina<\/strong>, <strong>Shell e Vibra <\/strong>reajustaram o pre\u00e7o em<strong> R$ 0,10<\/strong> por litro, enquanto a <strong>Ipiranga <\/strong>aplicou aumento de <strong>R$ 0,17<\/strong>.<\/p>\n<p><strong>VEJA MAIS:<\/strong><\/p>\n<ul>\n<li><a href=\"https:\/\/brasil61.com\/n\/guerra-no-oriente-medio-pressiona-combustiveis-diesel-sobe-r-0-20-e-gasolina-aumenta-r-0-03-bras2616005\" target=\"_blank\">Guerra no Oriente M\u00e9dio pressiona combust\u00edveis: diesel sobe R$ 0,20 e gasolina aumenta R$ 0,03<\/a><\/li>\n<li><a href=\"https:\/\/brasil61.com\/n\/conflito-no-oriente-medio-ja-afeta-exportacoes-brasileiras-mine260994\" target=\"_blank\">Conflito no Oriente M\u00e9dio j\u00e1 afeta exporta\u00e7\u00f5es brasileiras<\/a><\/li>\n<\/ul>\n<p>\t\t\t\t\t\t\t\t\t\t<img loading=\"lazy\" decoding=\"async\" src=\"https:\/\/brasil61.com\/api\/v1\/serve_pixel\/17677\/88261\" alt=\"Pixel Brasil 61\" class=\"b61_pixel\" width=\"0\" height=\"0\"><\/p>\n<input type=\"hidden\" id=\"baseurl\" value=\"https:\/\/noticiasdestaque.com.br\"><input type=\"hidden\" id=\"audio_nonce\" value=\"6f73a554f1\">","protected":false},"excerpt":{"rendered":"<p>Den\u00fancias apontam aumento de pre\u00e7os por distribuidoras, atribu\u00eddos \u00e0 alta do petr\u00f3leo no Oriente M\u00e9dio, mesmo sem reajuste pela Petrobras<\/p>\n","protected":false},"author":1,"featured_media":50725,"comment_status":"open","ping_status":"open","sticky":false,"template":"","format":"standard","meta":{"fifu_image_url":"","fifu_image_alt":"","footnotes":""},"categories":[59],"tags":[],"class_list":["post-50724","post","type-post","status-publish","format-standard","has-post-thumbnail","hentry","category-economia"],"distributor_meta":false,"distributor_terms":false,"distributor_media":false,"distributor_original_site_name":"Noticias em Destaque","distributor_original_site_url":"https:\/\/noticiasdestaque.com.br","push-errors":false,"_links":{"self":[{"href":"https:\/\/noticiasdestaque.com.br\/index.php\/wp-json\/wp\/v2\/posts\/50724","targetHints":{"allow":["GET"]}}],"collection":[{"href":"https:\/\/noticiasdestaque.com.br\/index.php\/wp-json\/wp\/v2\/posts"}],"about":[{"href":"https:\/\/noticiasdestaque.com.br\/index.php\/wp-json\/wp\/v2\/types\/post"}],"author":[{"embeddable":true,"href":"https:\/\/noticiasdestaque.com.br\/index.php\/wp-json\/wp\/v2\/users\/1"}],"replies":[{"embeddable":true,"href":"https:\/\/noticiasdestaque.com.br\/index.php\/wp-json\/wp\/v2\/comments?post=50724"}],"version-history":[{"count":0,"href":"https:\/\/noticiasdestaque.com.br\/index.php\/wp-json\/wp\/v2\/posts\/50724\/revisions"}],"wp:featuredmedia":[{"embeddable":true,"href":"https:\/\/noticiasdestaque.com.br\/index.php\/wp-json\/wp\/v2\/media\/50725"}],"wp:attachment":[{"href":"https:\/\/noticiasdestaque.com.br\/index.php\/wp-json\/wp\/v2\/media?parent=50724"}],"wp:term":[{"taxonomy":"category","embeddable":true,"href":"https:\/\/noticiasdestaque.com.br\/index.php\/wp-json\/wp\/v2\/categories?post=50724"},{"taxonomy":"post_tag","embeddable":true,"href":"https:\/\/noticiasdestaque.com.br\/index.php\/wp-json\/wp\/v2\/tags?post=50724"}],"curies":[{"name":"wp","href":"https:\/\/api.w.org\/{rel}","templated":true}]}}