{"id":5072,"date":"2023-02-07T16:47:47","date_gmt":"2023-02-07T19:47:47","guid":{"rendered":"https:\/\/noticiasdestaque.com.br\/index.php\/2023\/02\/07\/araraquara-sp-governo-destina-mais-de-r-milhoes-para-recuperacao-de-pontes\/"},"modified":"2023-02-07T16:47:47","modified_gmt":"2023-02-07T19:47:47","slug":"araraquara-sp-governo-destina-mais-de-r-milhoes-para-recuperacao-de-pontes","status":"publish","type":"post","link":"https:\/\/noticiasdestaque.com.br\/index.php\/2023\/02\/07\/araraquara-sp-governo-destina-mais-de-r-milhoes-para-recuperacao-de-pontes\/","title":{"rendered":"Araraquara (SP): Governo destina mais de R$ 4,7 milh\u00f5es para recupera\u00e7\u00e3o de pontes"},"content":{"rendered":"<p>O munic\u00edpio de Araraquara (SP) receber\u00e1 mais de R$ 4,7 milh\u00f5es para recupera\u00e7\u00e3o de duas pontes urbanas e uma rural e para o in\u00edcio do processo de restabelecimento de leitos de rios da cidade. O repasse ser\u00e1 feito a partir de assinatura do ministro da Integra\u00e7\u00e3o e do Desenvolvimento Regional, Waldez G\u00f3es, nesta segunda-feira (6). A a\u00e7\u00e3o \u00e9 em resposta \u00e0s fortes chuvas que causaram danos ao munic\u00edpio do interior paulista no fim do ano passado e in\u00edcio deste ano. Tamb\u00e9m estiveram presentes ao evento o ministro das Cidades, Jader Filho, e o prefeito Edinho Silva.<\/p>\n<p>Ser\u00e3o reconstru\u00eddas as pontes da Avenida Armando Sales de Oliveira, que d\u00e1 acesso aos bairros Vale do Sol e \u00c1guas do Paiol, e da Rua 9 de julho, que faz conex\u00e3o com o Jardim Cambuy e Jardim Bot\u00e2nico. Para essas obras, ser\u00e3o investidos R$ 4,3 milh\u00f5es. Al\u00e9m disso, R$ 97,3 mil ser\u00e3o investidos no reestabelecimento da travessia rural na ARA 333, que d\u00e1 acesso \u00e0 rodovia Washington Lu\u00eds. A libera\u00e7\u00e3o tamb\u00e9m contempla obra de limpeza e desobstru\u00e7\u00e3o de c\u00f3rregos, no valor de R$ 320,2 mil.<\/p>\n<p>\u201cN\u00f3s devemos sempre procurar conjecturas no dia a dia pol\u00edtico para construir solu\u00e7\u00f5es e respostas para a ocorr\u00eancia de desastres, mas, sobretudo, para prevenir que situa\u00e7\u00f5es como essa venham a ocorrer\u201d, destaca o ministro Waldez G\u00f3es. \u201cEncerramos o m\u00eas com mais de R$ 90 milh\u00f5es de apoio aos munic\u00edpios afetados, incluindo a Opera\u00e7\u00e3o Carro-Pipa. Uns dependem de uma resposta maior de or\u00e7amento, outros t\u00eam situa\u00e7\u00f5es menores, mas todos precisam de resposta do Governo Federal, que estar\u00e1 presente sempre\u201d, ressaltou.<\/p>\n<p>Desde o in\u00edcio do ano, mais de R$ 5,25 milh\u00f5es j\u00e1 foram aprovados pelo MIDR para a\u00e7\u00f5es de resposta e reconstru\u00e7\u00e3o em Araraquara. Al\u00e9m dos R$ 4,7 milh\u00f5es cujo repasse j\u00e1 foi autorizado, outros R$ 488,9 mil est\u00e3o previstos para serem disponibilizados em breve para recupera\u00e7\u00e3o de acessos vi\u00e1rios danificados pelas fortes chuvas.<\/p>\n<p>Presente \u00e0 assinatura da ordem de servi\u00e7o, o ministro das Cidades, Jader Filho, destacou que os recursos disponibilizados para Araraquara se devem a um trabalho integrado entre v\u00e1rias \u00e1reas do Governo Federal e a prefeitura da cidade paulista.<\/p>\n<p>\u201cHoje \u00e9 um dia de muita alegria para n\u00f3s do Minist\u00e9rio das Cidades, pois encontramos uma solu\u00e7\u00e3o de um fato que vinha nos angustiando muito. Na \u00faltima quinta-feira, estivemos no Pal\u00e1cio do Planalto com o presidente Lula, colocamos as solu\u00e7\u00f5es que eram poss\u00edveis na mesa e todos juntos encontramos uma solu\u00e7\u00e3o para responder a esse desastre que houve em Araraquara\u201d, enfatizou o ministro Jader Filho.<\/p>\n<p>O prefeito Edinho Silva agradeceu o empenho do Governo Federal em viabilizar recursos para Araraquara. \u201cSei que os dois ministros aqui presentes trabalham incansavelmente para que todas as demandas sejam contempladas. Hoje, estamos efetivando um novo trabalho que s\u00f3 foi materializado porque tivemos a sensibilidade do presidente Lula, aqui representado por dois ministros de muita representatividade\u201d, declarou.<\/p>\n<h2>Apoio federal<\/h2>\n<p>O Governo Federal vem dando apoio a Araraquara desde o in\u00edcio das chuvas na cidade paulista. Em 5 de janeiro, os ministros Waldez G\u00f3es e Jader Filho estiveram na cidade para avaliar os danos causados pelas fortes chuvas e prestar apoio ao munic\u00edpio. A ida da comitiva do Governo Federal foi uma solicita\u00e7\u00e3o do presidente Luiz In\u00e1cio Lula da Silva. As autoridades passaram por tr\u00eas dos pontos mais cr\u00edticos, acompanhados pelo prefeito Edinho Silva.<\/p>\n<p>Em oito de janeiro, o presidente Luiz In\u00e1cio Lula da Silva, os ministros da Integra\u00e7\u00e3o e do Desenvolvimento Regional, Waldez G\u00f3es, das Cidades, Jader Filho, e do Trabalho, Luiz Marinho, e a primeira-dama Ros\u00e2ngela Lula da Silva estiveram no munic\u00edpio paulista para avaliar os danos estiveram no munic\u00edpio paulista para avaliar os danos causados e dar o apoio necess\u00e1rio aos trabalhos de assist\u00eancia e recupera\u00e7\u00e3o. <\/p>\n<p> Fonte: Brasil61<\/p>\n<input type=\"hidden\" id=\"baseurl\" value=\"https:\/\/noticiasdestaque.com.br\"><input type=\"hidden\" id=\"audio_nonce\" value=\"eb7638fb71\">","protected":false},"excerpt":{"rendered":"<p>Ordem de servi\u00e7o para in\u00edcio das obras foi assinada nesta segunda-feira (6) pelo ministro Waldez G\u00f3es. Estruturas foram danificadas pelas fortes chuvas que atingiram a cidade<\/p>\n","protected":false},"author":1,"featured_media":0,"comment_status":"open","ping_status":"open","sticky":false,"template":"","format":"standard","meta":{"fifu_image_url":"","fifu_image_alt":"","footnotes":""},"categories":[48],"tags":[],"class_list":["post-5072","post","type-post","status-publish","format-standard","hentry","category-mundo"],"distributor_meta":false,"distributor_terms":false,"distributor_media":false,"distributor_original_site_name":"Portal de Recupera\u00e7\u00e3o","distributor_original_site_url":"https:\/\/portalderecuperacao.com","push-errors":false,"_links":{"self":[{"href":"https:\/\/noticiasdestaque.com.br\/index.php\/wp-json\/wp\/v2\/posts\/5072","targetHints":{"allow":["GET"]}}],"collection":[{"href":"https:\/\/noticiasdestaque.com.br\/index.php\/wp-json\/wp\/v2\/posts"}],"about":[{"href":"https:\/\/noticiasdestaque.com.br\/index.php\/wp-json\/wp\/v2\/types\/post"}],"author":[{"embeddable":true,"href":"https:\/\/noticiasdestaque.com.br\/index.php\/wp-json\/wp\/v2\/users\/1"}],"replies":[{"embeddable":true,"href":"https:\/\/noticiasdestaque.com.br\/index.php\/wp-json\/wp\/v2\/comments?post=5072"}],"version-history":[{"count":0,"href":"https:\/\/noticiasdestaque.com.br\/index.php\/wp-json\/wp\/v2\/posts\/5072\/revisions"}],"wp:attachment":[{"href":"https:\/\/noticiasdestaque.com.br\/index.php\/wp-json\/wp\/v2\/media?parent=5072"}],"wp:term":[{"taxonomy":"category","embeddable":true,"href":"https:\/\/noticiasdestaque.com.br\/index.php\/wp-json\/wp\/v2\/categories?post=5072"},{"taxonomy":"post_tag","embeddable":true,"href":"https:\/\/noticiasdestaque.com.br\/index.php\/wp-json\/wp\/v2\/tags?post=5072"}],"curies":[{"name":"wp","href":"https:\/\/api.w.org\/{rel}","templated":true}]}}