{"id":50712,"date":"2026-03-11T18:40:00","date_gmt":"2026-03-11T21:40:00","guid":{"rendered":"https:\/\/noticiasdestaque.com.br\/index.php\/2026\/03\/11\/previsao-do-tempo-chuvas-e-trovoadas-para-a-regiao-sul-nesta-quinta-feira-12\/"},"modified":"2026-03-11T18:40:00","modified_gmt":"2026-03-11T21:40:00","slug":"previsao-do-tempo-chuvas-e-trovoadas-para-a-regiao-sul-nesta-quinta-feira-12","status":"publish","type":"post","link":"https:\/\/noticiasdestaque.com.br\/index.php\/2026\/03\/11\/previsao-do-tempo-chuvas-e-trovoadas-para-a-regiao-sul-nesta-quinta-feira-12\/","title":{"rendered":"PREVIS\u00c3O DO TEMPO: chuvas e trovoadas para a Regi\u00e3o Sul nesta quinta-feira (12)"},"content":{"rendered":"<p>\t\t\t\t\t\t\t\t\t\t\t<audio controls class=\"b61_audio_player\" data-noticia=\"88259\" src=\"https:\/\/brasil61.com\/rails\/active_storage\/blobs\/eyJfcmFpbHMiOnsibWVzc2FnZSI6IkJBaHBBM2NEQkE9PSIsImV4cCI6bnVsbCwicHVyIjoiYmxvYl9pZCJ9fQ==--4796e3759e862c242ba70662ced610ad751f5953\/PTRS264253A\"><\/audio><\/p>\n<p>A <b>previs\u00e3o do tempo <\/b>para o <b>Sul<\/b> do pa\u00eds, nesta <b>quinta-feira (12)<\/b>, indica c\u00e9u com\u00a0<b>muitas<\/b> <b>nuvens<\/b> para toda a regi\u00e3o, com<b> chuvas de diferentes intensidades <\/b>para os tr\u00eas estados ao longo do dia.<\/p>\n<p>Pela <b>manh\u00e3<\/b>, a previs\u00e3o \u00e9 com\u00a0<b>muitas<\/b> <b>nuvens<\/b> para toda a regi\u00e3o e<b> possibilidade de chuvas isoladas <\/b>para o centro-norte e leste do Paran\u00e1, centro-leste de Santa Catarina e centro-leste do Rio Grande do Sul. As <b>chuvas devem amanhecer mais intensas <\/b>no norte e leste do Paran\u00e1 e no litoral leste entre o Paran\u00e1 e o Rio Grande do Sul.<\/p>\n<p>Durante a <b>tarde<\/b>, as <b>chuvas se intensificam <\/b>em todo o estado de Santa Catarina, centro-leste do Paran\u00e1 e nordeste do Rio Grande do Sul, <b>acompanhadas de trovoadas<\/b> no centro-leste paranaense e catarinense e no nordeste ga\u00facho.<\/p>\n<p>\u00c0 <b>noite<\/b>, as <b>chuvas perdem intensidade e se restringem<\/b> ao centro-norte e leste do Paran\u00e1 e litoral leste entre Santa Catarina e o Rio Grande do Sul. As <b>pancadas de chuva<\/b> <b>se restringem<\/b> ao centro-nordeste do Paran\u00e1 e nordeste do litoral catarinense, mas <b>sem trovoadas<\/b>.<\/p>\n<p>O <b>Instituto Nacional de Meteorologia<\/b> (<a href=\"https:\/\/portal.inmet.gov.br\/\">Inmet<\/a>) emitiu alerta de <b>perigo de tempestade<\/b> para o extremo-sul do Paran\u00e1, oeste e centro-sul de Santa Catarina e norte e litoral do Rio Grande do Sul.<\/p>\n<p>Entre as <b>capitais<\/b>, a <b>temperatura m\u00ednima <\/b>prevista \u00e9 de <b>15\u00b0C<\/b>, em <b>Curitiba<\/b>. J\u00e1 a <b>m\u00e1xima<\/b> pode chegar at\u00e9 <b>29\u00b0C<\/b>, em <b>Porto Alegre<\/b>. A <b>umidade relativa do ar<\/b> varia entre <b>50%<\/b> e <b>100%<\/b>.<\/p>\n<h2>5 motivos para acompanhar as previs\u00f5es do tempo<\/h2>\n<ul>\n<li>Agricultura: garantia de uma boa colheita;<\/li>\n<li>Marinha: prote\u00e7\u00e3o de marinheiros, navios e passageiros;<\/li>\n<li>Aeron\u00e1utica: seguran\u00e7a de pilotos, aeronaves e passageiros;<\/li>\n<li>Pesca: condi\u00e7\u00f5es favor\u00e1veis e seguras para a atividade;<\/li>\n<li>Turismo: garantia de passeios e viagens tranquilas e agrad\u00e1veis.<\/li>\n<\/ul>\n<h2>Import\u00e2ncia das observa\u00e7\u00f5es meteorol\u00f3gicas no INMET<\/h2>\n<p>As observa\u00e7\u00f5es meteorol\u00f3gicas do INMET s\u00e3o essenciais para previs\u00f5es em tempo real, estat\u00edsticas clim\u00e1ticas e coopera\u00e7\u00e3o internacional. Esses dados precisos ajudam a estudar o clima passado e a produzir Normais Climatol\u00f3gicas conforme a Organiza\u00e7\u00e3o Meteorol\u00f3gica Mundial (<a href=\"https:\/\/worldweather.wmo.int\/pt\/home.html\">OMM<\/a>).<\/p>\n<p>As informa\u00e7\u00f5es s\u00e3o do Instituto Nacional de Meteorologia (<a href=\"https:\/\/portal.inmet.gov.br\">Inmet<\/a>).<\/p>\n<p>\t\t\t\t\t\t\t\t\t\t<img loading=\"lazy\" decoding=\"async\" src=\"https:\/\/brasil61.com\/api\/v1\/serve_pixel\/17677\/88259\" alt=\"Pixel Brasil 61\" class=\"b61_pixel\" width=\"0\" height=\"0\"><\/p>\n<input type=\"hidden\" id=\"baseurl\" value=\"https:\/\/noticiasdestaque.com.br\"><input type=\"hidden\" id=\"audio_nonce\" value=\"6a24ca502e\">","protected":false},"excerpt":{"rendered":"<p>A previs\u00e3o \u00e9 de chuvas de diferentes intensidades para os tr\u00eas estados ao longo do dia; temperaturas variam entre 15\u00b0C e 29\u00b0C<\/p>\n","protected":false},"author":1,"featured_media":50713,"comment_status":"open","ping_status":"open","sticky":false,"template":"","format":"standard","meta":{"fifu_image_url":"","fifu_image_alt":"","footnotes":""},"categories":[58],"tags":[],"class_list":["post-50712","post","type-post","status-publish","format-standard","has-post-thumbnail","hentry","category-cotidiano"],"distributor_meta":false,"distributor_terms":false,"distributor_media":false,"distributor_original_site_name":"Noticias em Destaque","distributor_original_site_url":"https:\/\/noticiasdestaque.com.br","push-errors":false,"_links":{"self":[{"href":"https:\/\/noticiasdestaque.com.br\/index.php\/wp-json\/wp\/v2\/posts\/50712","targetHints":{"allow":["GET"]}}],"collection":[{"href":"https:\/\/noticiasdestaque.com.br\/index.php\/wp-json\/wp\/v2\/posts"}],"about":[{"href":"https:\/\/noticiasdestaque.com.br\/index.php\/wp-json\/wp\/v2\/types\/post"}],"author":[{"embeddable":true,"href":"https:\/\/noticiasdestaque.com.br\/index.php\/wp-json\/wp\/v2\/users\/1"}],"replies":[{"embeddable":true,"href":"https:\/\/noticiasdestaque.com.br\/index.php\/wp-json\/wp\/v2\/comments?post=50712"}],"version-history":[{"count":0,"href":"https:\/\/noticiasdestaque.com.br\/index.php\/wp-json\/wp\/v2\/posts\/50712\/revisions"}],"wp:featuredmedia":[{"embeddable":true,"href":"https:\/\/noticiasdestaque.com.br\/index.php\/wp-json\/wp\/v2\/media\/50713"}],"wp:attachment":[{"href":"https:\/\/noticiasdestaque.com.br\/index.php\/wp-json\/wp\/v2\/media?parent=50712"}],"wp:term":[{"taxonomy":"category","embeddable":true,"href":"https:\/\/noticiasdestaque.com.br\/index.php\/wp-json\/wp\/v2\/categories?post=50712"},{"taxonomy":"post_tag","embeddable":true,"href":"https:\/\/noticiasdestaque.com.br\/index.php\/wp-json\/wp\/v2\/tags?post=50712"}],"curies":[{"name":"wp","href":"https:\/\/api.w.org\/{rel}","templated":true}]}}