{"id":50700,"date":"2026-03-11T04:50:00","date_gmt":"2026-03-11T07:50:00","guid":{"rendered":"https:\/\/noticiasdestaque.com.br\/index.php\/2026\/03\/11\/forum-brasil-africa-do-sul-reforca-cooperacao-economica-entre-os-dois-paises-e-destaca-potencial-do-comercio-bilateral\/"},"modified":"2026-03-12T23:07:01","modified_gmt":"2026-03-13T02:07:01","slug":"forum-brasil-africa-do-sul-reforca-cooperacao-economica-entre-os-dois-paises-e-destaca-potencial-do-comercio-bilateral","status":"publish","type":"post","link":"https:\/\/noticiasdestaque.com.br\/index.php\/2026\/03\/11\/forum-brasil-africa-do-sul-reforca-cooperacao-economica-entre-os-dois-paises-e-destaca-potencial-do-comercio-bilateral\/","title":{"rendered":"F\u00f3rum Brasil\u2013\u00c1frica do Sul refor\u00e7a coopera\u00e7\u00e3o econ\u00f4mica entre os dois pa\u00edses e destaca potencial do com\u00e9rcio bilateral"},"content":{"rendered":"<p>\t\t\t\t\t\t\t\t\t\t<audio controls class=\"b61_audio_player\" data-noticia=\"88244\" src=\"https:\/\/brasil61.com\/rails\/active_storage\/blobs\/eyJfcmFpbHMiOnsibWVzc2FnZSI6IkJBaHBBejhEQkE9PSIsImV4cCI6bnVsbCwicHVyIjoiYmxvYl9pZCJ9fQ==--5cfb9a39bb706c22dc11898a9090506ad94e3bd8\/APEX260111A\"><\/audio><\/p>\n<p><strong>Representantes do governo e do setor produtivo de Brasil e \u00c1frica do Sul participaram, nesta segunda-feira (9), do F\u00f3rum Empresarial Brasil\u2013\u00c1frica do Sul, realizado no Pal\u00e1cio do Itamaraty, em Bras\u00edlia (DF).<\/strong><\/p>\n<p><strong>Promovido pela Ag\u00eancia Brasileira de Promo\u00e7\u00e3o de Exporta\u00e7\u00f5es e Investimentos (ApexBrasil) em parceria com o Minist\u00e9rio das Rela\u00e7\u00f5es Exteriores (MRE), o encontro teve como objetivo fortalecer a rela\u00e7\u00e3o comercial bilateral e identificar novas oportunidades de investimento entre os dois pa\u00edses.<\/strong><\/p>\n<p>A delega\u00e7\u00e3o brasileira reuniu cerca de 30 participantes, entre empres\u00e1rios, investidores e representantes do governo. J\u00e1 a comitiva sul-africana contou com 21 integrantes.<\/p>\n<p>A cerim\u00f4nia de abertura foi conduzida pelo ministro das Rela\u00e7\u00f5es Exteriores, Mauro Vieira, e contou com a presen\u00e7a do vice-presidente da Rep\u00fablica e ministro do Desenvolvimento, Ind\u00fastria, Com\u00e9rcio e Servi\u00e7os (MDIC), Geraldo Alckmin, al\u00e9m do presidente da \u00c1frica do Sul, Cyril Ramaphosa.<\/p>\n<p>Durante sua fala, Mauro Vieira destacou a evolu\u00e7\u00e3o da parceria entre os dois pa\u00edses nas \u00faltimas d\u00e9cadas, especialmente no \u00e2mbito da coopera\u00e7\u00e3o entre pa\u00edses do Sul Global.<\/p>\n<p>\u201cNas \u00faltimas d\u00e9cadas, a rela\u00e7\u00e3o bilateral entre Brasil e \u00c1frica do Sul ganhou nova dimens\u00e3o a partir de nossas parcerias no Sul Global. Atuamos de forma coordenada em f\u00f3runs internacionais, defendendo maior representatividade do mundo no desenvolvimento em institui\u00e7\u00f5es globais\u201d, afirmou o ministro.<\/p>\n<p>Cooperamos no \u00e2mbito do BRICS, um dos mais importantes agrupamentos internacionais, e no mecanismo IBAS (F\u00f3rum de Di\u00e1logo entre \u00cdndia, Brasil e \u00c1frica do Sul), com sua inovadora estrat\u00e9gia de coopera\u00e7\u00e3o\u201d, complementou Vieira.<\/p>\n<p>Na sequ\u00eancia, o presidente da ApexBrasil, Jorge Viana, ressaltou as semelhan\u00e7as econ\u00f4micas e as oportunidades de neg\u00f3cios entre as duas na\u00e7\u00f5es. Segundo ele, Brasil e \u00c1frica do Sul ocupam posi\u00e7\u00f5es estrat\u00e9gicas em seus respectivos continentes, sendo os pa\u00edses mais industrializados da Am\u00e9rica Latina e da \u00c1frica.<\/p>\n<p>Durante o evento, Viana tamb\u00e9m manifestou a inten\u00e7\u00e3o de realizar, ainda este ano, um f\u00f3rum empresarial na \u00c1frica do Sul.<\/p>\n<p>\u201cN\u00f3s temos um trabalho a ser feito, porque o com\u00e9rcio entre os dois pa\u00edses tem um potencial enorme, mas \u00e9 muito pequeno. E tanto o presidente Lula, como o presidente sul-africano cobraram isso, que a gente possa ter um com\u00e9rcio maior entre os dois pa\u00edses, uma coopera\u00e7\u00e3o maior\u201d, pontuou.<\/p>\n<p>\u201cOs empres\u00e1rios que vieram acompanhando o presidente da \u00c1frica do Sul est\u00e3o se somando aos empres\u00e1rios que a ApexBrasil convidou, para que a gente tenha, a partir desse encontro empresarial, o nosso plano de trabalho para fazer crescer o com\u00e9rcio do Brasil com a \u00c1frica, especialmente do Brasil com a \u00c1frica do Sul\u201d, enfatizou Viana.<\/p>\n<p><strong>O vice-presidente Geraldo Alckmin destacou medidas que podem ampliar o fluxo comercial entre os pa\u00edses. Entre elas, a amplia\u00e7\u00e3o de linhas tarif\u00e1rias, o incentivo a novos investimentos e a integra\u00e7\u00e3o de cadeias produtivas em setores considerados estrat\u00e9gicos.<\/strong><\/p>\n<p>\u201cPrimeiramente, queremos ampliar as linhas tarif\u00e1rias. Segundo, queremos promover investimentos e integrar cadeias produtivas em setores estrat\u00e9gicos. Estamos em negocia\u00e7\u00f5es avan\u00e7adas para um acordo de coopera\u00e7\u00e3o e facilita\u00e7\u00e3o de investimentos\u201d, disse.<\/p>\n<p>Encerrando a abertura do f\u00f3rum, o presidente sul-africano Cyril Ramaphosa apontou \u00e1reas com potencial de coopera\u00e7\u00e3o entre as duas economias, como agricultura e avia\u00e7\u00e3o. Ele tamb\u00e9m destacou a import\u00e2ncia de reduzir barreiras e fortalecer o com\u00e9rcio bilateral.<\/p>\n<p>\u201cPrecisamos trabalhar em reduzir a fric\u00e7\u00e3o comercial, ao fortalecer a coopera\u00e7\u00e3o para o com\u00e9rcio. Existe um enorme escopo para avan\u00e7ar a ind\u00fastria em setores de impacto identificados entre os dois pa\u00edses, pois existem importantes setores de import\u00e2ncia onde a coopera\u00e7\u00e3o pode ser elevada a um n\u00edvel muito maior\u201d, afirmou.<\/p>\n<p><strong>VEJA MAIS:<\/strong><\/p>\n<ul>\n<li><a href=\"https:\/\/brasil61.com\/n\/brasil-busca-investimentos-para-minerais-criticos-em-evento-global-no-canada-apex260110\" target=\"_blank\">Brasil busca investimentos para minerais cr\u00edticos em evento global no Canad\u00e1<\/a><\/li>\n<li><a href=\"https:\/\/brasil61.com\/n\/startups-brasileiras-ampliam-presenca-na-europa-com-apoio-da-apexbrasil-apex260109\" target=\"_blank\">Startups brasileiras ampliam presen\u00e7a na Europa com apoio da ApexBrasil<\/a><\/li>\n<\/ul>\n<p>Al\u00e9m das falas institucionais, o evento contou com um painel dedicado \u00e0s oportunidades de coopera\u00e7\u00e3o econ\u00f4mica e investimentos, reunindo empres\u00e1rios e representantes de institui\u00e7\u00f5es dos dois pa\u00edses.<\/p>\n<p>Participaram do debate a presidente da Embrapa, Silvia Massruh\u00e1; o vice-presidente da Embraer, Jos\u00e9 Serrador; o vice-presidente da WEG, Daniel Godinho; o diretor da Vale, Kennedy Alencar; e representantes da Axia Energia, ligada \u00e0 Eletrobras.<\/p>\n<p><strong>O encontro faz parte da agenda de f\u00f3runs empresariais promovidos pela ApexBrasil para estimular o com\u00e9rcio internacional. Entre janeiro de 2023 e mar\u00e7o de 2026, a ag\u00eancia realizou 27 edi\u00e7\u00f5es do evento, sendo 21 com a presen\u00e7a do presidente Luiz In\u00e1cio Lula da Silva e seis com a participa\u00e7\u00e3o do vice-presidente Geraldo Alckmin.<\/strong><\/p>\n<h2>Parceria comercial<\/h2>\n<p><strong>Atualmente, a \u00c1frica do Sul \u00e9 um dos principais parceiros comerciais do Brasil no continente africano e figura entre os destinos relevantes para as exporta\u00e7\u00f5es brasileiras no Sul Global.<\/strong><\/p>\n<p>Em 2025, o com\u00e9rcio bilateral entre os dois pa\u00edses alcan\u00e7ou US$ 2,4 bilh\u00f5es. Desse total, US$ 1,5 bilh\u00e3o correspondeu a exporta\u00e7\u00f5es brasileiras, o que representa um crescimento de 6,4% em rela\u00e7\u00e3o a 2024. Entre os pa\u00edses africanos, a \u00c1frica do Sul ocupa a terceira posi\u00e7\u00e3o entre os principais parceiros comerciais do Brasil.<br \/>\n\u00a0<\/p>\n<p>\t\t\t\t\t\t\t\t\t<img loading=\"lazy\" decoding=\"async\" src=\"https:\/\/brasil61.com\/api\/v1\/serve_pixel\/17677\/88244\" alt=\"Pixel Brasil 61\" class=\"b61_pixel\" width=\"0\" height=\"0\"><\/p>\n<input type=\"hidden\" id=\"baseurl\" value=\"https:\/\/noticiasdestaque.com.br\"><input type=\"hidden\" id=\"audio_nonce\" value=\"6a24ca502e\">","protected":false},"excerpt":{"rendered":"<p>Presidente da ApexBrasil, Jorge Viana defende amplia\u00e7\u00e3o comercial e coopera\u00e7\u00e3o econ\u00f4mica<\/p>\n","protected":false},"author":1,"featured_media":50748,"comment_status":"open","ping_status":"open","sticky":false,"template":"","format":"standard","meta":{"fifu_image_url":"","fifu_image_alt":"","footnotes":""},"categories":[59],"tags":[],"class_list":["post-50700","post","type-post","status-publish","format-standard","has-post-thumbnail","hentry","category-economia"],"distributor_meta":false,"distributor_terms":false,"distributor_media":false,"distributor_original_site_name":"Noticias em Destaque","distributor_original_site_url":"https:\/\/noticiasdestaque.com.br","push-errors":false,"_links":{"self":[{"href":"https:\/\/noticiasdestaque.com.br\/index.php\/wp-json\/wp\/v2\/posts\/50700","targetHints":{"allow":["GET"]}}],"collection":[{"href":"https:\/\/noticiasdestaque.com.br\/index.php\/wp-json\/wp\/v2\/posts"}],"about":[{"href":"https:\/\/noticiasdestaque.com.br\/index.php\/wp-json\/wp\/v2\/types\/post"}],"author":[{"embeddable":true,"href":"https:\/\/noticiasdestaque.com.br\/index.php\/wp-json\/wp\/v2\/users\/1"}],"replies":[{"embeddable":true,"href":"https:\/\/noticiasdestaque.com.br\/index.php\/wp-json\/wp\/v2\/comments?post=50700"}],"version-history":[{"count":1,"href":"https:\/\/noticiasdestaque.com.br\/index.php\/wp-json\/wp\/v2\/posts\/50700\/revisions"}],"predecessor-version":[{"id":50747,"href":"https:\/\/noticiasdestaque.com.br\/index.php\/wp-json\/wp\/v2\/posts\/50700\/revisions\/50747"}],"wp:featuredmedia":[{"embeddable":true,"href":"https:\/\/noticiasdestaque.com.br\/index.php\/wp-json\/wp\/v2\/media\/50748"}],"wp:attachment":[{"href":"https:\/\/noticiasdestaque.com.br\/index.php\/wp-json\/wp\/v2\/media?parent=50700"}],"wp:term":[{"taxonomy":"category","embeddable":true,"href":"https:\/\/noticiasdestaque.com.br\/index.php\/wp-json\/wp\/v2\/categories?post=50700"},{"taxonomy":"post_tag","embeddable":true,"href":"https:\/\/noticiasdestaque.com.br\/index.php\/wp-json\/wp\/v2\/tags?post=50700"}],"curies":[{"name":"wp","href":"https:\/\/api.w.org\/{rel}","templated":true}]}}