{"id":5070,"date":"2023-02-07T16:45:42","date_gmt":"2023-02-07T19:45:42","guid":{"rendered":"https:\/\/noticiasdestaque.com.br\/index.php\/2023\/02\/07\/astrocientistas-debatem-desafios-da-carreira-em-encontro-virtual\/"},"modified":"2023-02-07T16:45:42","modified_gmt":"2023-02-07T19:45:42","slug":"astrocientistas-debatem-desafios-da-carreira-em-encontro-virtual","status":"publish","type":"post","link":"https:\/\/noticiasdestaque.com.br\/index.php\/2023\/02\/07\/astrocientistas-debatem-desafios-da-carreira-em-encontro-virtual\/","title":{"rendered":"Astrocientistas debatem desafios da carreira em encontro virtual"},"content":{"rendered":"<style> bloco.meta {font-style: italic; color: #666;font-weight: 600;font-size: .8em; \/* line-height: .3em; *\/}  text h2 { font-weight: 700 !important;  color: #062f46 !important;} text img { width: none; left: none;}<\/style>\n<\/p>\n<p>Como os buracos negros evoluem e influenciam o ambiente ao seu redor? O que apontam as pesquisas sobre a misteriosa energia escura? O que a energia nuclear tem a ver com estrelas de n\u00eautrons e ondas gravitacionais?<\/p>\n<p>Estas perguntas fazem parte de linhas de pesquisas de cientistas brasileiras ligadas \u00e0s astroci\u00eancias e que se re\u00fanem, virtualmente, a partir desta ter\u00e7a-feira (7) at\u00e9 a pr\u00f3xima sexta-feira (10) para troca de informa\u00e7\u00f5es, saberes e viv\u00eancias.<\/p>\n<p>Esta edi\u00e7\u00e3o do evento As Astrocientistas \u2013 2\u00ba Encontro Brasileiros de Meninas e  Mulheres da Astrof\u00edsica, Cosmologia e Gravita\u00e7\u00e3o \u2013 conta com pesquisadoras que est\u00e3o no Brasil e em pa\u00edses como Estados Unidos, Fran\u00e7a, Reino Unido, M\u00e9xico e Alemanha.<\/p>\n<p>\u00c9 o caso de uma das organizadoras do evento, a astr\u00f4noma Catarina Aydar, que participa da Alemanha, onde \u00e9 aluna de doutorado no Instituto Max Plank para F\u00edsica Extraterrestre.<\/p>\n<p>Ela explica que a ideia de criar um espa\u00e7o virtual, em 2021, que agregasse pesquisadoras brasileiras no cen\u00e1rio nacional e internacional veio de uma demanda presente de se conectarem, trocarem informa\u00e7\u00f5es e impress\u00f5es sobre carreira e trabalho. Al\u00e9m disso, Aydar destaca a import\u00e2ncia de abrir portas para gera\u00e7\u00f5es futuras em um ambiente majoritariamente ocupado por homens.<\/p>\n<p>\u201cA maioria das organizadoras, quando surgiu a ideia, estava fora do Brasil e sentia falta deste v\u00ednculo com a comunidade de mulheres brasileiras na ci\u00eancia. Ent\u00e3o, foi uma vontade de expandir isso, para que inclusive mulheres que talvez viessem de forma\u00e7\u00f5es em que tivesse uma maioria sufocante de homens pudessem encontrar esses outros pares de mulheres que s\u00e3o ao mesmo tempo inspira\u00e7\u00e3o e parceria\u2019\u2019, diz.<\/p>\n<p>Em rela\u00e7\u00e3o \u00e0 edi\u00e7\u00e3o passada, em que o evento focou principalmente nas quest\u00f5es das descobertas e desafios cient\u00edficos com o protagonismo feminino, Aydar diz que este ano o foco est\u00e1 ampliado para debates sobre comunica\u00e7\u00e3o, divulga\u00e7\u00e3o cient\u00edfica e nas formas eficazes de fazer com que o conhecimento cient\u00edfico chegue at\u00e9 a popula\u00e7\u00e3o brasileira. Ela destaca ainda que, embora os debates sobre equidade nas carreiras ligadas \u00e0s astroci\u00eancias sejam uma bandeira, o encontro \u00e9 aberto para todos os interessados.<\/p>\n<p>\u2018\u2019A gente acredita que \u00e9 muito importante ter ambos os g\u00eaneros e as outras as pessoas que se identificam com outros g\u00eaneros al\u00e9m deste binarismo, participando nesta luta por mais diversidade, inclus\u00e3o, e por uma academia que seja menos t\u00f3xica e acolha as mulheres para que n\u00e3o se sintam exclu\u00eddas e oprimidas enquanto exercem a profiss\u00e3o.&#8221;<\/p>\n<p> nd-widget-wrapper context-medio_4colunas type-image atom-align-left&#8221;<\/p>\n<input type=\"hidden\" id=\"baseurl\" value=\"https:\/\/noticiasdestaque.com.br\"><input type=\"hidden\" id=\"audio_nonce\" value=\"eb7638fb71\">","protected":false},"excerpt":{"rendered":"<p>Evento re\u00fane pesquisadoras do Brasil e de pa\u00edses como EUA e Fran\u00e7a<\/p>\n","protected":false},"author":1,"featured_media":5071,"comment_status":"open","ping_status":"open","sticky":false,"template":"","format":"standard","meta":{"fifu_image_url":"","fifu_image_alt":"","footnotes":""},"categories":[48],"tags":[],"class_list":["post-5070","post","type-post","status-publish","format-standard","has-post-thumbnail","hentry","category-mundo"],"distributor_meta":false,"distributor_terms":false,"distributor_media":false,"distributor_original_site_name":"Portal de Recupera\u00e7\u00e3o","distributor_original_site_url":"https:\/\/portalderecuperacao.com","push-errors":false,"_links":{"self":[{"href":"https:\/\/noticiasdestaque.com.br\/index.php\/wp-json\/wp\/v2\/posts\/5070","targetHints":{"allow":["GET"]}}],"collection":[{"href":"https:\/\/noticiasdestaque.com.br\/index.php\/wp-json\/wp\/v2\/posts"}],"about":[{"href":"https:\/\/noticiasdestaque.com.br\/index.php\/wp-json\/wp\/v2\/types\/post"}],"author":[{"embeddable":true,"href":"https:\/\/noticiasdestaque.com.br\/index.php\/wp-json\/wp\/v2\/users\/1"}],"replies":[{"embeddable":true,"href":"https:\/\/noticiasdestaque.com.br\/index.php\/wp-json\/wp\/v2\/comments?post=5070"}],"version-history":[{"count":0,"href":"https:\/\/noticiasdestaque.com.br\/index.php\/wp-json\/wp\/v2\/posts\/5070\/revisions"}],"wp:featuredmedia":[{"embeddable":true,"href":"https:\/\/noticiasdestaque.com.br\/index.php\/wp-json\/wp\/v2\/media\/5071"}],"wp:attachment":[{"href":"https:\/\/noticiasdestaque.com.br\/index.php\/wp-json\/wp\/v2\/media?parent=5070"}],"wp:term":[{"taxonomy":"category","embeddable":true,"href":"https:\/\/noticiasdestaque.com.br\/index.php\/wp-json\/wp\/v2\/categories?post=5070"},{"taxonomy":"post_tag","embeddable":true,"href":"https:\/\/noticiasdestaque.com.br\/index.php\/wp-json\/wp\/v2\/tags?post=5070"}],"curies":[{"name":"wp","href":"https:\/\/api.w.org\/{rel}","templated":true}]}}