{"id":5068,"date":"2023-02-07T16:42:56","date_gmt":"2023-02-07T19:42:56","guid":{"rendered":"https:\/\/noticiasdestaque.com.br\/index.php\/2023\/02\/07\/mme-instala-placas-solares-em-comunidades-yanomami-em-roraima\/"},"modified":"2023-02-07T16:42:56","modified_gmt":"2023-02-07T19:42:56","slug":"mme-instala-placas-solares-em-comunidades-yanomami-em-roraima","status":"publish","type":"post","link":"https:\/\/noticiasdestaque.com.br\/index.php\/2023\/02\/07\/mme-instala-placas-solares-em-comunidades-yanomami-em-roraima\/","title":{"rendered":"MME instala placas solares em comunidades yanomami em Roraima"},"content":{"rendered":"<style> bloco.meta {font-style: italic; color: #666;font-weight: 600;font-size: .8em; \/* line-height: .3em; *\/}  text h2 { font-weight: 700 !important;  color: #062f46 !important;} text img { width: none; left: none;}<\/style>\n<\/p>\n<p class=\"rtejustify\">O Minist\u00e9rio de Minas e Energia (MME) informou nesta segunda-feira (6) que foram instaladas, no \u00faltimo final de semana, placas solares com bateria nas comunidades Walo Pali e Palimiu, que integram a Terra Ind\u00edgena Yanomami, em Roraima, o que ir\u00e1 refor\u00e7ar o fornecimento de energia na regi\u00e3o.<\/p>\n<p class=\"rtejustify\">Nesta semana, est\u00e1 prevista a instala\u00e7\u00e3o nos polos de Serra da Estrutura, Auaris, Surucucu e Xexena.<\/p>\n<p class=\"rtejustify\">A medida integra as a\u00e7\u00f5es que v\u00eam sendo adotadas pelo governo federal para socorrer o povo ind\u00edgena yanomami, que enfrenta uma crise humanit\u00e1ria.<\/p>\n<p class=\"rtejustify\">O sistema de gera\u00e7\u00e3o de energia solar \u00e9 o equipamento ideal para atender localidades isoladas. O equipamento inclui baterias, que garantem o fornecimento de energia el\u00e9trica diretamente \u00e0 unidade consumidora, sem necessidade de conex\u00e3o \u00e0 rede el\u00e9trica. <\/p>\n<p class=\"rtejustify\">De acordo com o MME, as instala\u00e7\u00f5es s\u00e3o feitas pela Eletrobras e a distribuidora Roraima Energia, no \u00e2mbito do Programa Mais Luz para a Amaz\u00f4nia.<\/p>\n<p class=\"alt-font font-italic my-2 small text-info\">\n                                                Edi\u00e7\u00e3o:   Carolina Pimentel                    <\/p>\n<p>            <!-- blog End --><\/p>\n<p>            <!-- tag and share --><\/p>\n<p> Fonte: EBC <\/p>\n<input type=\"hidden\" id=\"baseurl\" value=\"https:\/\/noticiasdestaque.com.br\"><input type=\"hidden\" id=\"audio_nonce\" value=\"eb7638fb71\">","protected":false},"excerpt":{"rendered":"<p>O sistema ir\u00e1 refor\u00e7ar o fornecimento de energia nos locais isolados<\/p>\n","protected":false},"author":1,"featured_media":5069,"comment_status":"open","ping_status":"open","sticky":false,"template":"","format":"standard","meta":{"fifu_image_url":"","fifu_image_alt":"","footnotes":""},"categories":[48],"tags":[],"class_list":["post-5068","post","type-post","status-publish","format-standard","has-post-thumbnail","hentry","category-mundo"],"distributor_meta":false,"distributor_terms":false,"distributor_media":false,"distributor_original_site_name":"Portal de Recupera\u00e7\u00e3o","distributor_original_site_url":"https:\/\/portalderecuperacao.com","push-errors":false,"_links":{"self":[{"href":"https:\/\/noticiasdestaque.com.br\/index.php\/wp-json\/wp\/v2\/posts\/5068","targetHints":{"allow":["GET"]}}],"collection":[{"href":"https:\/\/noticiasdestaque.com.br\/index.php\/wp-json\/wp\/v2\/posts"}],"about":[{"href":"https:\/\/noticiasdestaque.com.br\/index.php\/wp-json\/wp\/v2\/types\/post"}],"author":[{"embeddable":true,"href":"https:\/\/noticiasdestaque.com.br\/index.php\/wp-json\/wp\/v2\/users\/1"}],"replies":[{"embeddable":true,"href":"https:\/\/noticiasdestaque.com.br\/index.php\/wp-json\/wp\/v2\/comments?post=5068"}],"version-history":[{"count":0,"href":"https:\/\/noticiasdestaque.com.br\/index.php\/wp-json\/wp\/v2\/posts\/5068\/revisions"}],"wp:featuredmedia":[{"embeddable":true,"href":"https:\/\/noticiasdestaque.com.br\/index.php\/wp-json\/wp\/v2\/media\/5069"}],"wp:attachment":[{"href":"https:\/\/noticiasdestaque.com.br\/index.php\/wp-json\/wp\/v2\/media?parent=5068"}],"wp:term":[{"taxonomy":"category","embeddable":true,"href":"https:\/\/noticiasdestaque.com.br\/index.php\/wp-json\/wp\/v2\/categories?post=5068"},{"taxonomy":"post_tag","embeddable":true,"href":"https:\/\/noticiasdestaque.com.br\/index.php\/wp-json\/wp\/v2\/tags?post=5068"}],"curies":[{"name":"wp","href":"https:\/\/api.w.org\/{rel}","templated":true}]}}