{"id":50674,"date":"2026-03-10T14:30:00","date_gmt":"2026-03-10T17:30:00","guid":{"rendered":"https:\/\/noticiasdestaque.com.br\/index.php\/2026\/03\/10\/debate-sobre-reducao-da-jornada-precisa-ser-tecnico-diz-presidente-da-cacb\/"},"modified":"2026-03-12T22:07:57","modified_gmt":"2026-03-13T01:07:57","slug":"debate-sobre-reducao-da-jornada-precisa-ser-tecnico-diz-presidente-da-cacb","status":"publish","type":"post","link":"https:\/\/noticiasdestaque.com.br\/index.php\/2026\/03\/10\/debate-sobre-reducao-da-jornada-precisa-ser-tecnico-diz-presidente-da-cacb\/","title":{"rendered":"Debate sobre redu\u00e7\u00e3o da jornada precisa ser t\u00e9cnico, diz presidente da CACB"},"content":{"rendered":"<p>\t\t\t\t\t\t\t\t\t\t<audio controls class=\"b61_audio_player\" data-noticia=\"88238\" src=\"https:\/\/brasil61.com\/rails\/active_storage\/blobs\/eyJfcmFpbHMiOnsibWVzc2FnZSI6IkJBaHBBNjBDQkE9PSIsImV4cCI6bnVsbCwicHVyIjoiYmxvYl9pZCJ9fQ==--6eace1e6c275a5f2a1a2b6a0641a02e24d977ec1\/CACB260135A\"><\/audio><\/p>\n<p>O presidente da <a href=\"https:\/\/cacb.org.br\/\" target=\"_blank\">Confedera\u00e7\u00e3o das Associa\u00e7\u00f5es Comerciais e Empresariais do Brasil (CACB)<\/a>, <strong>Alfredo Cotait Neto<\/strong>, disse ao <a href=\"http:\/\/brasil61.com\" target=\"_blank\">Brasil61.com<\/a> que o debate sobre a redu\u00e7\u00e3o da jornada de trabalho \u00e9 v\u00e1lido, mas precisa ser conduzido com base em crit\u00e9rios t\u00e9cnicos, e n\u00e3o pol\u00edticos.<\/p>\n<p>Ele destaca os dados da <a href=\"https:\/\/cni.portaldaindustria.com.br\/pt\/noticias\" target=\"_blank\">Confedera\u00e7\u00e3o Nacional da Ind\u00fastria (CNI)<\/a>, divulgados em fevereiro, <strong>que apontam que a proposta de reduzir a jornada semanal de 44 para 40 horas <\/strong>\u2014 prevista na <a href=\"https:\/\/www25.senado.leg.br\/web\/atividade\/materias\/-\/materia\/124067\" target=\"_blank\">PEC 148\/2015<\/a>, em tramita\u00e7\u00e3o no Senado \u2014<strong> pode <a href=\"https:\/\/brasil61.com\/n\/reducao-da-jornada-pode-elevar-custos-das-empresas-em-ate-r-267-bilhoes-ao-ano-pind264715\" target=\"_blank\">elevar em at\u00e9 R$ 267,2 bilh\u00f5es por ano os custos com empregados formais no pa\u00eds<\/a><\/strong>. O valor representa um acr\u00e9scimo de at\u00e9 <strong>7% na folha de pagamento<\/strong> das empresas.<\/p>\n<p>Cotait tamb\u00e9m critica o fato de a discuss\u00e3o ocorrer em um ano eleitoral. Segundo ele, o tema <strong>n\u00e3o deve ser utilizado como instrumento pol\u00edtico<\/strong>.<\/p>\n<p>\u201cO debate coincidir com um ano eleitoral \u00e9 indesej\u00e1vel. N\u00e3o \u00e9 poss\u00edvel usar esse instrumento t\u00e3o importante, quanto o trabalho, para um projeto eleitoral, porque isso vai prejudicar aqueles que n\u00e3o t\u00eam condi\u00e7\u00f5es de absorver os custos decorrente desta mudan\u00e7a\u201d, afirma.<\/p>\n<h2>Impactos no setor produtivo<\/h2>\n<p>A CACB acompanha o avan\u00e7o do debate com cautela e refor\u00e7a a necessidade de uma an\u00e1lise ampla antes de qualquer altera\u00e7\u00e3o no atual modelo de jornada de trabalho. A entidade alerta que o <strong>fim da escala 6&#215;1, se implementado de forma abrupta, pode trazer efeitos significativos para o mercado<\/strong>.<\/p>\n<p>Entre os principais pontos de aten\u00e7\u00e3o est\u00e3o <strong>o aumento dos custos operacionais, a necessidade de contrata\u00e7\u00f5es adicionais, a redu\u00e7\u00e3o da margem de lucro e, em alguns casos, o risco de fechamento de vagas ou informalidade<\/strong>.\u00a0<\/p>\n<p>Segundo Cotait, <strong>o impacto tende a ser maior entre micro, pequenas e m\u00e9dias empresas<\/strong>, que j\u00e1 enfrentam <strong>escassez de m\u00e3o de obra e operam com margens reduzidas<\/strong>.<\/p>\n<p>\u201cPara o micro e o pequeno empreendedor, que \u00e9 a grande base da economia brasileira, haver\u00e1 aumento do custo. Ele n\u00e3o consegue repassar isso ao consumidor e, quando percebe, pode acabar tendo que <strong>fechar a empresa<\/strong>\u201d, avalia.<\/p>\n<h2>Desafio da produtividade<\/h2>\n<p>Cotait tamb\u00e9m argumenta que <strong>a produtividade do trabalho no Brasil ainda \u00e9 baixa<\/strong>, o que dificultaria a ado\u00e7\u00e3o de jornadas menores, como ocorre em pa\u00edses desenvolvidos.<\/p>\n<p>Ele cita como exemplo <strong>a Alemanha, onde a redu\u00e7\u00e3o da jornada \u00e9 sustentada por elevados n\u00edveis de produtividade<\/strong>. Enquanto um trabalhador brasileiro leva, em m\u00e9dia, uma hora para produzir o que um estadunidense faz em cerca de 15 minutos, fatores como <strong>educa\u00e7\u00e3o, infraestrutura e tecnologia<\/strong> continuam limitando os ganhos de produtividade no Brasil.<\/p>\n<p>\u201cAqui no Brasil, n\u00f3s temos algumas crises que precedem esse debate [da redu\u00e7\u00e3o da jornada]. H\u00e1 uma crise fiscal, uma crise econ\u00f4mica e, principalmente, uma crise moral. N\u00f3s n\u00e3o podemos relacionar o trabalho como um castigo\u201d, afirma.<\/p>\n<p>Cotait tamb\u00e9m destaca que a baixa produtividade est\u00e1 relacionada, em parte, \u00e0 <strong>crise educacional<\/strong>. Ele cita dados do <a href=\"https:\/\/alfabetismofuncional.org.br\/\" target=\"_blank\">Indicador de Alfabetismo Funcional (Inaf)<\/a>, que apontam que <strong>29% dos brasileiros entre 15 e 64 anos permanecem em condi\u00e7\u00e3o de analfabetismo funcional<\/strong> \u2014 o mesmo \u00edndice registrado em 2018.<\/p>\n<p>Para a CACB, o pa\u00eds deveria priorizar<strong> investimentos em educa\u00e7\u00e3o, qualifica\u00e7\u00e3o profissional, infraestrutura e acesso \u00e0 tecnologia<\/strong>, criando condi\u00e7\u00f5es para elevar a produtividade e fortalecer o ambiente de neg\u00f3cios, antes de avan\u00e7ar em uma redu\u00e7\u00e3o generalizada da jornada de trabalho.<\/p>\n<p>\u201cEstamos vivendo em uma \u00e9poca de intelig\u00eancia artificial, computa\u00e7\u00e3o qu\u00e2ntica e tecnologia cada vez mais avan\u00e7ada pelo mundo, e o Brasil tem essa quest\u00e3o de discutir jornada de trabalho, o que \u00e9 altamente nefasto. Se o Brasil tivesse uma produtividade a n\u00edvel desses outros pa\u00edses, seria salutar discutir uma melhoria se isso for ben\u00e9fico para o trabalhador e para quem os emprega\u201d, diz Cotait.<\/p>\n<h2>\u201cNegociado prevalece sobre o legislado\u201d<\/h2>\n<p>Cotait defende que eventuais mudan\u00e7as na jornada de trabalho sejam definidas principalmente por meio de <strong>negocia\u00e7\u00e3o entre empregadores e trabalhadores<\/strong>.<\/p>\n<p>\u201c<strong>O negociado prevalece sobre o legislado<\/strong>. Precisamos chamar todos os setores da sociedade civil organizada, os empreendedores, os trabalhadores, e verificar como podemos fazer uma altera\u00e7\u00e3o poss\u00edvel que n\u00e3o prejudique os consumidores com infla\u00e7\u00e3o, nem os trabalhadores com queda nos empregos e nem os empres\u00e1rios com aumento de custo\u201d, prop\u00f5e.<\/p>\n<p>A CACB defende que o caminho mais equilibrado passa pelo d<strong>i\u00e1logo entre governo, Congresso, trabalhadores e empres\u00e1rios<\/strong>, al\u00e9m da busca por alternativas como a flexibiliza\u00e7\u00e3o de jornadas, acordos coletivos e modelos adapt\u00e1veis \u00e0 realidade de cada atividade econ\u00f4mica.\u00a0<\/p>\n<p><strong>VEJA MAIS:<\/strong><\/p>\n<ul>\n<li><a href=\"https:\/\/brasil61.com\/n\/setor-produtivo-divulga-manifesto-contra-reducao-da-jornada-sem-ganho-de-produtividade-pind264716\" target=\"_blank\">Setor produtivo divulga manifesto contra redu\u00e7\u00e3o da jornada sem ganho de produtividade<\/a><\/li>\n<li><a href=\"https:\/\/brasil61.com\/n\/reducao-da-jornada-pode-elevar-custos-das-empresas-em-ate-r-267-bilhoes-ao-ano-pind264715\" target=\"_blank\">Redu\u00e7\u00e3o da jornada pode elevar custos das empresas em at\u00e9 R$ 267 bilh\u00f5es ao ano<\/a><\/li>\n<\/ul>\n<p>\t\t\t\t\t\t\t\t\t<img loading=\"lazy\" decoding=\"async\" src=\"https:\/\/brasil61.com\/api\/v1\/serve_pixel\/17677\/88238\" alt=\"Pixel Brasil 61\" class=\"b61_pixel\" width=\"0\" height=\"0\"><\/p>\n<input type=\"hidden\" id=\"baseurl\" value=\"https:\/\/noticiasdestaque.com.br\"><input type=\"hidden\" id=\"audio_nonce\" value=\"581f3017e1\">","protected":false},"excerpt":{"rendered":"<p>Alfredo Cotait Neto afirma que discuss\u00e3o precisa considerar a baixa produtividade brasileira e os custos para pequenas empresas<\/p>\n","protected":false},"author":1,"featured_media":50740,"comment_status":"open","ping_status":"open","sticky":false,"template":"","format":"standard","meta":{"fifu_image_url":"","fifu_image_alt":"","footnotes":""},"categories":[59],"tags":[],"class_list":["post-50674","post","type-post","status-publish","format-standard","has-post-thumbnail","hentry","category-economia"],"distributor_meta":false,"distributor_terms":false,"distributor_media":false,"distributor_original_site_name":"Noticias em Destaque","distributor_original_site_url":"https:\/\/noticiasdestaque.com.br","push-errors":false,"_links":{"self":[{"href":"https:\/\/noticiasdestaque.com.br\/index.php\/wp-json\/wp\/v2\/posts\/50674","targetHints":{"allow":["GET"]}}],"collection":[{"href":"https:\/\/noticiasdestaque.com.br\/index.php\/wp-json\/wp\/v2\/posts"}],"about":[{"href":"https:\/\/noticiasdestaque.com.br\/index.php\/wp-json\/wp\/v2\/types\/post"}],"author":[{"embeddable":true,"href":"https:\/\/noticiasdestaque.com.br\/index.php\/wp-json\/wp\/v2\/users\/1"}],"replies":[{"embeddable":true,"href":"https:\/\/noticiasdestaque.com.br\/index.php\/wp-json\/wp\/v2\/comments?post=50674"}],"version-history":[{"count":1,"href":"https:\/\/noticiasdestaque.com.br\/index.php\/wp-json\/wp\/v2\/posts\/50674\/revisions"}],"predecessor-version":[{"id":50676,"href":"https:\/\/noticiasdestaque.com.br\/index.php\/wp-json\/wp\/v2\/posts\/50674\/revisions\/50676"}],"wp:featuredmedia":[{"embeddable":true,"href":"https:\/\/noticiasdestaque.com.br\/index.php\/wp-json\/wp\/v2\/media\/50740"}],"wp:attachment":[{"href":"https:\/\/noticiasdestaque.com.br\/index.php\/wp-json\/wp\/v2\/media?parent=50674"}],"wp:term":[{"taxonomy":"category","embeddable":true,"href":"https:\/\/noticiasdestaque.com.br\/index.php\/wp-json\/wp\/v2\/categories?post=50674"},{"taxonomy":"post_tag","embeddable":true,"href":"https:\/\/noticiasdestaque.com.br\/index.php\/wp-json\/wp\/v2\/tags?post=50674"}],"curies":[{"name":"wp","href":"https:\/\/api.w.org\/{rel}","templated":true}]}}