{"id":50672,"date":"2026-03-10T10:00:00","date_gmt":"2026-03-10T13:00:00","guid":{"rendered":"https:\/\/noticiasdestaque.com.br\/index.php\/2026\/03\/10\/inflacao-pelo-ipc-s-sobe-004-na-1a-quadrissemana-de-marco-apos-queda-em-fevereiro\/"},"modified":"2026-03-10T10:00:00","modified_gmt":"2026-03-10T13:00:00","slug":"inflacao-pelo-ipc-s-sobe-004-na-1a-quadrissemana-de-marco-apos-queda-em-fevereiro","status":"publish","type":"post","link":"https:\/\/noticiasdestaque.com.br\/index.php\/2026\/03\/10\/inflacao-pelo-ipc-s-sobe-004-na-1a-quadrissemana-de-marco-apos-queda-em-fevereiro\/","title":{"rendered":"Infla\u00e7\u00e3o pelo IPC-S sobe 0,04% na 1\u00aa quadrissemana de mar\u00e7o, ap\u00f3s queda em fevereiro"},"content":{"rendered":"<p>\t\t\t\t\t\t\t\t\t\t\t<audio controls class=\"b61_audio_player\" data-noticia=\"88225\" src=\"https:\/\/brasil61.com\/rails\/active_storage\/blobs\/eyJfcmFpbHMiOnsibWVzc2FnZSI6IkJBaHBBMEVDQkE9PSIsImV4cCI6bnVsbCwicHVyIjoiYmxvYl9pZCJ9fQ==--13da8f9fa604b7ee5f32dcd6c9c89a9b2986b28c\/BRAS2616019A\"><\/audio><\/p>\n<p>Divulgado nesta segunda-feira (9) pela <b>Funda\u00e7\u00e3o Get\u00falio Vargas (FGV)<\/b>, o <b>\u00cdndice de Pre\u00e7os ao Consumidor &#8211; Semanal (IPC-S) <\/b>da <b>primeira quadrissemana de mar\u00e7o<\/b> <b>subiu 0,04%<\/b> e <b>acumula varia\u00e7\u00e3o de 2,81% nos \u00faltimos 12 meses e de 0,49% em 2026<\/b>.<\/p>\n<p><b>Cinco das oito classes de despesas<\/b> que comp\u00f5em o \u00edndice <b>apresentaram aumento<\/b> nas suas taxas de varia\u00e7\u00e3o. A <b>maior contribui\u00e7\u00e3o<\/b> para o resultado do IPC-S veio do grupo <b>Educa\u00e7\u00e3o, Leitura e Recrea\u00e7\u00e3o<\/b> \u2014 cuja varia\u00e7\u00e3o passou de um <b>recuo de 2,81%<\/b> na quarta quadrissemana de fevereiro para um de <b>1,86% <\/b>na primeira de mar\u00e7o \u2014, seguido por <b>Alimenta\u00e7\u00e3o<\/b> (0,07% para 0,35%), <b>Despesas Diversas (<\/b>0,37% para 0,96%<b>)<\/b>, <b>Vestu\u00e1rio<\/b> (-0,24% para 0,04%) e <b>Comunica\u00e7\u00e3o<\/b> (0,05% para 0,09%).<\/p>\n<p>Enquanto isso, os grupos <b>Sa\u00fade e Cuidados Pessoais (<\/b>0,12% para 0,04%<b>), Transportes (<\/b>0,04% para 0,01%<b>) e Habita\u00e7\u00e3o (<\/b>0,34% para 0,32%<b>)<\/b> <b>apresentaram recuo<\/b> em suas taxas.<\/p>\n<p>O<b> IPC-S<\/b> atua como um <b>medidor a curto prazo da infla\u00e7\u00e3o<\/b> para fam\u00edlias de renda entre <b>um e 33 sal\u00e1rios m\u00ednimos<\/b>\u00a0e pode <b>auxiliar na identifica\u00e7\u00e3o de tend\u00eancias<\/b>. O per\u00edodo avaliado pelo \u00edndice corresponde \u00e0s <b>quatro semanas entre os dias sete de fevereiro e 07 de mar\u00e7o de 2026<\/b>.<\/p>\n<p>Com informa\u00e7\u00f5es da <a href=\"https:\/\/portalibre.fgv.br\/system\/files\/divulgacao\/noticias\/mat-complementar\/2026-03\/IPC-S_1116%20FGV%20press%20release.pdf\">FGV<\/a>.<\/p>\n<p>\t\t\t\t\t\t\t\t\t\t<img loading=\"lazy\" decoding=\"async\" src=\"https:\/\/brasil61.com\/api\/v1\/serve_pixel\/17677\/88225\" alt=\"Pixel Brasil 61\" class=\"b61_pixel\" width=\"0\" height=\"0\"><\/p>\n<input type=\"hidden\" id=\"baseurl\" value=\"https:\/\/noticiasdestaque.com.br\"><input type=\"hidden\" id=\"audio_nonce\" value=\"581f3017e1\">","protected":false},"excerpt":{"rendered":"<p>Varia\u00e7\u00e3o acumulada em 12 meses se moveu para 2,81%; cinco dos oito grupos de despesas tiveram varia\u00e7\u00f5es positivas frente \u00e0 \u00faltima quadrissemana<\/p>\n","protected":false},"author":1,"featured_media":50673,"comment_status":"open","ping_status":"open","sticky":false,"template":"","format":"standard","meta":{"fifu_image_url":"","fifu_image_alt":"","footnotes":""},"categories":[59],"tags":[],"class_list":["post-50672","post","type-post","status-publish","format-standard","has-post-thumbnail","hentry","category-economia"],"distributor_meta":false,"distributor_terms":false,"distributor_media":false,"distributor_original_site_name":"Noticias em Destaque","distributor_original_site_url":"https:\/\/noticiasdestaque.com.br","push-errors":false,"_links":{"self":[{"href":"https:\/\/noticiasdestaque.com.br\/index.php\/wp-json\/wp\/v2\/posts\/50672","targetHints":{"allow":["GET"]}}],"collection":[{"href":"https:\/\/noticiasdestaque.com.br\/index.php\/wp-json\/wp\/v2\/posts"}],"about":[{"href":"https:\/\/noticiasdestaque.com.br\/index.php\/wp-json\/wp\/v2\/types\/post"}],"author":[{"embeddable":true,"href":"https:\/\/noticiasdestaque.com.br\/index.php\/wp-json\/wp\/v2\/users\/1"}],"replies":[{"embeddable":true,"href":"https:\/\/noticiasdestaque.com.br\/index.php\/wp-json\/wp\/v2\/comments?post=50672"}],"version-history":[{"count":0,"href":"https:\/\/noticiasdestaque.com.br\/index.php\/wp-json\/wp\/v2\/posts\/50672\/revisions"}],"wp:featuredmedia":[{"embeddable":true,"href":"https:\/\/noticiasdestaque.com.br\/index.php\/wp-json\/wp\/v2\/media\/50673"}],"wp:attachment":[{"href":"https:\/\/noticiasdestaque.com.br\/index.php\/wp-json\/wp\/v2\/media?parent=50672"}],"wp:term":[{"taxonomy":"category","embeddable":true,"href":"https:\/\/noticiasdestaque.com.br\/index.php\/wp-json\/wp\/v2\/categories?post=50672"},{"taxonomy":"post_tag","embeddable":true,"href":"https:\/\/noticiasdestaque.com.br\/index.php\/wp-json\/wp\/v2\/tags?post=50672"}],"curies":[{"name":"wp","href":"https:\/\/api.w.org\/{rel}","templated":true}]}}