{"id":5066,"date":"2023-02-07T16:40:35","date_gmt":"2023-02-07T19:40:35","guid":{"rendered":"https:\/\/noticiasdestaque.com.br\/index.php\/2023\/02\/07\/com-presidente-do-tcu-prates-reforca-compromisso-de-transparencia\/"},"modified":"2023-02-07T16:40:35","modified_gmt":"2023-02-07T19:40:35","slug":"com-presidente-do-tcu-prates-reforca-compromisso-de-transparencia","status":"publish","type":"post","link":"https:\/\/noticiasdestaque.com.br\/index.php\/2023\/02\/07\/com-presidente-do-tcu-prates-reforca-compromisso-de-transparencia\/","title":{"rendered":"Com presidente do TCU, Prates refor\u00e7a compromisso de transpar\u00eancia"},"content":{"rendered":"<style> bloco.meta {font-style: italic; color: #666;font-weight: 600;font-size: .8em; \/* line-height: .3em; *\/}  text h2 { font-weight: 700 !important;  color: #062f46 !important;} text img { width: none; left: none;}<\/style>\n<\/p>\n<p>O presidente da Petrobras, Jean Paul Prates, se reuniu hoje (6) com o presidente do Tribunal de Contas da Uni\u00e3o (TCU), ministro Bruno Dantas, e o vice-presidente do TCU, ministro Vital do R\u00eago. Na sede da empresa, no Rio de Janeiro, ele refor\u00e7ou o compromisso de sua gest\u00e3o com o di\u00e1logo transparente e construtivo com os \u00f3rg\u00e3os de controle.<\/p>\n<blockquote>\n<p>\u201cEstamos desde j\u00e1 construindo um canal direto com Tribunal de Contas da Uni\u00e3o, visando uma gest\u00e3o transparente e adotando uma postura proativa perante o TCU. Levaremos de forma antecipada os assuntos relevantes da Petrobras para dirimir d\u00favidas e criar uma cultura de confian\u00e7a e colabora\u00e7\u00e3o entre as institui\u00e7\u00f5es\u201d, afirmou.<\/p>\n<\/blockquote>\n<h2>Atribui\u00e7\u00f5es<\/h2>\n<p>O Tribunal de Contas da Uni\u00e3o \u00e9 respons\u00e1vel pela fiscaliza\u00e7\u00e3o de \u00f3rg\u00e3os e entidades p\u00fablicas em aspectos cont\u00e1beis, financeiros, or\u00e7ament\u00e1rios, entre outros. Como sociedade de economia mista, a Petrobras \u00e9 regularmente fiscalizada pelo \u00f3rg\u00e3o.<\/p>\n<p>Al\u00e9m do TCU, diversas outras institui\u00e7\u00f5es como a Controladoria Geral da Uni\u00e3o (CGU), a Comiss\u00e3o de Valores Imobili\u00e1rios (CVM) e a Ag\u00eancia Nacional do Petr\u00f3leo, G\u00e1s Natural e Biocombust\u00edveis (ANP) constituem o sistema de controle e fiscaliza\u00e7\u00e3o ao qual a companhia est\u00e1 submetida.<\/p>\n<p>Tamb\u00e9m participaram do encontro o advogado-geral da Uni\u00e3o, Jorge Messias, e o ministro do Desenvolvimento Agr\u00e1rio e Agricultura Familiar, Paulo Teixeira.<\/p>\n<p class=\"alt-font font-italic my-2 small text-info\">\n                                                Edi\u00e7\u00e3o:   Denise Griesinger                    <\/p>\n<p>            <!-- blog End --><\/p>\n<p>            <!-- tag and share --><\/p>\n<p> Fonte: EBC <\/p>\n<input type=\"hidden\" id=\"baseurl\" value=\"https:\/\/noticiasdestaque.com.br\"><input type=\"hidden\" id=\"audio_nonce\" value=\"eb7638fb71\">","protected":false},"excerpt":{"rendered":"<p>Reuni\u00e3o ocorreu na sede da Petrobras, no Rio de Janeiro<\/p>\n","protected":false},"author":1,"featured_media":5067,"comment_status":"open","ping_status":"open","sticky":false,"template":"","format":"standard","meta":{"fifu_image_url":"","fifu_image_alt":"","footnotes":""},"categories":[50],"tags":[],"class_list":["post-5066","post","type-post","status-publish","format-standard","has-post-thumbnail","hentry","category-politica"],"distributor_meta":false,"distributor_terms":false,"distributor_media":false,"distributor_original_site_name":"Portal de Recupera\u00e7\u00e3o","distributor_original_site_url":"https:\/\/portalderecuperacao.com","push-errors":false,"_links":{"self":[{"href":"https:\/\/noticiasdestaque.com.br\/index.php\/wp-json\/wp\/v2\/posts\/5066","targetHints":{"allow":["GET"]}}],"collection":[{"href":"https:\/\/noticiasdestaque.com.br\/index.php\/wp-json\/wp\/v2\/posts"}],"about":[{"href":"https:\/\/noticiasdestaque.com.br\/index.php\/wp-json\/wp\/v2\/types\/post"}],"author":[{"embeddable":true,"href":"https:\/\/noticiasdestaque.com.br\/index.php\/wp-json\/wp\/v2\/users\/1"}],"replies":[{"embeddable":true,"href":"https:\/\/noticiasdestaque.com.br\/index.php\/wp-json\/wp\/v2\/comments?post=5066"}],"version-history":[{"count":0,"href":"https:\/\/noticiasdestaque.com.br\/index.php\/wp-json\/wp\/v2\/posts\/5066\/revisions"}],"wp:featuredmedia":[{"embeddable":true,"href":"https:\/\/noticiasdestaque.com.br\/index.php\/wp-json\/wp\/v2\/media\/5067"}],"wp:attachment":[{"href":"https:\/\/noticiasdestaque.com.br\/index.php\/wp-json\/wp\/v2\/media?parent=5066"}],"wp:term":[{"taxonomy":"category","embeddable":true,"href":"https:\/\/noticiasdestaque.com.br\/index.php\/wp-json\/wp\/v2\/categories?post=5066"},{"taxonomy":"post_tag","embeddable":true,"href":"https:\/\/noticiasdestaque.com.br\/index.php\/wp-json\/wp\/v2\/tags?post=5066"}],"curies":[{"name":"wp","href":"https:\/\/api.w.org\/{rel}","templated":true}]}}