{"id":5064,"date":"2023-02-07T16:24:16","date_gmt":"2023-02-07T19:24:16","guid":{"rendered":"https:\/\/noticiasdestaque.com.br\/index.php\/2023\/02\/07\/anestesia-em-criancas-e-seus-cuidados-especiais\/"},"modified":"2023-02-07T16:24:16","modified_gmt":"2023-02-07T19:24:16","slug":"anestesia-em-criancas-e-seus-cuidados-especiais","status":"publish","type":"post","link":"https:\/\/noticiasdestaque.com.br\/index.php\/2023\/02\/07\/anestesia-em-criancas-e-seus-cuidados-especiais\/","title":{"rendered":"Anestesia em crian\u00e7as e seus cuidados especiais"},"content":{"rendered":"<p>Seu filho j\u00e1 passou ou vai passar por algum procedimento cir\u00fargico que precisa de anestesia? Neste epis\u00f3dio a anestesista Dra. Raissa Franco d\u00e1 mais detalhes sobre o assunto.<\/p>\n<p>Voc\u00ea sabia que pode conhecer o anestesista antes e ter uma consulta pr\u00e9-anest\u00e9sica para tirar todas as d\u00favidas sobre o procedimento? Essa consulta pode ser realizada de forma presencial ou online e \u00e9 muito importante para eliminar as d\u00favidas e diminuir a ansiedade dos pais e dos filhos. <\/p>\n<h2>Avalia\u00e7\u00e3o pr\u00e9-anest\u00e9sica<\/h2>\n<p>Esse \u00e9 o momento em que o anestesista vai conhecer os pais, a crian\u00e7a e perguntar sobre poss\u00edveis doen\u00e7as que a crian\u00e7a possa ter, sobre os procedimentos pr\u00e9vios, as experi\u00eancias com anestesia que a fam\u00edlia j\u00e1 teve, vacina\u00e7\u00e3o, alergias e resfriados recentes. <br \/>\nConhecer todo esse hist\u00f3rico \u00e9 muito importante para garantir um procedimento seguro. \u00c9 a partir de todas essas informa\u00e7\u00f5es que o anestesista decide qual tipo de anestesia ser\u00e1 usada e como isso ser\u00e1 feito. <\/p>\n<h2>Mas que tipos de anestesia existem?<\/h2>\n<p>Ap\u00f3s analisar o hist\u00f3rico da crian\u00e7a, o anestesista que vai falar para voc\u00ea qual \u00e9 o melhor tipo de anestesia para o seu filho. <\/p>\n<p><strong>Os tipos de anestesia s\u00e3o:<\/strong><\/p>\n<ul>\n<li>Seda\u00e7\u00e3o: que pode ser superficial ou profunda;<\/li>\n<li>Anestesia geral: a crian\u00e7a vai dormir e  assim \u00e9 poss\u00edvel fazer com que ela n\u00e3o se mova durante todo o procedimento;<\/li>\n<li>Anestesia local: \u00e9 aplicado um anest\u00e9sico local apenas numa pequena regi\u00e3o para tirar a dor. \u00c9 a mesma anestesia do dentista;<\/li>\n<li>Anestesia regional: que pode ser no neuroeixo (sistema nervoso central), a raquianestesia (anestesia parcial), peridural ou a perif\u00e9rica, em que apenas uma regi\u00e3o do corpo \u00e9 anestesiada, como o bra\u00e7o ou a perna. Essa anestesia \u00e9 feita para melhor controle da dor no p\u00f3s-operat\u00f3rio.<\/li>\n<\/ul>\n<h2>Quais s\u00e3o os riscos para o seu filho?<\/h2>\n<p>Todo procedimento m\u00e9dico envolve riscos. Nesse caso, o principal s\u00e3o n\u00e1useas e v\u00f4mitos ap\u00f3s a anestesia. Mas o anestesista est\u00e1 preparado para usar medica\u00e7\u00f5es individualizadas para o seu filho e para o tipo de anestesia e procedimento a que ele \u00e9 submetido para evitar essas situa\u00e7\u00f5es. <\/p>\n<h2>O que acontece ap\u00f3s o procedimento? <\/h2>\n<p>Ap\u00f3s o procedimento, o paciente vai para uma sala que se chama RPA (recupera\u00e7\u00e3o p\u00f3s-anest\u00e9sica). Ele ficar\u00e1 sendo monitorado por um anestesista e uma equipe de enfermagem que est\u00e3o preparados at\u00e9 ele ficar bem acordado e em condi\u00e7\u00f5es de voltar para o quarto ou ter alta do hospital. <\/p>\n<p>O tempo de despertar varia de acordo com a anestesia e pode variar dependendo do paciente. Em m\u00e9dia, dura de 30 minutos a 1 hora. E na recupera\u00e7\u00e3o p\u00f3s-anest\u00e9sica, os pais j\u00e1 podem acompanhar os filhos. <\/p>\n<p>Para saber mais, assista ao v\u00eddeo no canal do Dr. Ajuda<\/p>\n<p><iframe loading=\"lazy\" allow=\"accelerometer; autoplay; clipboard-write; encrypted-media; gyroscope; picture-in-picture; web-share\" allowfullscreen=\"\" frameborder=\"0\" height=\"450\" scrolling=\"no\" src=\"https:\/\/www.youtube.com\/embed\/o4NEhVIm_oM\" title=\"CIRURGIA EM CRIAN\u00c7A: A ANESTESIA E SEUS CUIDADOS ESPECIAS\" width=\"770\"><\/iframe><\/p>\n<p> Fonte: Brasil61<\/p>\n<input type=\"hidden\" id=\"baseurl\" value=\"https:\/\/noticiasdestaque.com.br\"><input type=\"hidden\" id=\"audio_nonce\" value=\"eb7638fb71\">","protected":false},"excerpt":{"rendered":"<p>Neste epis\u00f3dio a anestesista Dra. Raissa Franco d\u00e1 mais detalhes sobre o assunto<\/p>\n","protected":false},"author":1,"featured_media":0,"comment_status":"open","ping_status":"open","sticky":false,"template":"","format":"standard","meta":{"fifu_image_url":"","fifu_image_alt":"","footnotes":""},"categories":[51],"tags":[],"class_list":["post-5064","post","type-post","status-publish","format-standard","hentry","category-saude"],"distributor_meta":false,"distributor_terms":false,"distributor_media":false,"distributor_original_site_name":"Portal de Recupera\u00e7\u00e3o","distributor_original_site_url":"https:\/\/portalderecuperacao.com","push-errors":false,"_links":{"self":[{"href":"https:\/\/noticiasdestaque.com.br\/index.php\/wp-json\/wp\/v2\/posts\/5064","targetHints":{"allow":["GET"]}}],"collection":[{"href":"https:\/\/noticiasdestaque.com.br\/index.php\/wp-json\/wp\/v2\/posts"}],"about":[{"href":"https:\/\/noticiasdestaque.com.br\/index.php\/wp-json\/wp\/v2\/types\/post"}],"author":[{"embeddable":true,"href":"https:\/\/noticiasdestaque.com.br\/index.php\/wp-json\/wp\/v2\/users\/1"}],"replies":[{"embeddable":true,"href":"https:\/\/noticiasdestaque.com.br\/index.php\/wp-json\/wp\/v2\/comments?post=5064"}],"version-history":[{"count":0,"href":"https:\/\/noticiasdestaque.com.br\/index.php\/wp-json\/wp\/v2\/posts\/5064\/revisions"}],"wp:attachment":[{"href":"https:\/\/noticiasdestaque.com.br\/index.php\/wp-json\/wp\/v2\/media?parent=5064"}],"wp:term":[{"taxonomy":"category","embeddable":true,"href":"https:\/\/noticiasdestaque.com.br\/index.php\/wp-json\/wp\/v2\/categories?post=5064"},{"taxonomy":"post_tag","embeddable":true,"href":"https:\/\/noticiasdestaque.com.br\/index.php\/wp-json\/wp\/v2\/tags?post=5064"}],"curies":[{"name":"wp","href":"https:\/\/api.w.org\/{rel}","templated":true}]}}