{"id":50639,"date":"2026-03-09T18:20:00","date_gmt":"2026-03-09T21:20:00","guid":{"rendered":"https:\/\/noticiasdestaque.com.br\/index.php\/2026\/03\/09\/previsao-do-tempo-terca-feira-10-de-chuvas-e-trovoadas-no-sudeste\/"},"modified":"2026-03-09T18:20:00","modified_gmt":"2026-03-09T21:20:00","slug":"previsao-do-tempo-terca-feira-10-de-chuvas-e-trovoadas-no-sudeste","status":"publish","type":"post","link":"https:\/\/noticiasdestaque.com.br\/index.php\/2026\/03\/09\/previsao-do-tempo-terca-feira-10-de-chuvas-e-trovoadas-no-sudeste\/","title":{"rendered":"PREVIS\u00c3O DO TEMPO: ter\u00e7a-feira (10) de chuvas e trovoadas no Sudeste"},"content":{"rendered":"<p>\t\t\t\t\t\t\t\t\t\t\t<audio controls class=\"b61_audio_player\" data-noticia=\"88222\" src=\"https:\/\/brasil61.com\/rails\/active_storage\/blobs\/eyJfcmFpbHMiOnsibWVzc2FnZSI6IkJBaHBBejBDQkE9PSIsImV4cCI6bnVsbCwicHVyIjoiYmxvYl9pZCJ9fQ==--957b5530bc4e1eca25c7eec09991259d64ebcb83\/PTSD264370A\"><\/audio><\/p>\n<p>A <b>previs\u00e3o do tempo<\/b> para a <b>Regi\u00e3o Sudeste<\/b> do pa\u00eds, nesta <b>ter\u00e7a-feira (10)<\/b>, \u00e9 de c\u00e9u de <b>muitas<\/b> <b>nuvens<\/b> para toda a regi\u00e3o e <b>chuvas de diferentes intensidades<\/b> em todos os estados ao longo do dia, <b>acompanhadas de trovoadas, <\/b>com <b>maior intensidade \u00e0 tarde<\/b>.<\/p>\n<p>Pela <b>manh\u00e3<\/b>, a previs\u00e3o \u00e9 de c\u00e9u de <b>muitas<\/b> <b>nuvens<\/b> para toda a regi\u00e3o e <b>possibilidade de chuvas isoladas<\/b> para todo o Esp\u00edrito Santo, Rio de Janeiro, S\u00e3o Paulo e oeste e sul de Minas Gerais. As <b>chuvas devem amanhecer mais intensas e acompanhadas de trovoadas<\/b> no centro-oeste paulista e nos extremos-sul e oeste mineiros.<\/p>\n<p>Durante a <b>tarde<\/b>, as <b>pancadas de chuva tomam <\/b>toda a regi\u00e3o, <b>acompanhadas de trovoadas <\/b>em todo o estado de S\u00e3o Paulo, Rio de Janeiro e sul de Minas Gerais.<\/p>\n<p>\u00c0 <b>noite<\/b>, as <b>chuvas se mant\u00eam sobre quase as mesmas \u00e1reas <\/b>\u2014 \u00e0 exce\u00e7\u00e3o do extremo-norte mineiro \u2014<b>, <\/b>mas <b>perdem intensidade <\/b>nos centros-norte de Minas Gerais e do Esp\u00edrito Santo. As <b>pancadas de chuva com trovoadas se restringem<\/b> ao Rio de Janeiro, S\u00e3o Paulo e centros-sul de Minas Gerais e do Esp\u00edrito Santo.<\/p>\n<p>O <b>Instituto Nacional de Meteorologia<\/b> (<a href=\"https:\/\/portal.inmet.gov.br\/\">Inmet<\/a>) emitiu alerta de <b>perigo e perigo potencial de chuvas intensas<\/b> para quase toda a regi\u00e3o \u2014 \u00e0 exce\u00e7\u00e3o do extremo-norte do Esp\u00edrito Santo e do norte de Minas Gerais.<\/p>\n<p>Entre as <b>capitais<\/b>, a <b>temperatura<\/b> <b>m\u00ednima<\/b> prevista \u00e9 de <b>17\u00b0C<\/b> em <b>S\u00e3o Paulo<\/b>. J\u00e1 a <b>m\u00e1xima<\/b> pode chegar at\u00e9 <b>32\u00b0C<\/b>, em<b> Vit\u00f3ria<\/b>. A <b>umidade relativa do ar <\/b>varia entre <b>45%<\/b> e <b>100%<\/b>.<\/p>\n<h2>5 motivos para acompanhar as previs\u00f5es do tempo<\/h2>\n<ul>\n<li>Agricultura: garantia de uma boa colheita;<\/li>\n<li>Marinha: prote\u00e7\u00e3o de marinheiros, navios e passageiros;<\/li>\n<li>Aeron\u00e1utica: seguran\u00e7a de pilotos, aeronaves e passageiros;<\/li>\n<li>Pesca: condi\u00e7\u00f5es favor\u00e1veis e seguras para a atividade;<\/li>\n<li>Turismo: garantia de passeios e viagens tranquilas e agrad\u00e1veis.<\/li>\n<\/ul>\n<p>\u00a0<\/p>\n<h2>Import\u00e2ncia das observa\u00e7\u00f5es meteorol\u00f3gicas no INMET<\/h2>\n<p>As observa\u00e7\u00f5es meteorol\u00f3gicas do INMET s\u00e3o essenciais para previs\u00f5es em tempo real, estat\u00edsticas clim\u00e1ticas e coopera\u00e7\u00e3o internacional. Esses dados precisos ajudam a estudar o clima passado e a produzir Normais Climatol\u00f3gicas conforme a Organiza\u00e7\u00e3o Meteorol\u00f3gica Mundial (<a href=\"https:\/\/worldweather.wmo.int\/pt\/home.html\">OMM<\/a>).<\/p>\n<p>As informa\u00e7\u00f5es s\u00e3o do Instituto Nacional de Meteorologia (<a href=\"https:\/\/portal.inmet.gov.br\">Inmet<\/a>).<\/p>\n<p>\t\t\t\t\t\t\t\t\t\t<img loading=\"lazy\" decoding=\"async\" src=\"https:\/\/brasil61.com\/api\/v1\/serve_pixel\/17677\/88222\" alt=\"Pixel Brasil 61\" class=\"b61_pixel\" width=\"0\" height=\"0\"><\/p>\n<input type=\"hidden\" id=\"baseurl\" value=\"https:\/\/noticiasdestaque.com.br\"><input type=\"hidden\" id=\"audio_nonce\" value=\"eb7638fb71\">","protected":false},"excerpt":{"rendered":"<p>H\u00e1 previs\u00e3o de chuvas de diferentes intensidades para a regi\u00e3o ao longo do dia, com algumas trovoadas; temperaturas variam entre 17\u00b0C e 32\u00b0C<\/p>\n","protected":false},"author":1,"featured_media":50640,"comment_status":"open","ping_status":"open","sticky":false,"template":"","format":"standard","meta":{"fifu_image_url":"","fifu_image_alt":"","footnotes":""},"categories":[58],"tags":[],"class_list":["post-50639","post","type-post","status-publish","format-standard","has-post-thumbnail","hentry","category-cotidiano"],"distributor_meta":false,"distributor_terms":false,"distributor_media":false,"distributor_original_site_name":"Noticias em Destaque","distributor_original_site_url":"https:\/\/noticiasdestaque.com.br","push-errors":false,"_links":{"self":[{"href":"https:\/\/noticiasdestaque.com.br\/index.php\/wp-json\/wp\/v2\/posts\/50639","targetHints":{"allow":["GET"]}}],"collection":[{"href":"https:\/\/noticiasdestaque.com.br\/index.php\/wp-json\/wp\/v2\/posts"}],"about":[{"href":"https:\/\/noticiasdestaque.com.br\/index.php\/wp-json\/wp\/v2\/types\/post"}],"author":[{"embeddable":true,"href":"https:\/\/noticiasdestaque.com.br\/index.php\/wp-json\/wp\/v2\/users\/1"}],"replies":[{"embeddable":true,"href":"https:\/\/noticiasdestaque.com.br\/index.php\/wp-json\/wp\/v2\/comments?post=50639"}],"version-history":[{"count":0,"href":"https:\/\/noticiasdestaque.com.br\/index.php\/wp-json\/wp\/v2\/posts\/50639\/revisions"}],"wp:featuredmedia":[{"embeddable":true,"href":"https:\/\/noticiasdestaque.com.br\/index.php\/wp-json\/wp\/v2\/media\/50640"}],"wp:attachment":[{"href":"https:\/\/noticiasdestaque.com.br\/index.php\/wp-json\/wp\/v2\/media?parent=50639"}],"wp:term":[{"taxonomy":"category","embeddable":true,"href":"https:\/\/noticiasdestaque.com.br\/index.php\/wp-json\/wp\/v2\/categories?post=50639"},{"taxonomy":"post_tag","embeddable":true,"href":"https:\/\/noticiasdestaque.com.br\/index.php\/wp-json\/wp\/v2\/tags?post=50639"}],"curies":[{"name":"wp","href":"https:\/\/api.w.org\/{rel}","templated":true}]}}