{"id":50631,"date":"2026-03-09T04:50:00","date_gmt":"2026-03-09T07:50:00","guid":{"rendered":"https:\/\/noticiasdestaque.com.br\/index.php\/2026\/03\/09\/sao-paulo-inicia-elaboracao-do-plano-estrategico-de-mineracao-2050\/"},"modified":"2026-03-09T04:50:00","modified_gmt":"2026-03-09T07:50:00","slug":"sao-paulo-inicia-elaboracao-do-plano-estrategico-de-mineracao-2050","status":"publish","type":"post","link":"https:\/\/noticiasdestaque.com.br\/index.php\/2026\/03\/09\/sao-paulo-inicia-elaboracao-do-plano-estrategico-de-mineracao-2050\/","title":{"rendered":"S\u00e3o Paulo inicia elabora\u00e7\u00e3o do Plano Estrat\u00e9gico de Minera\u00e7\u00e3o 2050"},"content":{"rendered":"<p>O <strong>governo de S\u00e3o Paulo<\/strong>, atrav\u00e9s da <strong>Secretaria de Meio Ambiente, Infraestrutura e Log\u00edstica (Semil)<\/strong>, deu in\u00edcio \u00e0 elabora\u00e7\u00e3o do <strong>Plano Estadual de Minera\u00e7\u00e3o 2050 (PEM 2050)<\/strong>, que \u00e9 considerado como um instrumento estrat\u00e9gico que vai orientar o desenvolvimento da minera\u00e7\u00e3o paulista at\u00e9 2050. O trabalho t\u00e9cnico ser\u00e1 executado por consultores e professores da<strong> Universidade de S\u00e3o Paulo (USP)<\/strong>, por meio da Funda\u00e7\u00e3o para o <strong>Desenvolvimento Tecnol\u00f3gico da Engenharia (FDTE)<\/strong>, institui\u00e7\u00e3o com ampla experi\u00eancia em projetos t\u00e9cnicos para o setor p\u00fablico. Ao longo de 15 meses, a equipe ir\u00e1 reunir dados, realizar diagn\u00f3sticos e propor diretrizes para fortalecer o desenvolvimento sustent\u00e1vel da minera\u00e7\u00e3o paulista.<\/p>\n<p>O <strong>PEM 2050 <\/strong>dever\u00e1 ser estruturado em seis cadernos tem\u00e1ticos, abordando o contexto da Minera\u00e7\u00e3o Paulista, a caracteriza\u00e7\u00e3o dos setores produtivos, a import\u00e2ncia da minera\u00e7\u00e3o em S\u00e3o Paulo, gera\u00e7\u00e3o de empregos, as pr\u00e1ticas de sustentabilidade e a transforma\u00e7\u00e3o de \u00e1reas mineradas. \u201cO plano vai tratar dos desafios da atividade nas dimens\u00f5es socioambiental e econ\u00f4mica e apresentar\u00e1 diretrizes alinhadas \u00e0s pol\u00edticas ambientais e de desenvolvimento sustent\u00e1vel do Estado, tra\u00e7ando cen\u00e1rios futuros para o setor\u201d, explicou Marisa Maia, subsecret\u00e1ria de Energia e Minera\u00e7\u00e3o da Semil.<\/p>\n<p>Al\u00e9m dos estudos t\u00e9cnicos, o processo contar\u00e1 com workshop e consulta p\u00fablica, garantindo transpar\u00eancia e participa\u00e7\u00e3o social. \u201cO objetivo \u00e9 construir um planejamento de longo prazo que concilie o aproveitamento respons\u00e1vel dos recursos minerais com a prote\u00e7\u00e3o ambiental, a organiza\u00e7\u00e3o do territ\u00f3rio e o desenvolvimento econ\u00f4mico regional, assegurando que a minera\u00e7\u00e3o continue contribuindo para a gera\u00e7\u00e3o de riqueza e o crescimento de S\u00e3o Paulo\u201d, afirmou Marisa Barros.<\/p>\n<h2>Minera\u00e7\u00e3o paulista<\/h2>\n<p>Atualmente direcionada majoritariamente \u00e0 produ\u00e7\u00e3o de insumos b\u00e1sicos para a constru\u00e7\u00e3o civil, a minera\u00e7\u00e3o paulista \u00e9 um vetor socioecon\u00f4mico estrat\u00e9gico. Como informa a Semil, o Estado responde por 70% da produ\u00e7\u00e3o brasileira de areia industrial, 50% da areia comum, 30% da brita e 16% da argila. Um estudo do Comit\u00ea da Cadeia Produtiva da Minera\u00e7\u00e3o (Comin), da Federa\u00e7\u00e3o das Ind\u00fastrias do Estado de S\u00e3o Paulo (Fiesp), aponta que o Estado conta com 3.443 empreendimentos de minera\u00e7\u00e3o ativos, que produziram mais de 130 milh\u00f5es de toneladas de min\u00e9rios em 2024 e geraram mais de 13 mil empregos formais diretos.<\/p>\n<p>Mas a minera\u00e7\u00e3o paulista tamb\u00e9m se destaca na produ\u00e7\u00e3o de \u00e1gua mineral. Em 2024, foram produzidos 6,4 bilh\u00f5es de litros no Estado, que lidera o ranking nacional com 27% da produ\u00e7\u00e3o do Pa\u00eds. A lideran\u00e7a \u00e9 sustentada por infraestrutura consolidada, mercado consumidor expressivo e desenvolvimento industrial. Atualmente, s\u00e3o 336 empreendimentos produtores, 90% de pequeno e micro porte, distribu\u00eddos em cerca de 100 munic\u00edpios.<\/p>\n<p>\u00a0<\/p>\n<p>\t\t\t\t\t\t\t\t\t\t<img loading=\"lazy\" decoding=\"async\" src=\"https:\/\/brasil61.com\/api\/v1\/serve_pixel\/17677\/88206\" alt=\"Pixel Brasil 61\" class=\"b61_pixel\" width=\"0\" height=\"0\"><\/p>\n<input type=\"hidden\" id=\"baseurl\" value=\"https:\/\/noticiasdestaque.com.br\"><input type=\"hidden\" id=\"audio_nonce\" value=\"62ca87eee3\">","protected":false},"excerpt":{"rendered":"<p>O PEM 2050 dever\u00e1 ser estruturado em seis cadernos tem\u00e1ticos, abordando o contexto da Minera\u00e7\u00e3o Paulista, a caracteriza\u00e7\u00e3o dos setores produtivos, a import\u00e2ncia da minera\u00e7\u00e3o em S\u00e3o Paulo, gera\u00e7\u00e3o de empregos, as pr\u00e1ticas de sustentabilidade e a transforma\u00e7\u00e3o de \u00e1reas mineradas.<\/p>\n","protected":false},"author":1,"featured_media":50632,"comment_status":"open","ping_status":"open","sticky":false,"template":"","format":"standard","meta":{"fifu_image_url":"","fifu_image_alt":"","footnotes":""},"categories":[59],"tags":[],"class_list":["post-50631","post","type-post","status-publish","format-standard","has-post-thumbnail","hentry","category-economia"],"distributor_meta":false,"distributor_terms":false,"distributor_media":false,"distributor_original_site_name":"Noticias em Destaque","distributor_original_site_url":"https:\/\/noticiasdestaque.com.br","push-errors":false,"_links":{"self":[{"href":"https:\/\/noticiasdestaque.com.br\/index.php\/wp-json\/wp\/v2\/posts\/50631","targetHints":{"allow":["GET"]}}],"collection":[{"href":"https:\/\/noticiasdestaque.com.br\/index.php\/wp-json\/wp\/v2\/posts"}],"about":[{"href":"https:\/\/noticiasdestaque.com.br\/index.php\/wp-json\/wp\/v2\/types\/post"}],"author":[{"embeddable":true,"href":"https:\/\/noticiasdestaque.com.br\/index.php\/wp-json\/wp\/v2\/users\/1"}],"replies":[{"embeddable":true,"href":"https:\/\/noticiasdestaque.com.br\/index.php\/wp-json\/wp\/v2\/comments?post=50631"}],"version-history":[{"count":0,"href":"https:\/\/noticiasdestaque.com.br\/index.php\/wp-json\/wp\/v2\/posts\/50631\/revisions"}],"wp:featuredmedia":[{"embeddable":true,"href":"https:\/\/noticiasdestaque.com.br\/index.php\/wp-json\/wp\/v2\/media\/50632"}],"wp:attachment":[{"href":"https:\/\/noticiasdestaque.com.br\/index.php\/wp-json\/wp\/v2\/media?parent=50631"}],"wp:term":[{"taxonomy":"category","embeddable":true,"href":"https:\/\/noticiasdestaque.com.br\/index.php\/wp-json\/wp\/v2\/categories?post=50631"},{"taxonomy":"post_tag","embeddable":true,"href":"https:\/\/noticiasdestaque.com.br\/index.php\/wp-json\/wp\/v2\/tags?post=50631"}],"curies":[{"name":"wp","href":"https:\/\/api.w.org\/{rel}","templated":true}]}}