{"id":50619,"date":"2026-03-08T18:20:00","date_gmt":"2026-03-08T21:20:00","guid":{"rendered":"https:\/\/noticiasdestaque.com.br\/index.php\/2026\/03\/08\/previsao-do-tempo-sudeste-registra-pancadas-de-chuva-nesta-segunda-feira-9\/"},"modified":"2026-03-08T18:20:00","modified_gmt":"2026-03-08T21:20:00","slug":"previsao-do-tempo-sudeste-registra-pancadas-de-chuva-nesta-segunda-feira-9","status":"publish","type":"post","link":"https:\/\/noticiasdestaque.com.br\/index.php\/2026\/03\/08\/previsao-do-tempo-sudeste-registra-pancadas-de-chuva-nesta-segunda-feira-9\/","title":{"rendered":"PREVIS\u00c3O DO TEMPO: Sudeste registra pancadas de chuva nesta segunda-feira (9)"},"content":{"rendered":"<p>\t\t\t\t\t\t\t\t\t\t\t<audio controls class=\"b61_audio_player\" data-noticia=\"88180\" src=\"https:\/\/brasil61.com\/rails\/active_storage\/blobs\/eyJfcmFpbHMiOnsibWVzc2FnZSI6IkJBaHBBM0FCQkE9PSIsImV4cCI6bnVsbCwicHVyIjoiYmxvYl9pZCJ9fQ==--1fb90227bebb666219a3cea3986c7a82861f5b7b\/PTSD264369A\"><\/audio><\/p>\n<p>\u00a0<\/p>\n<\/p>\n<p>A <strong>segunda-feira (9)<\/strong> ter\u00e1 tempo <strong>inst\u00e1vel <\/strong>em parte da <strong>Regi\u00e3o Sudeste<\/strong>. As chuvas mais intensas s\u00e3o esperadas em Guar\u00e1, Ituverava e S\u00e3o Joaquim da Barra, munic\u00edpios do nordeste paulista.<\/p>\n<p>Em <strong>Minas Gerais<\/strong>, a <strong>instabilidade <\/strong>se estende desde Alvarenga e Simon\u00e9sia, no Vale do Rio Doce e Zona da Mata, at\u00e9 Prata e Uberl\u00e2ndia, no Tri\u00e2ngulo Mineiro.<\/p>\n<p>J\u00e1 em \u00e1reas do <strong>Rio de Janeiro<\/strong> e do <strong>Esp\u00edrito Santo<\/strong>, a previs\u00e3o \u00e9 de <strong>muitas nuvens com pancadas de chuva<\/strong> ao longo do dia.<\/p>\n<p>Entre as capitais, a temperatura m\u00ednima prevista \u00e9 de 18\u00b0C, em S\u00e3o Paulo. J\u00e1 a m\u00e1xima pode chegar at\u00e9 30\u00b0C, no Rio de Janeiro. A \u00a0umidade relativa do ar varia entre 40% e 100%.<\/p>\n<h2>5 motivos para acompanhar as previs\u00f5es do tempo<\/h2>\n<ul>\n<li>Agricultura: garantia de uma boa colheita;<\/li>\n<li>Marinha: prote\u00e7\u00e3o de marinheiros, navios e passageiros;<\/li>\n<li>Aeron\u00e1utica: seguran\u00e7a de pilotos, aeronaves e passageiros;<\/li>\n<li>Pesca: condi\u00e7\u00f5es favor\u00e1veis e seguras para a atividade;<\/li>\n<li>Turismo: garantia de passeios e viagens tranquilas e agrad\u00e1veis.<\/li>\n<\/ul>\n<h2>Import\u00e2ncia das observa\u00e7\u00f5es meteorol\u00f3gicas no INMET<\/h2>\n<p>As observa\u00e7\u00f5es meteorol\u00f3gicas do <a href=\"https:\/\/portal.inmet.gov.br\/\">INMET<\/a> s\u00e3o essenciais para previs\u00f5es em tempo real, estat\u00edsticas clim\u00e1ticas e coopera\u00e7\u00e3o internacional. Esses dados precisos ajudam a estudar o clima passado e a produzir Normais Climatol\u00f3gicas conforme a <strong>Organiza\u00e7\u00e3o Meteorol\u00f3gica Mundial <\/strong>(<a href=\"https:\/\/news.un.org\/pt\/tags\/omm\">OMM<\/a>).<\/p>\n<p>As informa\u00e7\u00f5es s\u00e3o do<strong> Instituto Nacional de Meteorologia<\/strong> (<a href=\"https:\/\/portal.inmet.gov.br\/\">Inmet<\/a>).<\/p>\n<p>\t\t\t\t\t\t\t\t\t\t<img loading=\"lazy\" decoding=\"async\" src=\"https:\/\/brasil61.com\/api\/v1\/serve_pixel\/17677\/88180\" alt=\"Pixel Brasil 61\" class=\"b61_pixel\" width=\"0\" height=\"0\"><\/p>\n<input type=\"hidden\" id=\"baseurl\" value=\"https:\/\/noticiasdestaque.com.br\"><input type=\"hidden\" id=\"audio_nonce\" value=\"62ca87eee3\">","protected":false},"excerpt":{"rendered":"<p>Em Minas Gerais, a instabilidade se estende desde Alvarenga e Simon\u00e9sia, no Vale do Rio Doce e Zona da Mata, at\u00e9 Prata e Uberl\u00e2ndia, no Tri\u00e2ngulo Mineiro<\/p>\n","protected":false},"author":1,"featured_media":50620,"comment_status":"open","ping_status":"open","sticky":false,"template":"","format":"standard","meta":{"fifu_image_url":"","fifu_image_alt":"","footnotes":""},"categories":[58],"tags":[],"class_list":["post-50619","post","type-post","status-publish","format-standard","has-post-thumbnail","hentry","category-cotidiano"],"distributor_meta":false,"distributor_terms":false,"distributor_media":false,"distributor_original_site_name":"Noticias em Destaque","distributor_original_site_url":"https:\/\/noticiasdestaque.com.br","push-errors":false,"_links":{"self":[{"href":"https:\/\/noticiasdestaque.com.br\/index.php\/wp-json\/wp\/v2\/posts\/50619","targetHints":{"allow":["GET"]}}],"collection":[{"href":"https:\/\/noticiasdestaque.com.br\/index.php\/wp-json\/wp\/v2\/posts"}],"about":[{"href":"https:\/\/noticiasdestaque.com.br\/index.php\/wp-json\/wp\/v2\/types\/post"}],"author":[{"embeddable":true,"href":"https:\/\/noticiasdestaque.com.br\/index.php\/wp-json\/wp\/v2\/users\/1"}],"replies":[{"embeddable":true,"href":"https:\/\/noticiasdestaque.com.br\/index.php\/wp-json\/wp\/v2\/comments?post=50619"}],"version-history":[{"count":0,"href":"https:\/\/noticiasdestaque.com.br\/index.php\/wp-json\/wp\/v2\/posts\/50619\/revisions"}],"wp:featuredmedia":[{"embeddable":true,"href":"https:\/\/noticiasdestaque.com.br\/index.php\/wp-json\/wp\/v2\/media\/50620"}],"wp:attachment":[{"href":"https:\/\/noticiasdestaque.com.br\/index.php\/wp-json\/wp\/v2\/media?parent=50619"}],"wp:term":[{"taxonomy":"category","embeddable":true,"href":"https:\/\/noticiasdestaque.com.br\/index.php\/wp-json\/wp\/v2\/categories?post=50619"},{"taxonomy":"post_tag","embeddable":true,"href":"https:\/\/noticiasdestaque.com.br\/index.php\/wp-json\/wp\/v2\/tags?post=50619"}],"curies":[{"name":"wp","href":"https:\/\/api.w.org\/{rel}","templated":true}]}}