{"id":50615,"date":"2026-03-08T04:25:00","date_gmt":"2026-03-08T07:25:00","guid":{"rendered":"https:\/\/noticiasdestaque.com.br\/index.php\/2026\/03\/08\/mulheres-ja-sao-104-milhoes-entre-donos-de-negocios-no-brasil\/"},"modified":"2026-03-08T04:25:00","modified_gmt":"2026-03-08T07:25:00","slug":"mulheres-ja-sao-104-milhoes-entre-donos-de-negocios-no-brasil","status":"publish","type":"post","link":"https:\/\/noticiasdestaque.com.br\/index.php\/2026\/03\/08\/mulheres-ja-sao-104-milhoes-entre-donos-de-negocios-no-brasil\/","title":{"rendered":"Mulheres j\u00e1 s\u00e3o 10,4 milh\u00f5es entre donos de neg\u00f3cios no Brasil"},"content":{"rendered":"<p>\t\t\t\t\t\t\t\t\t\t\t<audio controls class=\"b61_audio_player\" data-noticia=\"88202\" src=\"https:\/\/brasil61.com\/rails\/active_storage\/blobs\/eyJfcmFpbHMiOnsibWVzc2FnZSI6IkJBaHBBK2dCQkE9PSIsImV4cCI6bnVsbCwicHVyIjoiYmxvYl9pZCJ9fQ==--1446c022eac15ba607fb5e13b04bacb062612ed9\/CACB260134A\"><\/audio><\/p>\n<p>O <strong>protagonismo feminino<\/strong> n\u00e3o se limita \u00e0 celebra\u00e7\u00e3o do Dia Internacional da Mulher, em 8 de mar\u00e7o. Apesar das vulnerabilidades sist\u00eamicas, as <strong>mulheres t\u00eam se destacado em diversas \u00e1reas da economia brasileira<\/strong>, especialmente no <strong>empreendedorismo<\/strong>. De acordo com o relat\u00f3rio t\u00e9cnico do <a href=\"https:\/\/sebrae.com.br\/sites\/PortalSebrae\/\">Sebrae<\/a> referente ao 4\u00ba trimestre de 2024, o Brasil registra<strong> 30,4 milh\u00f5es de donos de neg\u00f3cios<\/strong>, dos quais <strong>10,4 milh\u00f5es s\u00e3o mulheres<\/strong>. O n\u00famero,<strong> recorde<\/strong> da s\u00e9rie hist\u00f3rica, representa um <strong>crescimento de cerca de 33% nos \u00faltimos dez anos<\/strong>.<\/p>\n<p>Esse avan\u00e7o \u00e9 impulsionado por iniciativas como as do Conselho da Mulher Empreendedora e da Cultura (<a href=\"https:\/\/www.cmecmulher.com.br\/\">CMEC<\/a>), ligado \u00e0 Confedera\u00e7\u00e3o das Associa\u00e7\u00f5es Comerciais e Empresariais do Brasil (<a href=\"https:\/\/cacb.org.br\/\">CACB<\/a>). O \u00f3rg\u00e3o atua para <strong>reduzir fragilidades estruturais<\/strong> e ampliar as oportunidades de lideran\u00e7a para mulheres empreendedoras.<\/p>\n<p>Para a presidente do CMEC, Ana Claudia Brada Cotait, o primeiro passo para quem deseja abrir um neg\u00f3cio \u00e9 a <strong>formaliza\u00e7\u00e3o<\/strong>. \u201cA mulher formalizada tem um campo maior de atua\u00e7\u00e3o e de ganho de mercado\u201d, afirma.<\/p>\n<p>Brada Cotait destaca ainda a import\u00e2ncia da <strong>capacita\u00e7\u00e3o<\/strong>: \u201cPara ocupar um cargo de lideran\u00e7a, seja como CEO, parlamentar ou empreendedora de servi\u00e7os, a qualifica\u00e7\u00e3o \u00e9 extremamente necess\u00e1ria\u201d.<\/p>\n<h2>Desigualdades estruturais<\/h2>\n<p>Embora a participa\u00e7\u00e3o feminina nos neg\u00f3cios tenha registrado crescimento, o <strong>cen\u00e1rio ainda revela desigualdades<\/strong>. No 4\u00ba trimestre de 2024, as<strong> mulheres representavam 51,7% da popula\u00e7\u00e3o em idade ativa, mas apenas 34,1% dos donos de neg\u00f3cios<\/strong>. A diferen\u00e7a exp\u00f5e <strong>fragilidades estruturais<\/strong> que <strong>comprometem a sustentabilidade e o crescimento dos empreendimentos liderados pelo p\u00fablico feminino<\/strong>.<\/p>\n<p>Conforme relat\u00f3rio do Minist\u00e9rio do Empreendedorismo, da Microempresa e da Empresa de Pequeno Porte (<a href=\"https:\/\/www.gov.br\/memp\/pt-br\">MEMP<\/a>), apenas cerca de <strong>25% dos recursos destinados a pequenos neg\u00f3cios chegam \u00e0s mulheres<\/strong>, enquanto a maior parte das linhas de financiamento beneficia empreendimentos masculinos. A presidente do CMEC aponta a<strong> disparidade de acesso ao cr\u00e9dito como um dos principais entraves<\/strong>, o que significa menos capital para investir em estoque, inova\u00e7\u00e3o e profissionaliza\u00e7\u00e3o.<\/p>\n<p>Nesse contexto, destacam-se tamb\u00e9m as <strong>taxas de juros cobradas das empreendedoras, que costumam ser mais altas<\/strong>. Estudo do Sebrae indica que as empres\u00e1rias, sobretudo microempreendedoras, pagam taxas m\u00e9dias efetivas superiores \u00e0s dos homens.\u00a0<\/p>\n<p>Outro desafio apontado por Ana Claudia Brada Cotait \u00e9 a <strong>jornada m\u00faltipla enfrentada pelas mulheres<\/strong>, que, de acordo com a presidente do CMEC, reduz o tempo dispon\u00edvel para capacita\u00e7\u00e3o, networking e gest\u00e3o estrat\u00e9gica.\u00a0<\/p>\n<p>Al\u00e9m de administrar o pr\u00f3prio neg\u00f3cio, o Instituto Rede Mulher Empreendedora aponta que<strong> 58,3% das empreendedoras s\u00e3o chefes dos domic\u00edlios<\/strong>. \u201cNormalmente, a mulher precisa dar conta de in\u00fameras responsabilidades ao mesmo tempo: trabalhar, cuidar da casa e da fam\u00edlia. Muitas s\u00e3o arrimo de fam\u00edlia, m\u00e3es solo que criam os filhos sozinhas. Eu mesma sou um exemplo disso\u201d, relata a empres\u00e1ria.<\/p>\n<p>As <strong>desigualdades raciais <\/strong>tamb\u00e9m atravessam o ecossistema empreendedor. O Sebrae tamb\u00e9m evidencia, em estudos, que neg\u00f3cios de mulheres negras tendem a ser menores, menos formalizados e com renda m\u00e9dia inferior.<\/p>\n<h2>Pol\u00edticas p\u00fablicas<\/h2>\n<p>O cen\u00e1rio evidencia a urg\u00eancia de um olhar mais atento para a trajet\u00f3ria profissional feminina, especialmente para o desenvolvimento do setor no pa\u00eds.\u00a0<\/p>\n<p>A deputada federal Adriana Ventura (NOVO\/SP) lamenta a <strong>falta de apoio e de cr\u00e9dito para as mulheres no contexto do empreendedorismo<\/strong>. Segundo ela, \u00e9 preciso que entidades se preocupem em capacitar mulheres para que n\u00e3o \u201cdependam de ningu\u00e9m\u201d.\u00a0<\/p>\n<p>\u201cTemos algumas iniciativas muito importantes e trabalhos de entidades s\u00e9rias que realmente querem colocar a mulher onde ela merece estar, capacit\u00e1-la e dar todo o apoio necess\u00e1rio. Muitas vezes, a mulher vem empreender por necessidade. S\u00e3o v\u00e1rias as ocasi\u00f5es em que se v\u00ea a falta de conhecimento espec\u00edfico, de apoio, de cr\u00e9dito. Por isso, \u00e9 muito importante que possamos contar com entidades como a CACB, como o CMEC e tantas outras que buscam realmente inserir a mulher no mercado, para que ela possa se desenvolver, crescer, deixar situa\u00e7\u00f5es de pobreza e passar a n\u00e3o depender de ningu\u00e9m\u201d, afirma.<\/p>\n<p>Ventura ressalta ainda que \u201cno m\u00eas da mulher, \u00e9 primordial que todos n\u00f3s pensemos na import\u00e2ncia da mulher na forma\u00e7\u00e3o de uma sociedade. E, para isso, o empreendedorismo \u00e9 <strong>essencial<\/strong>\u201d.\u00a0<\/p>\n<p>Brada Cotait refor\u00e7a que, em 2026, \u00e9 preciso consolidar os ganhos de participa\u00e7\u00e3o feminina no setor. Da mesma forma, reduzir diferentes vulnerabilidades que limitam o avan\u00e7o das mulheres. Para ela, as <strong>pol\u00edticas p\u00fablicas<\/strong> devem priorizar as seguintes frentes:<\/p>\n<ul>\n<li><strong>Linhas de cr\u00e9dito: <\/strong>ampliar produtos financeiros com juros e garantias compat\u00edveis \u00e0 realidade de micro e pequenas empres\u00e1rias, incluindo planos espec\u00edficos para MEIs lideradas por mulheres e por negras.<\/li>\n<li><strong>Desburocratiza\u00e7\u00e3o dos servi\u00e7os:<\/strong> expandir e digitalizar capacita\u00e7\u00e3o, consultorias e redes de mentoria, com oferta em hor\u00e1rios e formatos compat\u00edveis com jornadas reduzidas.<\/li>\n<li><strong>Compras p\u00fablicas:<\/strong> criar cotas e est\u00edmulos para que compras governamentais e grandes cadeias contratem produtos e servi\u00e7os de empreendedoras.<\/li>\n<\/ul>\n<p><strong>VEJA MAIS:<\/strong><\/p>\n<ul>\n<li><a href=\"https:\/\/brasil61.com\/n\/we-forum-promove-integracao-internacional-do-empreendedorismo-feminino-cacb260130\">WE Forum promove integra\u00e7\u00e3o internacional do empreendedorismo feminino<\/a><\/li>\n<li><a href=\"https:\/\/brasil61.com\/n\/mulheres-vencem-preconceitos-e-medos-e-avancam-no-comando-das-empresas-cacb250085\">Mulheres vencem preconceitos e medos e avan\u00e7am no comando das empresas<\/a><\/li>\n<\/ul>\n<p>\t\t\t\t\t\t\t\t\t\t<img loading=\"lazy\" decoding=\"async\" src=\"https:\/\/brasil61.com\/api\/v1\/serve_pixel\/17677\/88202\" alt=\"Pixel Brasil 61\" class=\"b61_pixel\" width=\"0\" height=\"0\"><\/p>\n<input type=\"hidden\" id=\"baseurl\" value=\"https:\/\/noticiasdestaque.com.br\"><input type=\"hidden\" id=\"audio_nonce\" value=\"9fd43fe80e\">","protected":false},"excerpt":{"rendered":"<p>N\u00famero recorde cresce 33% em dez anos, mas empreendedoras ainda enfrentam desigualdade no acesso a cr\u00e9dito e oportunidades<\/p>\n","protected":false},"author":1,"featured_media":50616,"comment_status":"open","ping_status":"open","sticky":false,"template":"","format":"standard","meta":{"fifu_image_url":"","fifu_image_alt":"","footnotes":""},"categories":[59],"tags":[],"class_list":["post-50615","post","type-post","status-publish","format-standard","has-post-thumbnail","hentry","category-economia"],"distributor_meta":false,"distributor_terms":false,"distributor_media":false,"distributor_original_site_name":"Noticias em Destaque","distributor_original_site_url":"https:\/\/noticiasdestaque.com.br","push-errors":false,"_links":{"self":[{"href":"https:\/\/noticiasdestaque.com.br\/index.php\/wp-json\/wp\/v2\/posts\/50615","targetHints":{"allow":["GET"]}}],"collection":[{"href":"https:\/\/noticiasdestaque.com.br\/index.php\/wp-json\/wp\/v2\/posts"}],"about":[{"href":"https:\/\/noticiasdestaque.com.br\/index.php\/wp-json\/wp\/v2\/types\/post"}],"author":[{"embeddable":true,"href":"https:\/\/noticiasdestaque.com.br\/index.php\/wp-json\/wp\/v2\/users\/1"}],"replies":[{"embeddable":true,"href":"https:\/\/noticiasdestaque.com.br\/index.php\/wp-json\/wp\/v2\/comments?post=50615"}],"version-history":[{"count":0,"href":"https:\/\/noticiasdestaque.com.br\/index.php\/wp-json\/wp\/v2\/posts\/50615\/revisions"}],"wp:featuredmedia":[{"embeddable":true,"href":"https:\/\/noticiasdestaque.com.br\/index.php\/wp-json\/wp\/v2\/media\/50616"}],"wp:attachment":[{"href":"https:\/\/noticiasdestaque.com.br\/index.php\/wp-json\/wp\/v2\/media?parent=50615"}],"wp:term":[{"taxonomy":"category","embeddable":true,"href":"https:\/\/noticiasdestaque.com.br\/index.php\/wp-json\/wp\/v2\/categories?post=50615"},{"taxonomy":"post_tag","embeddable":true,"href":"https:\/\/noticiasdestaque.com.br\/index.php\/wp-json\/wp\/v2\/tags?post=50615"}],"curies":[{"name":"wp","href":"https:\/\/api.w.org\/{rel}","templated":true}]}}