{"id":5061,"date":"2023-02-06T00:50:24","date_gmt":"2023-02-06T03:50:24","guid":{"rendered":"https:\/\/noticiasdestaque.com.br\/index.php\/2023\/02\/06\/medidas-provisorias-que-limitavam-gastos-com-cultura-perdem-validade\/"},"modified":"2023-02-06T00:50:24","modified_gmt":"2023-02-06T03:50:24","slug":"medidas-provisorias-que-limitavam-gastos-com-cultura-perdem-validade","status":"publish","type":"post","link":"https:\/\/noticiasdestaque.com.br\/index.php\/2023\/02\/06\/medidas-provisorias-que-limitavam-gastos-com-cultura-perdem-validade\/","title":{"rendered":"Medidas provis\u00f3rias que limitavam gastos com cultura perdem validade"},"content":{"rendered":"<style> bloco.meta {font-style: italic; color: #666;font-weight: 600;font-size: .8em; \/* line-height: .3em; *\/}  text h2 { font-weight: 700 !important;  color: #062f46 !important;} text img { width: none; left: none;}<\/style>\n<\/p>\n<p>Duas medidas provis\u00f3rias editadas pelo governo do ex-presidente Jair Bolsonaro perdem a validade neste domingo (5). Uma delas adiou repasses or\u00e7ament\u00e1rios aos setores da cultura e de eventos previstos nas leis Paulo Gustavo, Aldir Blanc 2 e no Programa Emergencial de Retomada do Setor de Eventos (Perse). O texto chegou a receber 44 emendas.<\/p>\n<p>A outra, a MP 1.135\/2022, limitou o uso de recursos do Fundo Nacional de Desenvolvimento Cient\u00edfico e Tecnol\u00f3gico (FNDCT). Ela recebeu 15 emendas.<\/p>\n<p>Como n\u00e3o foram votadas na C\u00e2mara, as medidas provis\u00f3rias n\u00e3o chegaram a ser enviadas ao Senado para vota\u00e7\u00e3o.<\/p>\n<h2>Tramita\u00e7\u00e3o<\/h2>\n<p>Uma medida provis\u00f3ria vale por 60 dias, prorrog\u00e1veis por mais 60. Depois disso, caso n\u00e3o tenha sido votada nas duas Casas do Parlamento (C\u00e2mara e Senado), ela expira.<\/p>\n<p>A Constitui\u00e7\u00e3o determina que as rela\u00e7\u00f5es jur\u00eddicas estabelecidas por uma MP n\u00e3o aprovada podem ser definidas pelo Congresso, por meio de decreto legislativo. Se isso for feito at\u00e9 60 dias ap\u00f3s a caducidade, os atos praticados durante a vig\u00eancia da MP podem ser convalidados.<\/p>\n<p>Pelo menos outras 24 medidas provis\u00f3rias est\u00e3o pendentes de vota\u00e7\u00e3o no Congresso Nacional.<\/p>\n<h2>STF<\/h2>\n<p>Ontem, o Plen\u00e1rio do Supremo Tribunal Federal (STF) <a href=\"https:\/\/agenciabrasil.ebc.com.br\/justica\/noticia\/2023-02\/stf-mantem-prorrogacao-da-lei-paulo-gustavo-ate-dezembro-de-2023\" target=\"_blank\" rel=\"noopener\">referendou liminar que assegurou o repasse<\/a> de recursos ao setor cultural.<\/p>\n<p>A decis\u00e3o foi em resposta a a\u00e7\u00e3o, ajuizada pela Rede Sustentabilidade contra a MP 1.135\/2022. A MP chegou a ser suspensa por decis\u00e3o do STF, que restabeleceu a efic\u00e1cia da legisla\u00e7\u00e3o criada pelo Congresso Nacional para dar socorro emergencial ao setor afetado pela pandemia de covid-19.<\/p>\n<p>Mas a Rede informou posteriormente \u00e0 Corte que o Poder Executivo n\u00e3o providenciou a execu\u00e7\u00e3o or\u00e7ament\u00e1ria em tempo h\u00e1bil para o repasse de verbas para o setor cultural ainda em 2022. Diante disso, foi acolhido o pedido da Rede para assegurar que o socorro financeiro destinado pela legisla\u00e7\u00e3o ao setor possa ser utilizado no decorrer de 2023.<\/p>\n<p class=\"alt-font font-italic my-2 small text-info\">\n                                                Edi\u00e7\u00e3o:   Kelly Oliveira                    <\/p>\n<p>            <!-- blog End --><\/p>\n<p>            <!-- tag and share --><\/p>\n<p> Fonte: EBC <\/p>\n<input type=\"hidden\" id=\"baseurl\" value=\"https:\/\/noticiasdestaque.com.br\"><input type=\"hidden\" id=\"audio_nonce\" value=\"eb7638fb71\">","protected":false},"excerpt":{"rendered":"<p>MPs foram editadas pelo governo Bolsonaro<\/p>\n","protected":false},"author":1,"featured_media":5062,"comment_status":"open","ping_status":"open","sticky":false,"template":"","format":"standard","meta":{"fifu_image_url":"","fifu_image_alt":"","footnotes":""},"categories":[50],"tags":[],"class_list":["post-5061","post","type-post","status-publish","format-standard","has-post-thumbnail","hentry","category-politica"],"distributor_meta":false,"distributor_terms":false,"distributor_media":false,"distributor_original_site_name":"Portal de Recupera\u00e7\u00e3o","distributor_original_site_url":"https:\/\/portalderecuperacao.com","push-errors":false,"_links":{"self":[{"href":"https:\/\/noticiasdestaque.com.br\/index.php\/wp-json\/wp\/v2\/posts\/5061","targetHints":{"allow":["GET"]}}],"collection":[{"href":"https:\/\/noticiasdestaque.com.br\/index.php\/wp-json\/wp\/v2\/posts"}],"about":[{"href":"https:\/\/noticiasdestaque.com.br\/index.php\/wp-json\/wp\/v2\/types\/post"}],"author":[{"embeddable":true,"href":"https:\/\/noticiasdestaque.com.br\/index.php\/wp-json\/wp\/v2\/users\/1"}],"replies":[{"embeddable":true,"href":"https:\/\/noticiasdestaque.com.br\/index.php\/wp-json\/wp\/v2\/comments?post=5061"}],"version-history":[{"count":0,"href":"https:\/\/noticiasdestaque.com.br\/index.php\/wp-json\/wp\/v2\/posts\/5061\/revisions"}],"wp:featuredmedia":[{"embeddable":true,"href":"https:\/\/noticiasdestaque.com.br\/index.php\/wp-json\/wp\/v2\/media\/5062"}],"wp:attachment":[{"href":"https:\/\/noticiasdestaque.com.br\/index.php\/wp-json\/wp\/v2\/media?parent=5061"}],"wp:term":[{"taxonomy":"category","embeddable":true,"href":"https:\/\/noticiasdestaque.com.br\/index.php\/wp-json\/wp\/v2\/categories?post=5061"},{"taxonomy":"post_tag","embeddable":true,"href":"https:\/\/noticiasdestaque.com.br\/index.php\/wp-json\/wp\/v2\/tags?post=5061"}],"curies":[{"name":"wp","href":"https:\/\/api.w.org\/{rel}","templated":true}]}}