{"id":5052,"date":"2023-02-01T14:13:30","date_gmt":"2023-02-01T17:13:30","guid":{"rendered":"https:\/\/noticiasdestaque.com.br\/index.php\/2023\/02\/01\/menopausa-entenda-o-processo-natural-que-marca-o-final-da-menstruacao\/"},"modified":"2023-02-01T14:13:30","modified_gmt":"2023-02-01T17:13:30","slug":"menopausa-entenda-o-processo-natural-que-marca-o-final-da-menstruacao","status":"publish","type":"post","link":"https:\/\/noticiasdestaque.com.br\/index.php\/2023\/02\/01\/menopausa-entenda-o-processo-natural-que-marca-o-final-da-menstruacao\/","title":{"rendered":"Menopausa: entenda o processo natural que marca o final da menstrua\u00e7\u00e3o"},"content":{"rendered":"<p>A menopausa \u00e9 um fen\u00f4meno biol\u00f3gico caracterizado pelo final das menstrua\u00e7\u00f5es na vida de uma mulher, o que geralmente ocorre entre os 45 e os 55 anos de idade. Para se considerar que uma mulher est\u00e1 na menopausa, ela deve estar h\u00e1 12 meses sem menstruar.<\/p>\n<p>Os sintomas que antecedem a menopausa s\u00e3o caracterizados como climat\u00e9rio. Nesse caso, ocorrem diversas mudan\u00e7as f\u00edsicas e at\u00e9 mesmo emocionais. O conhecimento dos sinais e sintomas permite cuidados individualizados, melhorando a qualidade de vida e o bem-estar nos anos seguintes. <\/p>\n<p>De acordo com Giani Cezimbra, ginecologista e coordenadora da elabora\u00e7\u00e3o do <a href=\"https:\/\/bvsms.saude.gov.br\/bvs\/publicacoes\/manual_atencao_mulher_climaterio.pdf\" target=\"_blank\" rel=\"noopener\">Manual do Climat\u00e9rio do Minist\u00e9rio da Sa\u00fade<\/a>, os sinais e a intensidade do climat\u00e9rio dependem do organismo de cada mulher.<\/p>\n<p>\u201cPodem ser mais intensos e podem ser em maior n\u00famero do que em outros. Muitas sentem sintomas extremamente leves nessa fase e n\u00e3o precisam de nenhum tipo de tratamento, elas ficam bem. Outras podem ter realmente sintomas que incomodam e prejudicam a qualidade de vida e requerem algum tipo de tratamento, de acordo com a especificidade dos sintomas\u201d, destaca a especialista.<\/p>\n<h2>Sintomas do climat\u00e9rio<\/h2>\n<ul>\n<li>Ondas de calor, que geralmente s\u00e3o acompanhadas de vermelhid\u00e3o no rosto, suores, palpita\u00e7\u00f5es no cora\u00e7\u00e3o, vertigens e cansa\u00e7o muscular;<\/li>\n<li>Dificuldade para esvaziar a bexiga, dor, perda de urina, infec\u00e7\u00f5es urin\u00e1rias e ginecol\u00f3gicas, ressecamento vaginal, dor na penetra\u00e7\u00e3o e diminui\u00e7\u00e3o da libido;<\/li>\n<li>Aumento da irritabilidade, instabilidade emocional, choro descontrolado, depress\u00e3o, dist\u00farbios de ansiedade, melancolia, perda da mem\u00f3ria e ins\u00f4nia;<\/li>\n<li>Altera\u00e7\u00f5es no vigor da pele, dos cabelos e das unhas, que ficam mais finos e quebradi\u00e7os;<\/li>\n<li>Altera\u00e7\u00f5es na distribui\u00e7\u00e3o da gordura corporal, que passa a se concentrar mais na regi\u00e3o abdominal;<\/li>\n<li>Perda de massa \u00f3ssea caracter\u00edstica da osteoporose e da osteopenia;<\/li>\n<li>Risco aumentado de doen\u00e7as cardiovasculares.<\/li>\n<\/ul>\n<p>L\u00facia Helena, ginecologista e vice-presidente da Comiss\u00e3o Nacional Especializada em Climat\u00e9rio da Federa\u00e7\u00e3o Brasileira das Associa\u00e7\u00f5es de Ginecologia e Obstetr\u00edcia (Febrasgo), explica que a falta da produ\u00e7\u00e3o do estrog\u00eanio, durante o per\u00edodo do climat\u00e9rio, \u00e9 o que causa as mudan\u00e7as f\u00edsicas e psicol\u00f3gicas na mulher.<\/p>\n<p>\u201cUm dos principais horm\u00f4nios \u00e9 o estrog\u00eanio e em quase todo o organismo da mulher existem receptores para esses horm\u00f4nios, ent\u00e3o quando a mulher entra na menopausa, ela deixa de produzir alguns horm\u00f4nios, mas principalmente o estrog\u00eanio, e a falta do mesmo leva a consequ\u00eancias f\u00edsicas e psicol\u00f3gicas\u201d, explica a m\u00e9dica.<\/p>\n<ul>\n<li><a href=\"https:\/\/brasil61.com\/n\/mpox-ainda-e-problema-de-saude-publica-dizem-especialistas-bras237769\" target=\"_blank\" rel=\"noopener\">Mpox ainda \u00e9 problema de sa\u00fade p\u00fablica, dizem especialistas<\/a><\/li>\n<li><a href=\"https:\/\/brasil61.com\/n\/unicef-e-parceiros-incentivam-vacinacao-indigena-em-2023-confira-spots-para-radios-pbru230018\" target=\"_blank\" rel=\"noopener\">UNICEF e parceiros incentivam vacina\u00e7\u00e3o ind\u00edgena em 2023; confira spots para r\u00e1dios<\/a><\/li>\n<\/ul>\n<p>Giani Cezimbra orienta mulheres que est\u00e3o com idade entre 40 e 55 anos a observarem se a menstrua\u00e7\u00e3o est\u00e1 descendo com maiores espa\u00e7os de tempo, se est\u00e1 irregular, se sentem ondas de calor, principalmente enquanto est\u00e3o dormindo ou est\u00e3o come\u00e7ando a ter ressecamento vaginal. Nesses casos, a dica \u00e9 procurar o ginecologista para fazer uma avalia\u00e7\u00e3o e se certificar de que esses s\u00e3o os sintomas do per\u00edodo de climat\u00e9rio. \n <\/p>\n<p> Fonte: Brasil61<\/p>\n<input type=\"hidden\" id=\"baseurl\" value=\"https:\/\/noticiasdestaque.com.br\"><input type=\"hidden\" id=\"audio_nonce\" value=\"eb7638fb71\">","protected":false},"excerpt":{"rendered":"<p>Segundo a ginecologista e coordenadora da elabora\u00e7\u00e3o do Manual do Climat\u00e9rio do Minist\u00e9rio da Sa\u00fade, Giani Cezimbra, a intensidade dos sinais do climat\u00e9rio variam de acordo com o organismo de cada mulher<\/p>\n","protected":false},"author":1,"featured_media":0,"comment_status":"open","ping_status":"open","sticky":false,"template":"","format":"standard","meta":{"fifu_image_url":"","fifu_image_alt":"","footnotes":""},"categories":[51],"tags":[],"class_list":["post-5052","post","type-post","status-publish","format-standard","hentry","category-saude"],"distributor_meta":false,"distributor_terms":false,"distributor_media":false,"distributor_original_site_name":"Portal de Recupera\u00e7\u00e3o","distributor_original_site_url":"https:\/\/portalderecuperacao.com","push-errors":false,"_links":{"self":[{"href":"https:\/\/noticiasdestaque.com.br\/index.php\/wp-json\/wp\/v2\/posts\/5052","targetHints":{"allow":["GET"]}}],"collection":[{"href":"https:\/\/noticiasdestaque.com.br\/index.php\/wp-json\/wp\/v2\/posts"}],"about":[{"href":"https:\/\/noticiasdestaque.com.br\/index.php\/wp-json\/wp\/v2\/types\/post"}],"author":[{"embeddable":true,"href":"https:\/\/noticiasdestaque.com.br\/index.php\/wp-json\/wp\/v2\/users\/1"}],"replies":[{"embeddable":true,"href":"https:\/\/noticiasdestaque.com.br\/index.php\/wp-json\/wp\/v2\/comments?post=5052"}],"version-history":[{"count":0,"href":"https:\/\/noticiasdestaque.com.br\/index.php\/wp-json\/wp\/v2\/posts\/5052\/revisions"}],"wp:attachment":[{"href":"https:\/\/noticiasdestaque.com.br\/index.php\/wp-json\/wp\/v2\/media?parent=5052"}],"wp:term":[{"taxonomy":"category","embeddable":true,"href":"https:\/\/noticiasdestaque.com.br\/index.php\/wp-json\/wp\/v2\/categories?post=5052"},{"taxonomy":"post_tag","embeddable":true,"href":"https:\/\/noticiasdestaque.com.br\/index.php\/wp-json\/wp\/v2\/tags?post=5052"}],"curies":[{"name":"wp","href":"https:\/\/api.w.org\/{rel}","templated":true}]}}