{"id":5047,"date":"2023-01-31T01:18:17","date_gmt":"2023-01-31T04:18:17","guid":{"rendered":"https:\/\/noticiasdestaque.com.br\/index.php\/2023\/01\/31\/roraima-ministro-pede-reforco-na-seguranca-para-enfrentar-garimpeiros\/"},"modified":"2023-01-31T01:18:17","modified_gmt":"2023-01-31T04:18:17","slug":"roraima-ministro-pede-reforco-na-seguranca-para-enfrentar-garimpeiros","status":"publish","type":"post","link":"https:\/\/noticiasdestaque.com.br\/index.php\/2023\/01\/31\/roraima-ministro-pede-reforco-na-seguranca-para-enfrentar-garimpeiros\/","title":{"rendered":"Roraima: ministro pede refor\u00e7o na seguran\u00e7a para enfrentar garimpeiros"},"content":{"rendered":"<style> bloco.meta {font-style: italic; color: #666;font-weight: 600;font-size: .8em; \/* line-height: .3em; *\/}  text h2 { font-weight: 700 !important;  color: #062f46 !important;} text img { width: none; left: none;}<\/style>\n<\/p>\n<p>O ministro dos Direitos Humanos e Cidadania, Silvio Almeida, pediu ao Minist\u00e9rio da Justi\u00e7a e Seguran\u00e7a P\u00fablica medidas de prote\u00e7\u00e3o de lideran\u00e7as ind\u00edgenas em car\u00e1ter de urg\u00eancia. O ministro pede a presen\u00e7a permanente de for\u00e7as de seguran\u00e7a federais na Terra Ind\u00edgena Yanomami e escolta para os l\u00edderes, diante de<a href=\"https:\/\/agenciabrasil.ebc.com.br\/direitos-humanos\/noticia\/2023-01\/equipes-enviadas-territorio-yanomami-sofrem-ameacas\" target=\"_blank\" rel=\"noopener\"> amea\u00e7as feitas por garimpeiros<\/a> \u00e0s lideran\u00e7as e equipes de sa\u00fade..<\/p>\n<p>Em of\u00edcio desta segunda-feira (30). Almeida pede ainda que a Pol\u00edcia Federal intensifique as a\u00e7\u00f5es de intelig\u00eancia para monitorar as articula\u00e7\u00f5es de garimpeiros contra a comunidade ind\u00edgena e que a For\u00e7a Nacional auxilie a PF nesta miss\u00e3o.<\/p>\n<p>O documento tamb\u00e9m solicita que seja elaborado plano emergencial de desintrus\u00e3o de garimpeiros, diante de relatos de que eles est\u00e3o impedindo o atendimento na sa\u00fade, inclusive de crian\u00e7as ind\u00edgenas.<\/p>\n<p>Almeida quer ainda que seja avaliada a conveni\u00eancia de instaura\u00e7\u00e3o de investiga\u00e7\u00e3o para apurar envolvimento de autoridades locais como garimpo ilegal, \u201cconsiderando a inexist\u00eancia de ado\u00e7\u00e3o de medidas de prote\u00e7\u00e3o do territ\u00f3rio e de enfrentamento \u00e0 atividade ilegal, em nivel local, e a inexist\u00eancia de leis contr\u00e1rias ao controle da atividade garimpeira\u201d..<\/p>\n<h2>Amea\u00e7as<\/h2>\n<p>Em miss\u00e3o, a comitiva do Minist\u00e9rio dos Direitos Humanos e Cidadania (MDHC) identificou amea\u00e7as sistem\u00e1ticas de garimpeiros \u00e0 integridade dos povos ind\u00edgenas e tamb\u00e9m da for\u00e7a-tarefa liderada por equipes de sa\u00fade presentes no local. O of\u00edcio afirma, por exemplo, que os garimpeiros t\u00eam imposto suas presen\u00e7as \u201cde forma ostensiva, atuando tamb\u00e9m no aliciamento de jovens ind\u00edgenas e na distribui\u00e7\u00e3o de armas de fogo\u201d.<\/p>\n<p>\u201cForam apresentados diversos relatos de amea\u00e7as sistem\u00e1ticas praticadas contra as lideran\u00e7as yanomami. Foi poss\u00edvel avaliar, por meio da escuta especializada de tais lideran\u00e7as, que existe situa\u00e7\u00e3o de risco concreto e iminente \u00e0 sua integridade f\u00edsica e vida, potencializada pela presen\u00e7a dos \u00f3rg\u00e3os federais no territ\u00f3rio e pelos an\u00fancios de autoridades governamentais de que ocorrer\u00e1 a desintrus\u00e3o dos garimpeiros da Terra Ind\u00edgena Yanomami\u201d, alega  o of\u00edcio.\n <\/p>\n<p class=\"alt-font font-italic my-2 small text-info\">\n                                                Edi\u00e7\u00e3o:   Aline Leal                    <\/p>\n<p>            <!-- blog End --><\/p>\n<p>            <!-- tag and share --><\/p>\n<p> Fonte: EBC <\/p>\n<input type=\"hidden\" id=\"baseurl\" value=\"https:\/\/noticiasdestaque.com.br\"><input type=\"hidden\" id=\"audio_nonce\" value=\"eb7638fb71\">","protected":false},"excerpt":{"rendered":"<p>Silvio Almeida quer a\u00e7\u00e3o de intelig\u00eancia para prote\u00e7\u00e3o dos yanomami<\/p>\n","protected":false},"author":1,"featured_media":5048,"comment_status":"open","ping_status":"open","sticky":false,"template":"","format":"standard","meta":{"fifu_image_url":"","fifu_image_alt":"","footnotes":""},"categories":[48],"tags":[],"class_list":["post-5047","post","type-post","status-publish","format-standard","has-post-thumbnail","hentry","category-mundo"],"distributor_meta":false,"distributor_terms":false,"distributor_media":false,"distributor_original_site_name":"Portal de Recupera\u00e7\u00e3o","distributor_original_site_url":"https:\/\/portalderecuperacao.com","push-errors":false,"_links":{"self":[{"href":"https:\/\/noticiasdestaque.com.br\/index.php\/wp-json\/wp\/v2\/posts\/5047","targetHints":{"allow":["GET"]}}],"collection":[{"href":"https:\/\/noticiasdestaque.com.br\/index.php\/wp-json\/wp\/v2\/posts"}],"about":[{"href":"https:\/\/noticiasdestaque.com.br\/index.php\/wp-json\/wp\/v2\/types\/post"}],"author":[{"embeddable":true,"href":"https:\/\/noticiasdestaque.com.br\/index.php\/wp-json\/wp\/v2\/users\/1"}],"replies":[{"embeddable":true,"href":"https:\/\/noticiasdestaque.com.br\/index.php\/wp-json\/wp\/v2\/comments?post=5047"}],"version-history":[{"count":0,"href":"https:\/\/noticiasdestaque.com.br\/index.php\/wp-json\/wp\/v2\/posts\/5047\/revisions"}],"wp:featuredmedia":[{"embeddable":true,"href":"https:\/\/noticiasdestaque.com.br\/index.php\/wp-json\/wp\/v2\/media\/5048"}],"wp:attachment":[{"href":"https:\/\/noticiasdestaque.com.br\/index.php\/wp-json\/wp\/v2\/media?parent=5047"}],"wp:term":[{"taxonomy":"category","embeddable":true,"href":"https:\/\/noticiasdestaque.com.br\/index.php\/wp-json\/wp\/v2\/categories?post=5047"},{"taxonomy":"post_tag","embeddable":true,"href":"https:\/\/noticiasdestaque.com.br\/index.php\/wp-json\/wp\/v2\/tags?post=5047"}],"curies":[{"name":"wp","href":"https:\/\/api.w.org\/{rel}","templated":true}]}}