{"id":50441,"date":"2026-03-02T04:15:00","date_gmt":"2026-03-02T07:15:00","guid":{"rendered":"https:\/\/noticiasdestaque.com.br\/index.php\/2026\/03\/02\/divida-publica-e-despesas-dos-estados-ainda-preocupam-em-2026-aponta-ifi\/"},"modified":"2026-03-02T04:15:00","modified_gmt":"2026-03-02T07:15:00","slug":"divida-publica-e-despesas-dos-estados-ainda-preocupam-em-2026-aponta-ifi","status":"publish","type":"post","link":"https:\/\/noticiasdestaque.com.br\/index.php\/2026\/03\/02\/divida-publica-e-despesas-dos-estados-ainda-preocupam-em-2026-aponta-ifi\/","title":{"rendered":"D\u00edvida p\u00fablica e despesas dos estados ainda preocupam em 2026, aponta IFI"},"content":{"rendered":"<p>\t\t\t\t\t\t\t\t\t\t\t<audio controls class=\"b61_audio_player\" data-noticia=\"88054\" src=\"https:\/\/brasil61.com\/rails\/active_storage\/blobs\/eyJfcmFpbHMiOnsibWVzc2FnZSI6IkJBaHBBM3IrQXc9PSIsImV4cCI6bnVsbCwicHVyIjoiYmxvYl9pZCJ9fQ==--aae77a4d572cac881155faad8e51daa0a564cd70\/BRAS2615963A\"><\/audio><\/p>\n<p>A edi\u00e7\u00e3o de fevereiro do <strong><a href=\"https:\/\/www12.senado.leg.br\/ifi\/pdf\/raf109_fev2026.pdf\" target=\"_blank\">Relat\u00f3rio de Acompanhamento Fiscal (RAF)<\/a><\/strong>, divulgada pela <a href=\"https:\/\/www12.senado.leg.br\/ifi\" target=\"_blank\">Institui\u00e7\u00e3o Fiscal Independente (IFI)<\/a>, revela que <strong>2026 dever\u00e1 ser um ano de foco no cumprimento da meta de d\u00e9ficit prim\u00e1rio zero, sem expectativa de grandes turbul\u00eancias ou de medidas radicais na pol\u00edtica econ\u00f4mica brasileira<\/strong>.\u00a0<\/p>\n<p>Apesar disso, o documento aponta <strong>preocupa\u00e7\u00f5es com a d\u00edvida p\u00fablica e as despesas dos estados<\/strong>. Segundo a IFI, para interromper o crescimento da d\u00edvida e promover uma reconfigura\u00e7\u00e3o estrutural dos gastos p\u00fablicos \u2014 com maior espa\u00e7o para investimentos em infraestrutura, ci\u00eancia e tecnologia \u2014 o pa\u00eds precisaria gerar um <strong>super\u00e1vit prim\u00e1rio superior a 2% do Produto Interno Bruto (PIB)<\/strong>. Essa agenda, no entanto, <strong>deve ficar para 2027<\/strong>, j\u00e1 que dificilmente reformas estruturais profundas ocorrem em ano eleitoral.<\/p>\n<p>J\u00e1 no campo monet\u00e1rio, a proje\u00e7\u00e3o \u00e9 de<strong> infla\u00e7\u00e3o alinhada ao centro da meta, fechando o ano em 3,9%<\/strong>. O <strong>cen\u00e1rio externo \u00e9 considerado confort\u00e1vel<\/strong>, sustentado pelo <strong>regime de c\u00e2mbio flutuante<\/strong>, pelo elevado volume de<strong> reservas internacionais <\/strong>e pelo<strong> desempenho positivo da balan\u00e7a comercial<\/strong>.<\/p>\n<h2>Resultado dos estados<\/h2>\n<p>Outro ponto de aten\u00e7\u00e3o destacado no relat\u00f3rio \u00e9 o<strong> resultado prim\u00e1rio dos estados e do Distrito Federal<\/strong>. Em 2025, o <strong>super\u00e1vit <\/strong>registrado foi de apenas <strong>0,04% do PIB<\/strong> \u2014 praticamente nulo \u2014 refletindo o crescimento real das despesas acima do das receitas.<\/p>\n<p>Embora o maior peso do ajuste esteja no governo federal, a IFI ressalta que estados e munic\u00edpios desempenham papel relevante no equil\u00edbrio das contas p\u00fablicas. O diretor da institui\u00e7\u00e3o, <strong>Alexandre Andrade<\/strong>, chama aten\u00e7\u00e3o para o avan\u00e7o das <strong>despesas com pessoal <\/strong>e para seus potenciais efeitos sobre a sa\u00fade financeira de entes federados.<\/p>\n<p>\u201c[O aumento da despesa de pessoal] acende um sinal de alerta, porque se trata de despesas obrigat\u00f3rias de car\u00e1ter continuado. Caso ocorra alguma revers\u00e3o no cen\u00e1rio que afete a arrecada\u00e7\u00e3o desses entes, os estados podem ter problemas. Os investimentos tendem a ser uma das vari\u00e1veis a sofrer ajustes. Ent\u00e3o pode haver um risco de interrup\u00e7\u00e3o dessas obras.\u201d<\/p>\n<h2>Imposto de Importa\u00e7\u00e3o<\/h2>\n<p>O relat\u00f3rio tamb\u00e9m aborda a <strong>eleva\u00e7\u00e3o do Imposto de Importa\u00e7\u00e3o<\/strong> sobre diversos bens de capital, inform\u00e1tica e telecomunica\u00e7\u00f5es, medida incorporada ao <strong>Or\u00e7amento<\/strong> <strong>de 2026<\/strong>. A estimativa \u00e9 que o aumento das al\u00edquotas gere arrecada\u00e7\u00e3o adicional entre <strong>R$ 14 bilh\u00f5es e R$ 20 bilh\u00f5es<\/strong>, contribuindo para o cumprimento da meta fiscal.<\/p>\n<p>\u201c[O objetivo \u00e9] equilibrar um pouco a balan\u00e7a comercial desses bens e tamb\u00e9m conseguir fontes de arrecada\u00e7\u00e3o. O aumento dessas al\u00edquotas vai representar uma arrecada\u00e7\u00e3o importante de cerca de R$ 14 bilh\u00f5es a R$ 15 bilh\u00f5es \u2014 uma fonte de arrecada\u00e7\u00e3o muito importante para o governo neste ano\u201d, ressalta Andrade.<\/p>\n<p>A proposta, no entanto, \u00e9 <strong>alvo de controv\u00e9rsia<\/strong> quanto \u00e0 efic\u00e1cia e aos poss\u00edveis impactos sobre investimentos e competitividade. Por isso, a IFI defende que o tema seja <strong>amplamente debatido<\/strong> entre governo, Congresso Nacional e setores produtivos antes de sua consolida\u00e7\u00e3o definitiva.<\/p>\n<p><em>*Com informa\u00e7\u00f5es da <a href=\"https:\/\/www12.senado.leg.br\/noticias\" target=\"_blank\">Ag\u00eancia Senado<\/a><\/em><\/p>\n<p><strong>VEJA MAIS:<\/strong><\/p>\n<ul>\n<li><a href=\"https:\/\/brasil61.com\/n\/governo-prorroga-exigencia-de-acordo-coletivo-para-trabalho-em-feriados-cacb260128\" target=\"_blank\">Governo prorroga exig\u00eancia de acordo coletivo para trabalho em feriados<\/a><\/li>\n<li><a href=\"https:\/\/brasil61.com\/n\/discussao-sobre-fim-da-escala-6x1-deve-ser-feita-depois-das-eleicoes-defende-deputado-de-sc-cacb260126\" target=\"_blank\">Discuss\u00e3o sobre fim da escala 6&#215;1 deve ser feita depois das Elei\u00e7\u00f5es, defende deputado de SC<\/a><\/li>\n<\/ul>\n<p>\t\t\t\t\t\t\t\t\t\t<img loading=\"lazy\" decoding=\"async\" src=\"https:\/\/brasil61.com\/api\/v1\/serve_pixel\/17677\/88054\" alt=\"Pixel Brasil 61\" class=\"b61_pixel\" width=\"0\" height=\"0\"><\/p>\n<input type=\"hidden\" id=\"baseurl\" value=\"https:\/\/noticiasdestaque.com.br\"><input type=\"hidden\" id=\"audio_nonce\" value=\"5128c810d9\">","protected":false},"excerpt":{"rendered":"<p>Relat\u00f3rio de Acompanhamento Fiscal projeta ano com foco na meta de d\u00e9ficit zero, infla\u00e7\u00e3o controlada e cen\u00e1rio externo favor\u00e1vel<\/p>\n","protected":false},"author":1,"featured_media":50442,"comment_status":"open","ping_status":"open","sticky":false,"template":"","format":"standard","meta":{"fifu_image_url":"","fifu_image_alt":"","footnotes":""},"categories":[59],"tags":[],"class_list":["post-50441","post","type-post","status-publish","format-standard","has-post-thumbnail","hentry","category-economia"],"distributor_meta":false,"distributor_terms":false,"distributor_media":false,"distributor_original_site_name":"Noticias em Destaque","distributor_original_site_url":"https:\/\/noticiasdestaque.com.br","push-errors":false,"_links":{"self":[{"href":"https:\/\/noticiasdestaque.com.br\/index.php\/wp-json\/wp\/v2\/posts\/50441","targetHints":{"allow":["GET"]}}],"collection":[{"href":"https:\/\/noticiasdestaque.com.br\/index.php\/wp-json\/wp\/v2\/posts"}],"about":[{"href":"https:\/\/noticiasdestaque.com.br\/index.php\/wp-json\/wp\/v2\/types\/post"}],"author":[{"embeddable":true,"href":"https:\/\/noticiasdestaque.com.br\/index.php\/wp-json\/wp\/v2\/users\/1"}],"replies":[{"embeddable":true,"href":"https:\/\/noticiasdestaque.com.br\/index.php\/wp-json\/wp\/v2\/comments?post=50441"}],"version-history":[{"count":0,"href":"https:\/\/noticiasdestaque.com.br\/index.php\/wp-json\/wp\/v2\/posts\/50441\/revisions"}],"wp:featuredmedia":[{"embeddable":true,"href":"https:\/\/noticiasdestaque.com.br\/index.php\/wp-json\/wp\/v2\/media\/50442"}],"wp:attachment":[{"href":"https:\/\/noticiasdestaque.com.br\/index.php\/wp-json\/wp\/v2\/media?parent=50441"}],"wp:term":[{"taxonomy":"category","embeddable":true,"href":"https:\/\/noticiasdestaque.com.br\/index.php\/wp-json\/wp\/v2\/categories?post=50441"},{"taxonomy":"post_tag","embeddable":true,"href":"https:\/\/noticiasdestaque.com.br\/index.php\/wp-json\/wp\/v2\/tags?post=50441"}],"curies":[{"name":"wp","href":"https:\/\/api.w.org\/{rel}","templated":true}]}}