{"id":5044,"date":"2023-01-30T10:32:22","date_gmt":"2023-01-30T13:32:22","guid":{"rendered":"https:\/\/noticiasdestaque.com.br\/index.php\/2023\/01\/30\/ministro-diz-que-informara-sobre-yanomamis-a-organismos-internacionais\/"},"modified":"2023-01-30T10:32:22","modified_gmt":"2023-01-30T13:32:22","slug":"ministro-diz-que-informara-sobre-yanomamis-a-organismos-internacionais","status":"publish","type":"post","link":"https:\/\/noticiasdestaque.com.br\/index.php\/2023\/01\/30\/ministro-diz-que-informara-sobre-yanomamis-a-organismos-internacionais\/","title":{"rendered":"Ministro diz que informar\u00e1 sobre yanomamis a organismos internacionais"},"content":{"rendered":"<style> bloco.meta {font-style: italic; color: #666;font-weight: 600;font-size: .8em; \/* line-height: .3em; *\/}  text h2 { font-weight: 700 !important;  color: #062f46 !important;} text img { width: none; left: none;}<\/style>\n<\/p>\n<p>O ministro dos Direitos Humanos e da Cidadania, Silvio de Almeida, disse que a pasta vai entregar um relat\u00f3rio detalhado sobre a situa\u00e7\u00e3o dos yanomamis para organismos internacionais. Segundo o ministro, as informa\u00e7\u00f5es tamb\u00e9m servir\u00e3o para basear as decis\u00f5es do governo brasileiro para dar assist\u00eancia aos ind\u00edgenas. <\/p>\n<p>As declara\u00e7\u00f5es do ministro foram dadas ap\u00f3s reuni\u00e3o com a presidente do Supremo Tribunal Federal (STF), Rosa Weber. <\/p>\n<p>O ministro explicou que a pasta tem conex\u00f5es com as entidades internacionais e a politica de diretos humanos \u00e9 baseada em tratados internacionais. Na avalia\u00e7\u00e3o do ministro, os fatos podem levar \u00e0 condena\u00e7\u00e3o internacional do pa\u00eds. <\/p>\n<p>\u201cSe houver elementos que possam, no momento adequado, levar a essa conclus\u00e3o [responsabiliza\u00e7\u00e3o do governo Bolsonaro] pelas autoridades respons\u00e1veis pela apura\u00e7\u00e3o, pode acontecer. O Brasil tem outras condena\u00e7\u00f5es no \u00e2mbito internacional. O Brasil precisa mudar a postura\u201d, afirmou. <\/p>\n<p>Sobre a investiga\u00e7\u00e3o do STF envolvendo a suspeita de envio de informa\u00e7\u00f5es falsas \u00e0 Corte sobre a situa\u00e7\u00e3o da popula\u00e7\u00e3o ind\u00edgena yanomami, Almeida disse que o caso tamb\u00e9m \u00e9 avaliado pela pasta. <\/p>\n<p>\u201cVamos apurar isso e o minist\u00e9rio vai fornecer todas as informa\u00e7\u00f5es necess\u00e1rias\u201d, disse. <\/p>\n<p>O minist\u00e9rio j\u00e1 identificou que notas t\u00e9cnicas produzidas no governo anterior opinaram contrariamente a um projeto de lei para levar leitos de UTIs, medicamentos, vacinas e alimenta\u00e7\u00e3o aos ind\u00edgenas. <\/p>\n<p>A crise que afeta as comunidades da Terra Ind\u00edgena Yanomami levou o governo federal a decretar Emerg\u00eancia em Sa\u00fade P\u00fablica de Import\u00e2ncia Nacional para combater a desassist\u00eancia sanit\u00e1ria dos povos que vivem na regi\u00e3o. A portaria foi publicada na noite do dia 20 em edi\u00e7\u00e3o extra do Di\u00e1rio Oficial da Uni\u00e3o. No s\u00e1bado (21), o presidente Luiz In\u00e1cio Lula da Silva e ministros de Estado visitaram Roraima para acompanhar a situa\u00e7\u00e3o dos ind\u00edgenas.<\/p>\n<p class=\"alt-font font-italic my-2 small text-info\">\n                                                Edi\u00e7\u00e3o:   F\u00e1bio Massalli                    <\/p>\n<p>            <!-- blog End --><\/p>\n<p>            <!-- tag and share --><\/p>\n<p> Fonte: EBC <\/p>\n<input type=\"hidden\" id=\"baseurl\" value=\"https:\/\/noticiasdestaque.com.br\"><input type=\"hidden\" id=\"audio_nonce\" value=\"eb7638fb71\">","protected":false},"excerpt":{"rendered":"<p>Silvio Almeida enviar\u00e1 relat\u00f3rio sobre situa\u00e7\u00e3o dos ind\u00edgenas<\/p>\n","protected":false},"author":1,"featured_media":5045,"comment_status":"open","ping_status":"open","sticky":false,"template":"","format":"standard","meta":{"fifu_image_url":"","fifu_image_alt":"","footnotes":""},"categories":[48],"tags":[],"class_list":["post-5044","post","type-post","status-publish","format-standard","has-post-thumbnail","hentry","category-mundo"],"distributor_meta":false,"distributor_terms":false,"distributor_media":false,"distributor_original_site_name":"Portal de Recupera\u00e7\u00e3o","distributor_original_site_url":"https:\/\/portalderecuperacao.com","push-errors":false,"_links":{"self":[{"href":"https:\/\/noticiasdestaque.com.br\/index.php\/wp-json\/wp\/v2\/posts\/5044","targetHints":{"allow":["GET"]}}],"collection":[{"href":"https:\/\/noticiasdestaque.com.br\/index.php\/wp-json\/wp\/v2\/posts"}],"about":[{"href":"https:\/\/noticiasdestaque.com.br\/index.php\/wp-json\/wp\/v2\/types\/post"}],"author":[{"embeddable":true,"href":"https:\/\/noticiasdestaque.com.br\/index.php\/wp-json\/wp\/v2\/users\/1"}],"replies":[{"embeddable":true,"href":"https:\/\/noticiasdestaque.com.br\/index.php\/wp-json\/wp\/v2\/comments?post=5044"}],"version-history":[{"count":0,"href":"https:\/\/noticiasdestaque.com.br\/index.php\/wp-json\/wp\/v2\/posts\/5044\/revisions"}],"wp:featuredmedia":[{"embeddable":true,"href":"https:\/\/noticiasdestaque.com.br\/index.php\/wp-json\/wp\/v2\/media\/5045"}],"wp:attachment":[{"href":"https:\/\/noticiasdestaque.com.br\/index.php\/wp-json\/wp\/v2\/media?parent=5044"}],"wp:term":[{"taxonomy":"category","embeddable":true,"href":"https:\/\/noticiasdestaque.com.br\/index.php\/wp-json\/wp\/v2\/categories?post=5044"},{"taxonomy":"post_tag","embeddable":true,"href":"https:\/\/noticiasdestaque.com.br\/index.php\/wp-json\/wp\/v2\/tags?post=5044"}],"curies":[{"name":"wp","href":"https:\/\/api.w.org\/{rel}","templated":true}]}}