{"id":50387,"date":"2026-02-27T04:55:00","date_gmt":"2026-02-27T07:55:00","guid":{"rendered":"https:\/\/noticiasdestaque.com.br\/index.php\/2026\/02\/27\/cacb-e-cartorios-lancam-servico-com-acesso-a-informacoes-de-credito\/"},"modified":"2026-02-28T23:39:34","modified_gmt":"2026-03-01T02:39:34","slug":"cacb-e-cartorios-lancam-servico-com-acesso-a-informacoes-de-credito","status":"publish","type":"post","link":"https:\/\/noticiasdestaque.com.br\/index.php\/2026\/02\/27\/cacb-e-cartorios-lancam-servico-com-acesso-a-informacoes-de-credito\/","title":{"rendered":"CACB e cart\u00f3rios lan\u00e7am servi\u00e7o com acesso a informa\u00e7\u00f5es de cr\u00e9dito"},"content":{"rendered":"<p>\t\t\t\t\t\t\t\t\t\t<audio controls class=\"b61_audio_player\" data-noticia=\"88030\" src=\"https:\/\/brasil61.com\/rails\/active_storage\/blobs\/eyJfcmFpbHMiOnsibWVzc2FnZSI6IkJBaHBBOWI5QXc9PSIsImV4cCI6bnVsbCwicHVyIjoiYmxvYl9pZCJ9fQ==--5c349858652454d48807c0c858c995e665cc1a0b\/CACB260129A\"><\/audio><\/p>\n<p>A Confedera\u00e7\u00e3o das Associa\u00e7\u00f5es Comerciais e Empresariais do Brasil (<a href=\"https:\/\/cacb.org.br\/\">CACB<\/a>) e os <a href=\"https:\/\/www.protestodetitulos.org.br\/\">Cart\u00f3rios de Protesto<\/a> anunciaram nesta quinta-feira (26) o lan\u00e7amento do <strong>AC Protesto<\/strong>, <strong>um sistema nacional que integra informa\u00e7\u00f5es sobre inadimpl\u00eancia e envio de d\u00edvidas a protesto<\/strong>. A iniciativa, voltada para micro, pequenas e m\u00e9dias empresas, tem como objetivo:<\/p>\n<ul>\n<li>fortalecer a an\u00e1lise de risco;<\/li>\n<li>reduzir pend\u00eancias financeiras; e<\/li>\n<li>ampliar a recupera\u00e7\u00e3o de cr\u00e9dito.<\/li>\n<\/ul>\n<p>Em um cen\u00e1rio de juros elevados \u2014 com a <a href=\"https:\/\/www.bcb.gov.br\/controleinflacao\/taxaselic\">taxa Selic<\/a> em 15% ao ano \u2014 e restri\u00e7\u00e3o ao cr\u00e9dito, a parceria oferece seguran\u00e7a jur\u00eddica a <strong>mais de 2,3 mil Associa\u00e7\u00f5es Comerciais<\/strong>, que representam cerca de <strong>2 milh\u00f5es de empresas brasileiras<\/strong>.<\/p>\n<p>Para Alfredo Cotait Neto, presidente da CACB e da Federa\u00e7\u00e3o das Associa\u00e7\u00f5es Comerciais do Estado de S\u00e3o Paulo (<a href=\"https:\/\/www.facesp.com.br\/\">Facesp<\/a>), o lan\u00e7amento do AC Protesto representa \u201cuma vit\u00f3ria para o sistema das associa\u00e7\u00f5es comerciais e seus associados\u201d.\u00a0<\/p>\n<p>Cotait acrescenta que \u201cas micro e pequenas empresas dever\u00e3o, cada vez mais, acompanhar e se associar a uma associa\u00e7\u00e3o comercial para obter essas vantagens e facilidades. Assim, ter\u00e3o acesso \u00e0s informa\u00e7\u00f5es de cr\u00e9dito sem precisar recorrer a outros \u00f3rg\u00e3os ou empresas, que ainda cobram caro por esse servi\u00e7o.\u201d<\/p>\n<h2>AC Protesto: como funciona<\/h2>\n<p>Segundo Andr\u00e9 Gomes Netto, presidente do Instituto de Estudos de Protesto de T\u00edtulos do Brasil (<a href=\"https:\/\/www.protestodetitulos.org.br\/\">IEPTB<\/a>), o acordo \u201cviabiliza a sistematiza\u00e7\u00e3o do acesso ao protesto em todos os munic\u00edpios brasileiros\u201d.\u00a0<\/p>\n<p>\u201cO associado ter\u00e1, em tempo real, chance de consultar se uma pessoa f\u00edsica ou jur\u00eddica tem uma restri\u00e7\u00e3o de cr\u00e9dito em um dos 3.864 tabelionatos de protesto do pa\u00eds, o que vai conferir maior seguran\u00e7a nas suas rela\u00e7\u00f5es comerciais, evitando o inadimplemento\u201d, complementa Netto.<\/p>\n<p>Marco Bertaiolli, coordenador dos Conselhos Superiores da CACB e da Facesp, destacou que antes do AC Protesto os <strong>pequenos neg\u00f3cios dependiam de bir\u00f4s de cr\u00e9dito para acessar dados financeiros de clientes e parceiros<\/strong>. \u201cVamos democratizar a informa\u00e7\u00e3o do Banco de Dados do Instituto de Protestos do Brasil. A partir de hoje, com essa parceria, n\u00f3s vamos ter acesso online a todos os t\u00edtulos registrados enquanto inadimplentes no pa\u00eds\u201d, disse.<\/p>\n<p>De acordo com representantes das institui\u00e7\u00f5es, a plataforma est\u00e1 pronta para uso e deve ser disponibilizada em breve. Atualmente, <strong>841 associa\u00e7\u00f5es<\/strong> j\u00e1 est\u00e3o conectadas ao sistema.<\/p>\n<p><strong>VEJA MAIS:<\/strong><\/p>\n<ul>\n<li><a href=\"https:\/\/brasil61.com\/n\/empresarios-cobram-avanco-de-pautas-prioritarias-no-congresso-nacional-cacb260124\">Empres\u00e1rios cobram avan\u00e7o de pautas priorit\u00e1rias no Congresso Nacional<\/a><\/li>\n<li><a href=\"https:\/\/brasil61.com\/n\/setor-produtivo-e-frentes-parlamentares-pedem-revogacao-de-portaria-sobre-trabalho-em-feriados-cacb260125\">Setor produtivo e frentes parlamentares pedem revoga\u00e7\u00e3o de portaria sobre trabalho em feriados<\/a><\/li>\n<\/ul>\n<p>\t\t\t\t\t\t\t\t\t<img loading=\"lazy\" decoding=\"async\" src=\"https:\/\/brasil61.com\/api\/v1\/serve_pixel\/17677\/88030\" alt=\"Pixel Brasil 61\" class=\"b61_pixel\" width=\"0\" height=\"0\"><\/p>\n<input type=\"hidden\" id=\"baseurl\" value=\"https:\/\/noticiasdestaque.com.br\"><input type=\"hidden\" id=\"audio_nonce\" value=\"eb7638fb71\">","protected":false},"excerpt":{"rendered":"<p>Parceria permite que micro, pequenas e m\u00e9dias empresas consultem restri\u00e7\u00f5es de cr\u00e9dito, casos de inadimpl\u00eancia e encaminhem d\u00edvidas a protesto de forma digital<\/p>\n","protected":false},"author":1,"featured_media":50426,"comment_status":"open","ping_status":"open","sticky":false,"template":"","format":"standard","meta":{"fifu_image_url":"","fifu_image_alt":"","footnotes":""},"categories":[59],"tags":[],"class_list":["post-50387","post","type-post","status-publish","format-standard","has-post-thumbnail","hentry","category-economia"],"distributor_meta":false,"distributor_terms":false,"distributor_media":false,"distributor_original_site_name":"Noticias em Destaque","distributor_original_site_url":"https:\/\/noticiasdestaque.com.br","push-errors":false,"_links":{"self":[{"href":"https:\/\/noticiasdestaque.com.br\/index.php\/wp-json\/wp\/v2\/posts\/50387","targetHints":{"allow":["GET"]}}],"collection":[{"href":"https:\/\/noticiasdestaque.com.br\/index.php\/wp-json\/wp\/v2\/posts"}],"about":[{"href":"https:\/\/noticiasdestaque.com.br\/index.php\/wp-json\/wp\/v2\/types\/post"}],"author":[{"embeddable":true,"href":"https:\/\/noticiasdestaque.com.br\/index.php\/wp-json\/wp\/v2\/users\/1"}],"replies":[{"embeddable":true,"href":"https:\/\/noticiasdestaque.com.br\/index.php\/wp-json\/wp\/v2\/comments?post=50387"}],"version-history":[{"count":1,"href":"https:\/\/noticiasdestaque.com.br\/index.php\/wp-json\/wp\/v2\/posts\/50387\/revisions"}],"predecessor-version":[{"id":50425,"href":"https:\/\/noticiasdestaque.com.br\/index.php\/wp-json\/wp\/v2\/posts\/50387\/revisions\/50425"}],"wp:featuredmedia":[{"embeddable":true,"href":"https:\/\/noticiasdestaque.com.br\/index.php\/wp-json\/wp\/v2\/media\/50426"}],"wp:attachment":[{"href":"https:\/\/noticiasdestaque.com.br\/index.php\/wp-json\/wp\/v2\/media?parent=50387"}],"wp:term":[{"taxonomy":"category","embeddable":true,"href":"https:\/\/noticiasdestaque.com.br\/index.php\/wp-json\/wp\/v2\/categories?post=50387"},{"taxonomy":"post_tag","embeddable":true,"href":"https:\/\/noticiasdestaque.com.br\/index.php\/wp-json\/wp\/v2\/tags?post=50387"}],"curies":[{"name":"wp","href":"https:\/\/api.w.org\/{rel}","templated":true}]}}