{"id":50373,"date":"2026-02-27T04:40:00","date_gmt":"2026-02-27T07:40:00","guid":{"rendered":"https:\/\/noticiasdestaque.com.br\/index.php\/2026\/02\/27\/weforum-2026-fortalece-protagonismo-feminino-nos-negocios-internacionais\/"},"modified":"2026-02-27T04:40:00","modified_gmt":"2026-02-27T07:40:00","slug":"weforum-2026-fortalece-protagonismo-feminino-nos-negocios-internacionais","status":"publish","type":"post","link":"https:\/\/noticiasdestaque.com.br\/index.php\/2026\/02\/27\/weforum-2026-fortalece-protagonismo-feminino-nos-negocios-internacionais\/","title":{"rendered":"WEFORUM 2026 fortalece protagonismo feminino nos neg\u00f3cios internacionais"},"content":{"rendered":"<p>\t\t\t\t\t\t\t\t\t\t\t<audio controls class=\"b61_audio_player\" data-noticia=\"88025\" src=\"https:\/\/brasil61.com\/rails\/active_storage\/blobs\/eyJfcmFpbHMiOnsibWVzc2FnZSI6IkJBaHBBOVQ5QXc9PSIsImV4cCI6bnVsbCwicHVyIjoiYmxvYl9pZCJ9fQ==--050b5db9471bf49f5f36437f5af0540154bb9c6b\/CACB260127A\"><\/audio><\/p>\n<p>No dia <strong>3 de mar\u00e7o<\/strong>, Bras\u00edlia ser\u00e1 palco do <a href=\"https:\/\/www.cmecmulher.com.br\/weforum\" target=\"_blank\"><strong>WEFORUM 2026 \u2013 Women Entrepreneurs Forum<\/strong><\/a>, evento internacional voltado ao <strong>fortalecimento do empreendedorismo feminino e \u00e0 amplia\u00e7\u00e3o da presen\u00e7a das mulheres nos centros de decis\u00e3o da economia global<\/strong>.<\/p>\n<p>O encontro ser\u00e1 realizado presencialmente no <strong>Royal Tulip Bras\u00edlia<\/strong>, das <strong>9h \u00e0s 18h<\/strong>, e reunir\u00e1 empres\u00e1rias, lideran\u00e7as e representantes institucionais para debater <strong>desafios e oportunidades dos neg\u00f3cios liderados por mulheres<\/strong>. A programa\u00e7\u00e3o contar\u00e1 com uma plen\u00e1ria principal e pain\u00e9is tem\u00e1ticos sobre lideran\u00e7a feminina global, al\u00e9m de rodadas de networking presenciais.\u00a0<\/p>\n<p>A agenda se estende para o ambiente digital entre os dias<strong> 4 e 6 de mar\u00e7o<\/strong>, das <strong>9h \u00e0s 17h<\/strong>, com rodadas de neg\u00f3cios virtuais realizadas por meio da plataforma <strong><a href=\"https:\/\/connectamericas.com\/pt\" target=\"_blank\">ConnectAmericas<\/a><\/strong>. A iniciativa conectar\u00e1 empresas lideradas por mulheres a <strong>oportunidades internacionais<\/strong>, ampliando o alcance e a inser\u00e7\u00e3o em novos mercados.<\/p>\n<p>Organizado pelo CMEC (<a href=\"https:\/\/www.cmecmulher.com.br\/\" target=\"_blank\">Conselho Nacional da Mulher Empreendedora e da Cultura<\/a>), em conjunto com a <a href=\"https:\/\/cacb.org.br\/\" target=\"_blank\">CACB<\/a>, o <a href=\"https:\/\/sebrae.com.br\/sites\/PortalSebrae\" target=\"_blank\">SEBRAE<\/a> e a <a href=\"https:\/\/cni.portaldaindustria.com.br\/\" target=\"_blank\">CNI<\/a>, o WEForum integra a programa\u00e7\u00e3o oficial do <strong>Movimente 2026<\/strong>, iniciativa coordenada pelo SEBRAE-DF que se consolidou como uma plataforma permanente de articula\u00e7\u00e3o intersetorial para promover autonomia econ\u00f4mica e igualdade de g\u00eanero.\u00a0<\/p>\n<p>A edi\u00e7\u00e3o de 2026 conta com o patroc\u00ednio da <a href=\"https:\/\/www.cnabrasil.org.br\/\" target=\"_blank\">CNA<\/a>, do <a href=\"https:\/\/www.cnabrasil.org.br\/senar\" target=\"_blank\">SENAR<\/a> e da <a href=\"https:\/\/acsp.com.br\/\" target=\"_blank\">ACSP<\/a> (Associa\u00e7\u00e3o Comercial de S\u00e3o Paulo).<\/p>\n<p>A presidente do CMEC, <strong>Ana Cl\u00e1udia Badra Cotait<\/strong>, destaca o car\u00e1ter internacional e estrat\u00e9gico das conex\u00f5es promovidas pelo WEFORUM. \u201cN\u00f3s trazemos CEOs internacionais para discutir assuntos em comum com CEOs nacionais. \u00c9 um<strong> evento de conex\u00e3o e de rodada de neg\u00f3cios<\/strong>\u201d, ressalta.<\/p>\n<p>O evento \u00e9 voltado a mulheres e institui\u00e7\u00f5es que desejam protagonizar o futuro da economia, incluindo:<\/p>\n<ul>\n<li>empres\u00e1rias e empreendedoras em fase de expans\u00e3o;<\/li>\n<li>lideran\u00e7as femininas em cargos estrat\u00e9gicos;<\/li>\n<li>representantes de associa\u00e7\u00f5es e conselhos nacionais;<\/li>\n<li>startups lideradas por mulheres;<\/li>\n<li>profissionais interessadas em networking internacional;<\/li>\n<li>institui\u00e7\u00f5es e parceiros que apoiam neg\u00f3cios femininos.<\/li>\n<\/ul>\n<p>Para a presidente do CMEC, o encontro \u00e9 uma oportunidade \u00fanica de interc\u00e2mbio e expans\u00e3o para empres\u00e1rias brasileiras. \u201cPrecisamos de bons exemplos. Ent\u00e3o, trazemos muita empres\u00e1ria bacana para justamente trazer novas ideias, novos contatos, fazer esse networking internacional. E voc\u00ea n\u00e3o tem ideia dos neg\u00f3cios que as mulheres, que participaram do WEFORUM, j\u00e1 fizeram depois que conheceram pessoas de outros lugares do mundo\u201d, destaca.<\/p>\n<p>As inscri\u00e7\u00f5es para o evento podem ser realizadas no <a href=\"https:\/\/acsp.com.br\/\" target=\"_blank\">site oficial do WEFORUM 2026<\/a>.<\/p>\n<h2>Programa Mulheres Globais<\/h2>\n<p>Durante o WEFORUM 2026, ser\u00e1 divulgada a segunda edi\u00e7\u00e3o do <a href=\"https:\/\/apexbrasil.com.br\/content\/apexbrasil\/br\/pt\/eventos\/mulheres-globais-2026.html\" target=\"_blank\">Programa Mulheres Globais<\/a>, iniciativa desenvolvida no \u00e2mbito do conv\u00eanio entre a CNI e a <a href=\"https:\/\/apexbrasil.com.br\/\" target=\"_blank\">ApexBrasil<\/a>. O programa tem como objetivo fortalecer a presen\u00e7a internacional de empresas lideradas por mulheres, utilizando o e-commerce como estrat\u00e9gia de expans\u00e3o global.<\/p>\n<p>O p\u00fablico-alvo s\u00e3o empresas brasileiras exportadoras \u2014 ou potenciais exportadoras \u2014 lideradas e\/ou de propriedade de mulheres, de todas as regi\u00f5es do pa\u00eds, que estejam com situa\u00e7\u00e3o cadastral regular e ativa na Receita Federal.<\/p>\n<p><strong>VEJA MAIS:<\/strong><\/p>\n<ul>\n<li><a href=\"https:\/\/brasil61.com\/n\/mais-de-1-7-mil-mulheres-participaram-da-6-edicao-do-liberdade-para-empreender-em-sao-paulo-cacb250092\" target=\"_blank\">Mais de 1,7 mil mulheres participaram da 6\u00aa edi\u00e7\u00e3o do Liberdade para Empreender em S\u00e3o Paulo<\/a><\/li>\n<li><a href=\"https:\/\/brasil61.com\/n\/evento-inspira-empreendedoras-a-equilibrar-negocio-com-vida-real-cacb250091\" target=\"_blank\">Evento inspira empreendedoras a equilibrar neg\u00f3cio com vida real<\/a><\/li>\n<\/ul>\n<p>\t\t\t\t\t\t\t\t\t\t<img loading=\"lazy\" decoding=\"async\" src=\"https:\/\/brasil61.com\/api\/v1\/serve_pixel\/17677\/88025\" alt=\"Pixel Brasil 61\" class=\"b61_pixel\" width=\"0\" height=\"0\"><\/p>\n<input type=\"hidden\" id=\"baseurl\" value=\"https:\/\/noticiasdestaque.com.br\"><input type=\"hidden\" id=\"audio_nonce\" value=\"581f3017e1\">","protected":false},"excerpt":{"rendered":"<p>Evento re\u00fane empres\u00e1rias, lideran\u00e7as e representantes institucionais no Royal Tulip Bras\u00edlia, no dia 3 de mar\u00e7o <\/p>\n","protected":false},"author":1,"featured_media":50374,"comment_status":"open","ping_status":"open","sticky":false,"template":"","format":"standard","meta":{"fifu_image_url":"","fifu_image_alt":"","footnotes":""},"categories":[59],"tags":[],"class_list":["post-50373","post","type-post","status-publish","format-standard","has-post-thumbnail","hentry","category-economia"],"distributor_meta":false,"distributor_terms":false,"distributor_media":false,"distributor_original_site_name":"Noticias em Destaque","distributor_original_site_url":"https:\/\/noticiasdestaque.com.br","push-errors":false,"_links":{"self":[{"href":"https:\/\/noticiasdestaque.com.br\/index.php\/wp-json\/wp\/v2\/posts\/50373","targetHints":{"allow":["GET"]}}],"collection":[{"href":"https:\/\/noticiasdestaque.com.br\/index.php\/wp-json\/wp\/v2\/posts"}],"about":[{"href":"https:\/\/noticiasdestaque.com.br\/index.php\/wp-json\/wp\/v2\/types\/post"}],"author":[{"embeddable":true,"href":"https:\/\/noticiasdestaque.com.br\/index.php\/wp-json\/wp\/v2\/users\/1"}],"replies":[{"embeddable":true,"href":"https:\/\/noticiasdestaque.com.br\/index.php\/wp-json\/wp\/v2\/comments?post=50373"}],"version-history":[{"count":0,"href":"https:\/\/noticiasdestaque.com.br\/index.php\/wp-json\/wp\/v2\/posts\/50373\/revisions"}],"wp:featuredmedia":[{"embeddable":true,"href":"https:\/\/noticiasdestaque.com.br\/index.php\/wp-json\/wp\/v2\/media\/50374"}],"wp:attachment":[{"href":"https:\/\/noticiasdestaque.com.br\/index.php\/wp-json\/wp\/v2\/media?parent=50373"}],"wp:term":[{"taxonomy":"category","embeddable":true,"href":"https:\/\/noticiasdestaque.com.br\/index.php\/wp-json\/wp\/v2\/categories?post=50373"},{"taxonomy":"post_tag","embeddable":true,"href":"https:\/\/noticiasdestaque.com.br\/index.php\/wp-json\/wp\/v2\/tags?post=50373"}],"curies":[{"name":"wp","href":"https:\/\/api.w.org\/{rel}","templated":true}]}}