{"id":5033,"date":"2023-01-26T14:42:33","date_gmt":"2023-01-26T17:42:33","guid":{"rendered":"https:\/\/noticiasdestaque.com.br\/?p=5033"},"modified":"2023-02-07T06:09:03","modified_gmt":"2023-02-07T09:09:03","slug":"a-volta-de-pedro-albuquerque-ao-trabalho-de-modelo","status":"publish","type":"post","link":"https:\/\/noticiasdestaque.com.br\/index.php\/2023\/01\/26\/a-volta-de-pedro-albuquerque-ao-trabalho-de-modelo\/","title":{"rendered":"A volta de Pedro Albuquerque ao trabalho de modelo"},"content":{"rendered":"\n<p>Com trabalhos premiados, Pedro Albuquerque volta ao Brasil e fala da carreira fora do pa\u00eds<\/p>\n\n\n\n<p>Pedro Albuquerque est\u00e1 em uma nova fase de sua vida. Ainda muito novo deu in\u00edcio \u00e0 carreira de modelo, e surpreendeu com a sua r\u00e1pida evolu\u00e7\u00e3o profissional. Pedro volta ao Brasil focado na carreira de modelo, depois de abrir empresas e ser bem sucedido na carreira de empres\u00e1rio, Pedro Albuquerque est\u00e1 de volta a vida de modelo.&nbsp;<\/p>\n\n\n\n<p>Descoberto no concurso de um shopping de Bras\u00edlia, ele ganhou como pr\u00eamio participar da campanha promocional daquele centro de compras. Logo depois foi contratado por uma das maiores ag\u00eancias do Brasil e escalado para campanhas e editoriais das melhores marcas no Brasil. Pedro tamb\u00e9m j\u00e1 desfilou nos eventos como Capital Fashion Week, Bras\u00edlia Fashion Week, S\u00e3o Paulo Fashion Week e Rio Fashion Week.&nbsp;<\/p>\n\n\n\n<p><strong>Carreira em alta&nbsp;<\/strong><\/p>\n\n\n\n<p>Com 17 anos, fez sua estreia internacional em Mil\u00e3o (It\u00e1lia), em campanha da marca de sapatos Free Mood. Ainda em Mil\u00e3o tomou parte da campanha da cole\u00e7\u00e3o de cuecas da Diesel (badalada grife de roupas masculinas). Isso abriu portas para os mercados europeu e asi\u00e1tico, onde realizou desfiles, campanhas e editoriais para as melhores marcas em Hong Kong, Paris, Munique, Madri e claro Mil\u00e3o.&nbsp;<\/p>\n\n\n\n<p>De volta ao Brasil em 2012 depois de fotografar diversas campanhas pelo mundo,&nbsp; Pedro fotografou com o badalado&nbsp; fot\u00f3grafo Terry Richardson para a campanha nacional da marca carioca de moda praia Blue Man.&nbsp;<\/p>\n\n\n\n<figure class=\"wp-block-image size-large\"><img loading=\"lazy\" decoding=\"async\" width=\"680\" height=\"1024\" src=\"https:\/\/noticiasdestaque.com.br\/wp-content\/uploads\/2023\/01\/image_6487327-680x1024.jpg\" alt=\"\" class=\"wp-image-5035\" srcset=\"https:\/\/noticiasdestaque.com.br\/wp-content\/uploads\/2023\/01\/image_6487327-680x1024.jpg 680w, https:\/\/noticiasdestaque.com.br\/wp-content\/uploads\/2023\/01\/image_6487327-199x300.jpg 199w, https:\/\/noticiasdestaque.com.br\/wp-content\/uploads\/2023\/01\/image_6487327-768x1156.jpg 768w, https:\/\/noticiasdestaque.com.br\/wp-content\/uploads\/2023\/01\/image_6487327-1020x1536.jpg 1020w, https:\/\/noticiasdestaque.com.br\/wp-content\/uploads\/2023\/01\/image_6487327-1360x2048.jpg 1360w, https:\/\/noticiasdestaque.com.br\/wp-content\/uploads\/2023\/01\/image_6487327-750x1129.jpg 750w, https:\/\/noticiasdestaque.com.br\/wp-content\/uploads\/2023\/01\/image_6487327-1140x1716.jpg 1140w, https:\/\/noticiasdestaque.com.br\/wp-content\/uploads\/2023\/01\/image_6487327-scaled.jpg 1700w\" sizes=\"auto, (max-width: 680px) 100vw, 680px\" \/><\/figure>\n\n\n\n<p>Seus \u00faltimos trabalhos foram para a revista Lui Magazine, que circula na It\u00e1lia, Fran\u00e7a, Gr\u00e9cia e Espanha, e desfilou em Bras\u00edlia para o estilista Camargo. Tamb\u00e9m representou Bras\u00edlia no clipe da nova m\u00fasica dos cantores Seu Jorge e Pablo morais &#8221; A Bola N\u00e3o Cai&#8221;, com participa\u00e7\u00e3o da top Alessandra Ambr\u00f3sio.&nbsp; Sem contar com os desfiles que faz todo m\u00eas&nbsp; em eventos de moda do Brasil.&nbsp;<\/p>\n\n\n\n<p><strong>Moda<\/strong><\/p>\n\n\n\n<p>O mundo fashion n\u00e3o \u00e9 f\u00e1cil e muito competitivo, vai muito al\u00e9m do que somente ter beleza e ter um corpo bonito. Com 32 anos, a agenda de Pedro continua cheia e ele tem consci\u00eancia de que ter uma carreira de mais de 15 anos \u00e9 exce\u00e7\u00e3o no vol\u00e1til mercado da moda.&nbsp;<\/p>\n\n\n\n<p>Mesmo tendo estrelado diversas vezes a capa das principais publica\u00e7\u00f5es de moda do mundo, trabalhado com as marcas e os profissionais mais renomados, e ter alcan\u00e7ado o sucesso financeiro, Pedro n\u00e3o esconde uma ansiedade e um friozinho na barriga para voltar a modelar.<\/p>\n\n\n\n<p><strong>Empres\u00e1rio de sucesso&nbsp;<\/strong><\/p>\n\n\n\n<p>Pedro \u00e9 conhecido como um empres\u00e1rio confiante e extremamente bem-sucedido. E o sucesso dele vem por meio de muito esfor\u00e7o, mas muito trabalho! Portanto, t\u00e3o importante quanto alimentar a mente \u00e9 alimentar a positividade. Isto \u00e9: ter a capacidade de motivar as pessoas que est\u00e3o ao redor. Uma boa forma de buscar motiva\u00e7\u00e3o e inspira\u00e7\u00e3o.&nbsp;<\/p>\n\n\n\n<p>Ele tamb\u00e9m buscou sempre o desenvolvimento de novos conhecimentos e habilidades. Portanto, sempre ficou aberto para melhorias. Al\u00e9m disso, observou o comportamento de seus concorrentes e criou uma \u00f3tima estrat\u00e9gia para se tornar um empreendedor de sucesso. Esse processo ajudou ele a entender melhor o que \u00e9 certo e errado para tomar decis\u00f5es.<\/p>\n\n\n\n<p>Pedro tem a \u00e9tica como um papel importante em tudo o que voc\u00ea faz. Por isso, ele incentiva as pessoas a perseguir seus objetivos e se diferenciar de seus concorrentes no mercado, sempre com \u00e9tica e dignidade. Portanto, para ele esse aspecto \u00e9 essencial para alcan\u00e7ar o equil\u00edbrio na sociedade, refletindo principalmente em nosso comportamento.&nbsp;<\/p>\n\n\n\n<p>Pedro disse tamb\u00e9m que sempre buscou colaboradores qualificados que possam agregar valor \u00e0 sua empresa para que ela tenha sucesso. Al\u00e9m disso, para ele os profissionais com conhecimentos e habilidades desenvolvidas podem proporcionar uma troca de experi\u00eancias e ideias \u00fateis positivamente para a organiza\u00e7\u00e3o. Por isso, ele ressalta que o ideal \u00e9 encontrar colaboradores que conhe\u00e7am seu segmento e sua fun\u00e7\u00e3o na empresa.<\/p>\n\n\n\n<p><a href=\"http:\/\/www.instagram.com\/pedro33albuquerque\">www.instagram.com\/pedro33albuquerque<\/a><\/p>\n<input type=\"hidden\" id=\"baseurl\" value=\"https:\/\/noticiasdestaque.com.br\"><input type=\"hidden\" id=\"audio_nonce\" value=\"eb7638fb71\">","protected":false},"excerpt":{"rendered":"<p>Com trabalhos premiados, Pedro Albuquerque volta ao Brasil e fala da carreira fora do pa\u00eds Pedro Albuquerque est\u00e1 em uma nova fase de sua vida. Ainda muito novo deu in\u00edcio \u00e0 carreira de modelo, e surpreendeu com a sua r\u00e1pida evolu\u00e7\u00e3o profissional. Pedro volta ao Brasil focado na carreira de modelo, depois de abrir empresas [&hellip;]<\/p>\n","protected":false},"author":1,"featured_media":5041,"comment_status":"open","ping_status":"open","sticky":false,"template":"","format":"standard","meta":{"fifu_image_url":"","fifu_image_alt":"","footnotes":""},"categories":[86],"tags":[88,87],"class_list":["post-5033","post","type-post","status-publish","format-standard","has-post-thumbnail","hentry","category-moda","tag-modelo","tag-pedro-albuquerque"],"distributor_meta":false,"distributor_terms":false,"distributor_media":false,"distributor_original_site_name":"Noticias em Destaque","distributor_original_site_url":"https:\/\/noticiasdestaque.com.br","push-errors":false,"_links":{"self":[{"href":"https:\/\/noticiasdestaque.com.br\/index.php\/wp-json\/wp\/v2\/posts\/5033","targetHints":{"allow":["GET"]}}],"collection":[{"href":"https:\/\/noticiasdestaque.com.br\/index.php\/wp-json\/wp\/v2\/posts"}],"about":[{"href":"https:\/\/noticiasdestaque.com.br\/index.php\/wp-json\/wp\/v2\/types\/post"}],"author":[{"embeddable":true,"href":"https:\/\/noticiasdestaque.com.br\/index.php\/wp-json\/wp\/v2\/users\/1"}],"replies":[{"embeddable":true,"href":"https:\/\/noticiasdestaque.com.br\/index.php\/wp-json\/wp\/v2\/comments?post=5033"}],"version-history":[{"count":3,"href":"https:\/\/noticiasdestaque.com.br\/index.php\/wp-json\/wp\/v2\/posts\/5033\/revisions"}],"predecessor-version":[{"id":5063,"href":"https:\/\/noticiasdestaque.com.br\/index.php\/wp-json\/wp\/v2\/posts\/5033\/revisions\/5063"}],"wp:featuredmedia":[{"embeddable":true,"href":"https:\/\/noticiasdestaque.com.br\/index.php\/wp-json\/wp\/v2\/media\/5041"}],"wp:attachment":[{"href":"https:\/\/noticiasdestaque.com.br\/index.php\/wp-json\/wp\/v2\/media?parent=5033"}],"wp:term":[{"taxonomy":"category","embeddable":true,"href":"https:\/\/noticiasdestaque.com.br\/index.php\/wp-json\/wp\/v2\/categories?post=5033"},{"taxonomy":"post_tag","embeddable":true,"href":"https:\/\/noticiasdestaque.com.br\/index.php\/wp-json\/wp\/v2\/tags?post=5033"}],"curies":[{"name":"wp","href":"https:\/\/api.w.org\/{rel}","templated":true}]}}