{"id":5030,"date":"2023-01-25T15:30:42","date_gmt":"2023-01-25T18:30:42","guid":{"rendered":"https:\/\/noticiasdestaque.com.br\/index.php\/2023\/01\/25\/governo-distribui-toneladas-de-alimentos-para-comunidades-yanomami\/"},"modified":"2023-01-25T15:30:42","modified_gmt":"2023-01-25T18:30:42","slug":"governo-distribui-toneladas-de-alimentos-para-comunidades-yanomami","status":"publish","type":"post","link":"https:\/\/noticiasdestaque.com.br\/index.php\/2023\/01\/25\/governo-distribui-toneladas-de-alimentos-para-comunidades-yanomami\/","title":{"rendered":"Governo distribui 4 toneladas de alimentos para comunidades yanomami"},"content":{"rendered":"<style> bloco.meta {font-style: italic; color: #666;font-weight: 600;font-size: .8em; \/* line-height: .3em; *\/}  text h2 { font-weight: 700 !important;  color: #062f46 !important;} text img { width: none; left: none;}<\/style>\n<\/p>\n<p>A For\u00e7a A\u00e9rea Brasileira (FAB) transportou, neste fim de semana, cerca de 4 toneladas de alimentos para serem distribu\u00eddos a uma comunidade da Terra Ind\u00edgena Yanomami, em Roraima.<\/p>\n<p>A a\u00e7\u00e3o do governo federal \u00e9 uma resposta emergencial \u00e0 crise sanit\u00e1ria que motivou o Minist\u00e9rio da Sa\u00fade a declarar, na \u00faltima sexta-feira (20), Emerg\u00eancia em Sa\u00fade P\u00fablica de Import\u00e2ncia Nacional, o que permite ao Poder Executivo adotar, em car\u00e1ter de urg\u00eancia, medidas de \u201cpreven\u00e7\u00e3o, controle e conten\u00e7\u00e3o de riscos, danos e agravos \u00e0 sa\u00fade p\u00fablica\u201d.<\/p>\n<p>Segundo a Aeron\u00e1utica, j\u00e1 no s\u00e1bado (21), dia em que o presidente Luiz In\u00e1cio Lula da Silva visitou Boa Vista, capital de Roraima, foi transportado o equivalente a 1,26 tonelada de alimentos a serem distribu\u00eddos para a comunidade da Kataroa, na regi\u00e3o conhecida como Surucucu. No domingo (22), foram mais 2,50 toneladas.<\/p>\n<p>De acordo com o Minist\u00e9rio da Sa\u00fade, os suprimentos fazem parte das cerca de 5 mil cestas b\u00e1sicas que estavam armazenadas na sede da coordena\u00e7\u00e3o regional da Funda\u00e7\u00e3o Nacional dos Povos Ind\u00edgenas (Funai), em Boa Vista. Do total j\u00e1 dispon\u00edvel, 4 mil cestas ser\u00e3o destinadas \u00e0 Terra Ind\u00edgena Yanomami e mil ir\u00e3o para outras comunidades. Al\u00e9m disso, o governo federal anunciou a entrega de 200 latas de suplemento alimentar para crian\u00e7as de v\u00e1rias idades.<\/p>\n<p>O ministro do Desenvolvimento e Assist\u00eancia Social, Fam\u00edlia e Combate \u00e0 Fome, Wellington Dias, informou que as 5 mil cestas b\u00e1sicas foram adquiridas por meio de parceria com o Minist\u00e9rio da Gest\u00e3o e Inova\u00e7\u00e3o em Servi\u00e7os P\u00fablicos, Funai, Minist\u00e9rio dos Povos Ind\u00edgenas, Minist\u00e9rio da Sa\u00fade e For\u00e7as Armadas e transportadas do Amap\u00e1 em aeronaves da FAB.<\/p>\n<p> nd-widget-wrapper context-cheio_8colunas type-image&#8221;<\/p>\n<input type=\"hidden\" id=\"baseurl\" value=\"https:\/\/noticiasdestaque.com.br\"><input type=\"hidden\" id=\"audio_nonce\" value=\"eb7638fb71\">","protected":false},"excerpt":{"rendered":"<p>Cestas b\u00e1sicas foram transportadas pela FAB no fim de semana<\/p>\n","protected":false},"author":1,"featured_media":5031,"comment_status":"open","ping_status":"open","sticky":false,"template":"","format":"standard","meta":{"fifu_image_url":"","fifu_image_alt":"","footnotes":""},"categories":[48],"tags":[],"class_list":["post-5030","post","type-post","status-publish","format-standard","has-post-thumbnail","hentry","category-mundo"],"distributor_meta":false,"distributor_terms":false,"distributor_media":false,"distributor_original_site_name":"Portal de Recupera\u00e7\u00e3o","distributor_original_site_url":"https:\/\/portalderecuperacao.com","push-errors":false,"_links":{"self":[{"href":"https:\/\/noticiasdestaque.com.br\/index.php\/wp-json\/wp\/v2\/posts\/5030","targetHints":{"allow":["GET"]}}],"collection":[{"href":"https:\/\/noticiasdestaque.com.br\/index.php\/wp-json\/wp\/v2\/posts"}],"about":[{"href":"https:\/\/noticiasdestaque.com.br\/index.php\/wp-json\/wp\/v2\/types\/post"}],"author":[{"embeddable":true,"href":"https:\/\/noticiasdestaque.com.br\/index.php\/wp-json\/wp\/v2\/users\/1"}],"replies":[{"embeddable":true,"href":"https:\/\/noticiasdestaque.com.br\/index.php\/wp-json\/wp\/v2\/comments?post=5030"}],"version-history":[{"count":0,"href":"https:\/\/noticiasdestaque.com.br\/index.php\/wp-json\/wp\/v2\/posts\/5030\/revisions"}],"wp:featuredmedia":[{"embeddable":true,"href":"https:\/\/noticiasdestaque.com.br\/index.php\/wp-json\/wp\/v2\/media\/5031"}],"wp:attachment":[{"href":"https:\/\/noticiasdestaque.com.br\/index.php\/wp-json\/wp\/v2\/media?parent=5030"}],"wp:term":[{"taxonomy":"category","embeddable":true,"href":"https:\/\/noticiasdestaque.com.br\/index.php\/wp-json\/wp\/v2\/categories?post=5030"},{"taxonomy":"post_tag","embeddable":true,"href":"https:\/\/noticiasdestaque.com.br\/index.php\/wp-json\/wp\/v2\/tags?post=5030"}],"curies":[{"name":"wp","href":"https:\/\/api.w.org\/{rel}","templated":true}]}}