{"id":50297,"date":"2026-02-24T04:40:00","date_gmt":"2026-02-24T07:40:00","guid":{"rendered":"https:\/\/noticiasdestaque.com.br\/index.php\/2026\/02\/24\/confianca-do-consumidor-volta-a-cair-apos-quatro-meses-de-alta-mostra-fgv-ibre\/"},"modified":"2026-02-24T04:40:00","modified_gmt":"2026-02-24T07:40:00","slug":"confianca-do-consumidor-volta-a-cair-apos-quatro-meses-de-alta-mostra-fgv-ibre","status":"publish","type":"post","link":"https:\/\/noticiasdestaque.com.br\/index.php\/2026\/02\/24\/confianca-do-consumidor-volta-a-cair-apos-quatro-meses-de-alta-mostra-fgv-ibre\/","title":{"rendered":"Confian\u00e7a do Consumidor volta a cair ap\u00f3s quatro meses de alta, mostra FGV IBRE"},"content":{"rendered":"<p>\t\t\t\t\t\t\t\t\t\t\t<audio controls class=\"b61_audio_player\" data-noticia=\"87930\" src=\"https:\/\/brasil61.com\/rails\/active_storage\/blobs\/eyJfcmFpbHMiOnsibWVzc2FnZSI6IkJBaHBBNUw2QXc9PSIsImV4cCI6bnVsbCwicHVyIjoiYmxvYl9pZCJ9fQ==--f4b777ccb2a6fe9fb0f8b4489ddb3d072c0086e8\/BRAS2615928A\"><\/audio><\/p>\n<p>Divulgado nesta segunda-feira (23) pela Funda\u00e7\u00e3o Get\u00falio Vargas (FGV), o <strong>\u00cdndice de Confian\u00e7a do Consumidor (ICC) do FGV IBRE caiu 1,8 ponto\u00a0em janeiro, alcan\u00e7ando 87,3 pontos<\/strong>, <strong>menor n\u00edvel desde outubro de 2025, quando atingiu os 87 pontos<\/strong>. Em m\u00e9dias m\u00f3veis trimestrais, o <strong>avan\u00e7o foi de 0,1 ponto, para 88,4 pontos<\/strong>.<\/p>\n<p>Segundo a economista do FGV IBRE Anna Carolina Gouveia, a <strong>confian\u00e7a do consumidor recua em um movimento de revers\u00e3o das expectativas para os pr\u00f3ximos meses, ap\u00f3s quatro meses seguidos de avan\u00e7os<\/strong>. Ela destaca que o resultado se dissemina entre tr\u00eas das quatro faixas de renda, concentrado nas fam\u00edlias que recebem remunera\u00e7\u00f5es menores.<\/p>\n<p>A pesquisa mostrou que a <strong>queda do ICC de janeiro foi influenciada, principalmente, pelas expectativas para os pr\u00f3ximos meses<\/strong>. O <strong>\u00cdndice de Expectativas (IE) recuou 2,5 pontos, para 91,3 pontos<\/strong>, menor n\u00edvel desde outubro de 2025, quando foi de 90,5 pontos. Da mesma forma, o <strong>\u00cdndice de Situa\u00e7\u00e3o Atual (ISA) teve sua segunda queda consecutiva e recuou 0,8 ponto no m\u00eas, atingindo 82,6 pontos<\/strong>.<\/p>\n<p>\u201cO indicador que reflete a percep\u00e7\u00e3o sobre o momento atual<strong> [ISA] recua pelo segundo m\u00eas consecutivo, influenciado pela piora da percep\u00e7\u00e3o sobre a situa\u00e7\u00e3o financeira atual.<\/strong> Embora existam fatores favor\u00e1veis ao consumo, como emprego, renda e o al\u00edvio dos pre\u00e7os, <strong>os condicionantes negativos \u2014 juros altos e endividamento elevado \u2014 parecem voltar a dominar o cen\u00e1rio no m\u00eas, reduzindo a confian\u00e7a e aumentando o pessimismo para o futuro<\/strong>\u201d, explica a economista Anna Carolina Gouveia.<\/p>\n<p>Entre os <strong>fatores do \u00cdndice de Expectativas (IE),<\/strong> o<strong> indicador de situa\u00e7\u00e3o econ\u00f4mica local futura recuou 5,8 pontos, para 102,2 pontos<\/strong>, e no mesmo sentido, o <strong>indicador de situa\u00e7\u00e3o financeira futura da fam\u00edlia recuou 4,6 pontos, para 87,8 pontos<\/strong>. Apenas o<strong> indicador de compras previstas de bens dur\u00e1veis avan\u00e7ou no m\u00eas, em 3,4 pontos, para 85,5 pontos<\/strong>, maior n\u00edvel desde agosto de 2025, quando foi de 86,6 pontos.<\/p>\n<p>J\u00e1 entre os<strong> fatores que comp\u00f5em o ISA<\/strong>, o <strong>indicador de situa\u00e7\u00e3o econ\u00f4mica local atual avan\u00e7ou 1,4 ponto, para 95,5 pontos<\/strong>, enquanto o <strong>indicador de situa\u00e7\u00e3o financeira atual da fam\u00edlia recuou, em 2,9 pontos, para 70,1 pontos<\/strong>.<\/p>\n<p>\u00a0<\/p>\n<p>Confira <a href=\"https:\/\/portalibre.fgv.br\/system\/files\/divulgacao\/noticias\/mat-complementar\/2026-01\/Press%20Release_ICC_Jan26.pdf\">aqui os resultados completos da sondagem<\/a>.<\/p>\n<p>\u00a0<\/p>\n<p>Com informa\u00e7\u00f5es do FGV IBRE.<\/p>\n<p>\t\t\t\t\t\t\t\t\t\t<img loading=\"lazy\" decoding=\"async\" src=\"https:\/\/brasil61.com\/api\/v1\/serve_pixel\/17677\/87930\" alt=\"Pixel Brasil 61\" class=\"b61_pixel\" width=\"0\" height=\"0\"><\/p>\n<input type=\"hidden\" id=\"baseurl\" value=\"https:\/\/noticiasdestaque.com.br\"><input type=\"hidden\" id=\"audio_nonce\" value=\"6f73a554f1\">","protected":false},"excerpt":{"rendered":"<p>\u00cdndice de Confian\u00e7a do Consumidor volta a cair em janeiro, em revers\u00e3o das expectativas para os pr\u00f3ximos meses<\/p>\n","protected":false},"author":1,"featured_media":50298,"comment_status":"open","ping_status":"open","sticky":false,"template":"","format":"standard","meta":{"fifu_image_url":"","fifu_image_alt":"","footnotes":""},"categories":[59],"tags":[],"class_list":["post-50297","post","type-post","status-publish","format-standard","has-post-thumbnail","hentry","category-economia"],"distributor_meta":false,"distributor_terms":false,"distributor_media":false,"distributor_original_site_name":"Noticias em Destaque","distributor_original_site_url":"https:\/\/noticiasdestaque.com.br","push-errors":false,"_links":{"self":[{"href":"https:\/\/noticiasdestaque.com.br\/index.php\/wp-json\/wp\/v2\/posts\/50297","targetHints":{"allow":["GET"]}}],"collection":[{"href":"https:\/\/noticiasdestaque.com.br\/index.php\/wp-json\/wp\/v2\/posts"}],"about":[{"href":"https:\/\/noticiasdestaque.com.br\/index.php\/wp-json\/wp\/v2\/types\/post"}],"author":[{"embeddable":true,"href":"https:\/\/noticiasdestaque.com.br\/index.php\/wp-json\/wp\/v2\/users\/1"}],"replies":[{"embeddable":true,"href":"https:\/\/noticiasdestaque.com.br\/index.php\/wp-json\/wp\/v2\/comments?post=50297"}],"version-history":[{"count":0,"href":"https:\/\/noticiasdestaque.com.br\/index.php\/wp-json\/wp\/v2\/posts\/50297\/revisions"}],"wp:featuredmedia":[{"embeddable":true,"href":"https:\/\/noticiasdestaque.com.br\/index.php\/wp-json\/wp\/v2\/media\/50298"}],"wp:attachment":[{"href":"https:\/\/noticiasdestaque.com.br\/index.php\/wp-json\/wp\/v2\/media?parent=50297"}],"wp:term":[{"taxonomy":"category","embeddable":true,"href":"https:\/\/noticiasdestaque.com.br\/index.php\/wp-json\/wp\/v2\/categories?post=50297"},{"taxonomy":"post_tag","embeddable":true,"href":"https:\/\/noticiasdestaque.com.br\/index.php\/wp-json\/wp\/v2\/tags?post=50297"}],"curies":[{"name":"wp","href":"https:\/\/api.w.org\/{rel}","templated":true}]}}