{"id":50293,"date":"2026-02-24T04:15:00","date_gmt":"2026-02-24T07:15:00","guid":{"rendered":"https:\/\/noticiasdestaque.com.br\/index.php\/2026\/02\/24\/reducao-da-jornada-de-trabalho-pode-elevar-custos-das-empresas-em-ate-r-267-bilhoes-ao-ano-estima-cni\/"},"modified":"2026-02-25T22:37:15","modified_gmt":"2026-02-26T01:37:15","slug":"reducao-da-jornada-de-trabalho-pode-elevar-custos-das-empresas-em-ate-r-267-bilhoes-ao-ano-estima-cni","status":"publish","type":"post","link":"https:\/\/noticiasdestaque.com.br\/index.php\/2026\/02\/24\/reducao-da-jornada-de-trabalho-pode-elevar-custos-das-empresas-em-ate-r-267-bilhoes-ao-ano-estima-cni\/","title":{"rendered":"Redu\u00e7\u00e3o da jornada de trabalho pode elevar custos das empresas em at\u00e9 R$ 267 bilh\u00f5es ao ano, estima CNI"},"content":{"rendered":"<p>\t\t\t\t\t\t\t\t\t\t<audio controls class=\"b61_audio_player\" data-noticia=\"87935\" src=\"https:\/\/brasil61.com\/rails\/active_storage\/blobs\/eyJfcmFpbHMiOnsibWVzc2FnZSI6IkJBaHBBNWI2QXc9PSIsImV4cCI6bnVsbCwicHVyIjoiYmxvYl9pZCJ9fQ==--aa894d1af8e8219e6ca3a30485e219c781d8c59c\/BRAS2615932A\"><\/audio><\/p>\n<p><strong>A proposta de redu\u00e7\u00e3o da jornada semanal de trabalho de 44 para 40 horas pode elevar entre R$ 178,2 bilh\u00f5es e R$ 267,2 bilh\u00f5es por ano os custos com empregados formais na economia brasileira. Esse montante corresponde a um aumento de at\u00e9 7% na folha de pagamentos.<\/strong><\/p>\n<p>A estimativa consta em levantamento divulgado pela Confedera\u00e7\u00e3o Nacional da Ind\u00fastria <a href=\"https:\/\/cni.portaldaindustria.com.br\/pt\/\" target=\"_blank\">(CNI)<\/a> e considera dois cen\u00e1rios para manter o n\u00edvel atual de horas trabalhadas: a realiza\u00e7\u00e3o de horas extras pelos empregados atuais ou a contrata\u00e7\u00e3o de novos trabalhadores.<\/p>\n<p><strong>Segundo o estudo, o impacto proporcional tende a ser ainda mais expressivo no setor industrial, podendo ultrapassar 11% da folha salarial. Nesse segmento, o aumento das despesas seria de R$ 87,8 bilh\u00f5es no cen\u00e1rio de horas extras e de R$ 58,5 bilh\u00f5es anuais no cen\u00e1rio de novas contrata\u00e7\u00f5es.<\/strong><\/p>\n<p>A ind\u00fastria da constru\u00e7\u00e3o e as micro e pequenas empresas industriais seriam as mais afetadas. Dos 32 setores industriais analisados, 21 apresentariam alta de custos acima da m\u00e9dia da ind\u00fastria, independentemente da estrat\u00e9gia adotada para manter o volume atual de produ\u00e7\u00e3o.<\/p>\n<h2>Impactos por setor econ\u00f4mico<\/h2>\n<ul>\n<li>Ind\u00fastria de transforma\u00e7\u00e3o: aumento entre 7,7% e 11,6%.<\/li>\n<li>Ind\u00fastria da constru\u00e7\u00e3o: aumento entre 8,8% e 13,2%.<\/li>\n<li>Com\u00e9rcio: aumento entre 8,8% e 12,7%.<\/li>\n<li>Agropecu\u00e1ria: aumento entre 7,7% e 13,5%.<\/li>\n<\/ul>\n<p><strong>Inicialmente, a proposta prev\u00ea uma alta de cerca de 10% no valor da hora regular trabalhada pelos empregados cujo contrato atual exceda 40 horas semanais. Caso as horas n\u00e3o sejam repostas, a redu\u00e7\u00e3o do limite semanal poder\u00e1 resultar em queda da atividade econ\u00f4mica.<\/strong><\/p>\n<p>De acordo com o presidente da CNI, Ricardo Alban, a combina\u00e7\u00e3o desses fatores indica que o cen\u00e1rio mais prov\u00e1vel \u00e9 de redu\u00e7\u00e3o da produ\u00e7\u00e3o e aumento do custo unit\u00e1rio do trabalho, o que pode gerar press\u00e3o sobre os custos, perda de competitividade das empresas nacionais e impactos negativos sobre emprego, renda e Produto Interno Bruto (PIB).<\/p>\n<p>\u201cA dificuldade de adapta\u00e7\u00e3o para micro e pequenas empresas, que correspondem a 52% do emprego formal do pa\u00eds, mas que n\u00e3o disp\u00f5em de recursos ou estrutura f\u00edsica para ampliar equipes, ser\u00e1 ainda maior. Como resultado, essas ind\u00fastrias tendem a reduzir a produ\u00e7\u00e3o, perder a competitividade e comprometer os postos de trabalho\u201d, pontua.<\/p>\n<h2>Impacto nas micro e pequenas empresas industriais<\/h2>\n<p><strong>O levantamento aponta que as empresas industriais de menor porte seriam proporcionalmente mais impactadas, pois concentram maior n\u00famero de empregados com jornadas superiores a 40 horas semanais.<\/strong><\/p>\n<p>No cen\u00e1rio de manuten\u00e7\u00e3o das horas por meio de horas extras:<\/p>\n<ul>\n<li>Empresas com at\u00e9 9 empregados teriam aumento de R$ 6,8 bilh\u00f5es (alta de 13% nos gastos com pessoal).<\/li>\n<li>Empresas com 250 empregados ou mais registrariam aumento de R$ 41,3 bilh\u00f5es (alta de 9,8%).<\/li>\n<\/ul>\n<p>No cen\u00e1rio de reposi\u00e7\u00e3o das horas por meio de novas contrata\u00e7\u00f5es:<\/p>\n<ul>\n<li>Empresas com at\u00e9 9 empregados teriam eleva\u00e7\u00e3o de R$ 4,5 bilh\u00f5es (alta de 8,7%).<\/li>\n<li>Empresas com 250 empregados ou mais registrariam aumento de R$ 27,5 bilh\u00f5es (alta de 6,6%).<\/li>\n<\/ul>\n<h2>Segmentos industriais mais afetados<\/h2>\n<p><strong>O segmento da constru\u00e7\u00e3o seria o mais impactado, com proje\u00e7\u00e3o de aumento de custos de at\u00e9 13,2%, equivalente a R$ 19,4 bilh\u00f5es por ano. Em seguida aparece a ind\u00fastria de transforma\u00e7\u00e3o, com alta de at\u00e9 11,6%.\u00a0<\/strong><\/p>\n<p><strong>VEJA MAIS:<\/strong><\/p>\n<p><a href=\"https:\/\/brasil61.com\/n\/lucro-presumido-nova-regra-pode-taxar-dividendos-sem-retirada-bras2615905\" target=\"_blank\">Lucro Presumido: nova regra pode taxar dividendos sem retirada<\/a><\/p>\n<p><a href=\"https:\/\/brasil61.com\/n\/empresarios-cobram-avanco-de-pautas-prioritarias-no-congresso-nacional-cacb260124\" target=\"_blank\">Empres\u00e1rios cobram avan\u00e7o de pautas priorit\u00e1rias no Congresso Nacional<\/a><\/p>\n<p>J\u00e1 os servi\u00e7os industriais de utilidade p\u00fablica (eletricidade, g\u00e1s e \u00e1gua) teriam aumento estimado de 5,7%, enquanto a ind\u00fastria extrativa registraria crescimento de 4,7% nos custos.<br \/>\n\u00a0<\/p>\n<p>\t\t\t\t\t\t\t\t\t<img loading=\"lazy\" decoding=\"async\" src=\"https:\/\/brasil61.com\/api\/v1\/serve_pixel\/17677\/87935\" alt=\"Pixel Brasil 61\" class=\"b61_pixel\" width=\"0\" height=\"0\"><\/p>\n<input type=\"hidden\" id=\"baseurl\" value=\"https:\/\/noticiasdestaque.com.br\"><input type=\"hidden\" id=\"audio_nonce\" value=\"6a24ca502e\">","protected":false},"excerpt":{"rendered":"<p>Somente em rela\u00e7\u00e3o ao setor industrial, o fim da escala 6&#215;1 pode ampliar despesas em at\u00e9 R$ 87,8 bilh\u00f5es<\/p>\n","protected":false},"author":1,"featured_media":50354,"comment_status":"open","ping_status":"open","sticky":false,"template":"","format":"standard","meta":{"fifu_image_url":"","fifu_image_alt":"","footnotes":""},"categories":[59],"tags":[],"class_list":["post-50293","post","type-post","status-publish","format-standard","has-post-thumbnail","hentry","category-economia"],"distributor_meta":false,"distributor_terms":false,"distributor_media":false,"distributor_original_site_name":"Noticias em Destaque","distributor_original_site_url":"https:\/\/noticiasdestaque.com.br","push-errors":false,"_links":{"self":[{"href":"https:\/\/noticiasdestaque.com.br\/index.php\/wp-json\/wp\/v2\/posts\/50293","targetHints":{"allow":["GET"]}}],"collection":[{"href":"https:\/\/noticiasdestaque.com.br\/index.php\/wp-json\/wp\/v2\/posts"}],"about":[{"href":"https:\/\/noticiasdestaque.com.br\/index.php\/wp-json\/wp\/v2\/types\/post"}],"author":[{"embeddable":true,"href":"https:\/\/noticiasdestaque.com.br\/index.php\/wp-json\/wp\/v2\/users\/1"}],"replies":[{"embeddable":true,"href":"https:\/\/noticiasdestaque.com.br\/index.php\/wp-json\/wp\/v2\/comments?post=50293"}],"version-history":[{"count":1,"href":"https:\/\/noticiasdestaque.com.br\/index.php\/wp-json\/wp\/v2\/posts\/50293\/revisions"}],"predecessor-version":[{"id":50353,"href":"https:\/\/noticiasdestaque.com.br\/index.php\/wp-json\/wp\/v2\/posts\/50293\/revisions\/50353"}],"wp:featuredmedia":[{"embeddable":true,"href":"https:\/\/noticiasdestaque.com.br\/index.php\/wp-json\/wp\/v2\/media\/50354"}],"wp:attachment":[{"href":"https:\/\/noticiasdestaque.com.br\/index.php\/wp-json\/wp\/v2\/media?parent=50293"}],"wp:term":[{"taxonomy":"category","embeddable":true,"href":"https:\/\/noticiasdestaque.com.br\/index.php\/wp-json\/wp\/v2\/categories?post=50293"},{"taxonomy":"post_tag","embeddable":true,"href":"https:\/\/noticiasdestaque.com.br\/index.php\/wp-json\/wp\/v2\/tags?post=50293"}],"curies":[{"name":"wp","href":"https:\/\/api.w.org\/{rel}","templated":true}]}}