{"id":5028,"date":"2023-01-25T15:25:12","date_gmt":"2023-01-25T18:25:12","guid":{"rendered":"https:\/\/noticiasdestaque.com.br\/index.php\/2023\/01\/25\/observatorio-da-violencia-contra-jornalistas-se-reunira-em-janeiro\/"},"modified":"2023-01-25T15:25:12","modified_gmt":"2023-01-25T18:25:12","slug":"observatorio-da-violencia-contra-jornalistas-se-reunira-em-janeiro","status":"publish","type":"post","link":"https:\/\/noticiasdestaque.com.br\/index.php\/2023\/01\/25\/observatorio-da-violencia-contra-jornalistas-se-reunira-em-janeiro\/","title":{"rendered":"Observat\u00f3rio da Viol\u00eancia contra Jornalistas se reunir\u00e1 em janeiro"},"content":{"rendered":"<style> bloco.meta {font-style: italic; color: #666;font-weight: 600;font-size: .8em; \/* line-height: .3em; *\/}  text h2 { font-weight: 700 !important;  color: #062f46 !important;} text img { width: none; left: none;}<\/style>\n<\/p>\n<p>A primeira reuni\u00e3o plen\u00e1ria do Observat\u00f3rio Nacional da Viol\u00eancia contra Jornalistas ser\u00e1 ainda em janeiro e contar\u00e1 com a presen\u00e7a de entidades da imprensa e de ve\u00edculos de comunica\u00e7\u00e3o, al\u00e9m de representantes do poder p\u00fablico e da sociedade civil.<\/p>\n<p>Segundo o secret\u00e1rio nacional de Justi\u00e7a do Minist\u00e9rio da Justi\u00e7a e Seguran\u00e7a P\u00fablica, Augusto de Arruda Botelho, a ideia \u00e9, em um primeiro momento, definir como ser\u00e1 feito o acompanhamento de casos e, se necess\u00e1rio, cobrar puni\u00e7\u00f5es.<\/p>\n<p>O observat\u00f3rio ser\u00e1 formado por \u00f3rg\u00e3os p\u00fablicos e outras entidades para que ocorra a uni\u00e3o entre jornalistas, ve\u00edculos de imprensa e \u201cautoridades p\u00fablicas respons\u00e1veis por investigar, processar e julgar todos esses casos\u201d.<\/p>\n<p>O grupo foi criado a pedido de entidades sindicais dos jornalistas, depois dos atos golpistas do dia 8 de janeiro, quando jornalistas foram agredidos, ap\u00f3s quatro anos de escalada de ataques \u00e0 imprensa.<\/p>\n<p>\u201cEm 2019, foram 208 ataques. Em 2020, o n\u00famero dobrou para 428. E, em 2021, o n\u00famero continuou crescendo. A escalada de viol\u00eancia de ataques contra a imprensa e contra a liberdade de impressa vem crescendo no nosso pa\u00eds\u201d, detalhou o secret\u00e1rio.<\/p>\n<p>Diante desse cen\u00e1rio, a cria\u00e7\u00e3o do observat\u00f3rio foi vista como uma ferramenta para \u201cmonitorar todos os casos de ataque a categorias de jornalistas e ve\u00edculos em geral, por meio do acionamento das autoridades competentes, acompanhamento das investiga\u00e7\u00f5es e participa\u00e7\u00e3o ativa no intuito de auxiliar na identifica\u00e7\u00e3o dos autores de crimes\u201d, destaca o Minist\u00e9rio da Justi\u00e7a.<\/p>\n<p>Para esta primeira reuni\u00e3o, ser\u00e3o convidados representantes da Justi\u00e7a Federal, Pol\u00edcia Federal, do Minist\u00e9rio P\u00fablico Federal, do Conselho Nacional de Justi\u00e7a, da Ordem dos Advogados do Brasil e de grupos de advogados que historicamente s\u00e3o ligados \u00e0 defesa da liberdade de imprensa.<\/p>\n<p>Botelho ter\u00e1 o papel de articulador do governo federal com todos os \u00f3rg\u00e3os do Poder Judici\u00e1rio. \u201cA miss\u00e3o que o ministro [da Justi\u00e7a] Fl\u00e1vio Dino me deu passa justamente por uma compet\u00eancia da secretaria, que \u00e9 a de acompanhar o tema junto \u00e0s autoridades e a sociedade civil\u201d, explicou.<\/p>\n<p class=\"alt-font font-italic my-2 small text-info\">\n                                                Edi\u00e7\u00e3o:   Juliana Andrade                    <\/p>\n<p>            <!-- blog End --><\/p>\n<p>            <!-- tag and share --><\/p>\n<p> Fonte: EBC <\/p>\n<input type=\"hidden\" id=\"baseurl\" value=\"https:\/\/noticiasdestaque.com.br\"><input type=\"hidden\" id=\"audio_nonce\" value=\"eb7638fb71\">","protected":false},"excerpt":{"rendered":"<p>\u00d3rg\u00e3o foi criado no \u00e2mbito do Minist\u00e9rio da Justi\u00e7a<\/p>\n","protected":false},"author":1,"featured_media":5029,"comment_status":"open","ping_status":"open","sticky":false,"template":"","format":"standard","meta":{"fifu_image_url":"","fifu_image_alt":"","footnotes":""},"categories":[48],"tags":[],"class_list":["post-5028","post","type-post","status-publish","format-standard","has-post-thumbnail","hentry","category-mundo"],"distributor_meta":false,"distributor_terms":false,"distributor_media":false,"distributor_original_site_name":"Portal de Recupera\u00e7\u00e3o","distributor_original_site_url":"https:\/\/portalderecuperacao.com","push-errors":false,"_links":{"self":[{"href":"https:\/\/noticiasdestaque.com.br\/index.php\/wp-json\/wp\/v2\/posts\/5028","targetHints":{"allow":["GET"]}}],"collection":[{"href":"https:\/\/noticiasdestaque.com.br\/index.php\/wp-json\/wp\/v2\/posts"}],"about":[{"href":"https:\/\/noticiasdestaque.com.br\/index.php\/wp-json\/wp\/v2\/types\/post"}],"author":[{"embeddable":true,"href":"https:\/\/noticiasdestaque.com.br\/index.php\/wp-json\/wp\/v2\/users\/1"}],"replies":[{"embeddable":true,"href":"https:\/\/noticiasdestaque.com.br\/index.php\/wp-json\/wp\/v2\/comments?post=5028"}],"version-history":[{"count":0,"href":"https:\/\/noticiasdestaque.com.br\/index.php\/wp-json\/wp\/v2\/posts\/5028\/revisions"}],"wp:featuredmedia":[{"embeddable":true,"href":"https:\/\/noticiasdestaque.com.br\/index.php\/wp-json\/wp\/v2\/media\/5029"}],"wp:attachment":[{"href":"https:\/\/noticiasdestaque.com.br\/index.php\/wp-json\/wp\/v2\/media?parent=5028"}],"wp:term":[{"taxonomy":"category","embeddable":true,"href":"https:\/\/noticiasdestaque.com.br\/index.php\/wp-json\/wp\/v2\/categories?post=5028"},{"taxonomy":"post_tag","embeddable":true,"href":"https:\/\/noticiasdestaque.com.br\/index.php\/wp-json\/wp\/v2\/tags?post=5028"}],"curies":[{"name":"wp","href":"https:\/\/api.w.org\/{rel}","templated":true}]}}