{"id":50258,"date":"2026-02-22T04:25:00","date_gmt":"2026-02-22T07:25:00","guid":{"rendered":"https:\/\/noticiasdestaque.com.br\/index.php\/2026\/02\/22\/governo-de-goias-anuncia-fim-da-taxa-do-agro\/"},"modified":"2026-02-22T04:25:00","modified_gmt":"2026-02-22T07:25:00","slug":"governo-de-goias-anuncia-fim-da-taxa-do-agro","status":"publish","type":"post","link":"https:\/\/noticiasdestaque.com.br\/index.php\/2026\/02\/22\/governo-de-goias-anuncia-fim-da-taxa-do-agro\/","title":{"rendered":"Governo de Goi\u00e1s anuncia fim da \u201ctaxa do agro\u201d"},"content":{"rendered":"<p>O governador de Goi\u00e1s, Ronaldo Caiado, disse que o Executivo encaminhar\u00e1 \u00e0 Assembleia um projeto de lei para revogar a cobran\u00e7a da contribui\u00e7\u00e3o do <strong>Fundo Estadual de Infraestrutura (Fundeinfra)<\/strong>, conhecida como \u201ctaxa do agro\u201d. A medida considera o cen\u00e1rio econ\u00f4mico enfrentado pelos produtores rurais, marcado por custos elevados de produ\u00e7\u00e3o, instabilidade clim\u00e1tica e pre\u00e7os baixos das commodities agr\u00edcolas. \u201cPor falta de um seguro rural no Brasil, por quest\u00f5es clim\u00e1ticas que acometeram todo o pa\u00eds, principalmente o Centro-Oeste, em decorr\u00eancia do custo de produ\u00e7\u00e3o da safra agr\u00edcola e pelo baixo pre\u00e7o dos produtos, cancelamos a cobran\u00e7a do Fundeinfra no Estado de Goi\u00e1s\u201d, disse.<\/p>\n<p>O vice-governador Daniel Vilela afirmou que o fundo cumpriu o papel de financiar melhorias em infraestrutura e que a revoga\u00e7\u00e3o ocorre em um momento considerado desafiador para o agroneg\u00f3cio. \u201cEssa decis\u00e3o de revogar a cobran\u00e7a se d\u00e1 em um contexto de reconhecimento por parte do governo das dificuldades enfrentadas pelos produtores. Estamos vivendo uma safra desafiadora, um clima complexo que traz uma certa preocupa\u00e7\u00e3o em rela\u00e7\u00e3o \u00e0 produ\u00e7\u00e3o e \u00e0 produtividade. \u00c9 uma colabora\u00e7\u00e3o nossa para o agroneg\u00f3cio goiano\u201d, afirmou.<\/p>\n<p>O novo projeto foi enviado ao Legislativo e a revoga\u00e7\u00e3o da cobran\u00e7a depender\u00e1 da aprova\u00e7\u00e3o dos deputados estaduais para entrar em vigor. Criado em 2022 por Ronaldo Caiado, o Fundeinfra tem como meta captar recursos da produ\u00e7\u00e3o agr\u00edcola, pecu\u00e1ria e mineral e direcion\u00e1-los principalmente para obras rodovi\u00e1rias. A contribui\u00e7\u00e3o poderia chegar a 1,65% sobre o valor de comercializa\u00e7\u00e3o dos produtos, com contrapartidas fiscais para os contribuintes. O Estado previa arrecadar R$ 1 bilh\u00e3o por ano. Os recursos do fundo foram utilizados em obras de pavimenta\u00e7\u00e3o, restaura\u00e7\u00e3o e duplica\u00e7\u00e3o de rodovias em Goi\u00e1s. Dados do governo apontam que j\u00e1 foram conclu\u00eddas interven\u00e7\u00f5es em centenas de quil\u00f4metros de estradas, al\u00e9m de contratos firmados para novas obras. Segundo o Executivo, o fundo possui atualmente bilh\u00f5es em caixa e projetos j\u00e1 contratados.<\/p>\n<p><strong>A contribui\u00e7\u00e3o havia sido criada tamb\u00e9m como alternativa para compensar perdas de arrecada\u00e7\u00e3o ap\u00f3s mudan\u00e7as na cobran\u00e7a do ICMS sobre combust\u00edveis.<\/strong><\/p>\n<p>\t\t\t\t\t\t\t\t\t\t<img loading=\"lazy\" decoding=\"async\" src=\"https:\/\/brasil61.com\/api\/v1\/serve_pixel\/17677\/87919\" alt=\"Pixel Brasil 61\" class=\"b61_pixel\" width=\"0\" height=\"0\"><\/p>\n<input type=\"hidden\" id=\"baseurl\" value=\"https:\/\/noticiasdestaque.com.br\"><input type=\"hidden\" id=\"audio_nonce\" value=\"6a24ca502e\">","protected":false},"excerpt":{"rendered":"<p>A medida considera o cen\u00e1rio econ\u00f4mico enfrentado pelos produtores rurais, marcado por custos elevados de produ\u00e7\u00e3o, instabilidade clim\u00e1tica e pre\u00e7os baixos das commodities agr\u00edcolas.<\/p>\n","protected":false},"author":1,"featured_media":50259,"comment_status":"open","ping_status":"open","sticky":false,"template":"","format":"standard","meta":{"fifu_image_url":"","fifu_image_alt":"","footnotes":""},"categories":[59],"tags":[],"class_list":["post-50258","post","type-post","status-publish","format-standard","has-post-thumbnail","hentry","category-economia"],"distributor_meta":false,"distributor_terms":false,"distributor_media":false,"distributor_original_site_name":"Noticias em Destaque","distributor_original_site_url":"https:\/\/noticiasdestaque.com.br","push-errors":false,"_links":{"self":[{"href":"https:\/\/noticiasdestaque.com.br\/index.php\/wp-json\/wp\/v2\/posts\/50258","targetHints":{"allow":["GET"]}}],"collection":[{"href":"https:\/\/noticiasdestaque.com.br\/index.php\/wp-json\/wp\/v2\/posts"}],"about":[{"href":"https:\/\/noticiasdestaque.com.br\/index.php\/wp-json\/wp\/v2\/types\/post"}],"author":[{"embeddable":true,"href":"https:\/\/noticiasdestaque.com.br\/index.php\/wp-json\/wp\/v2\/users\/1"}],"replies":[{"embeddable":true,"href":"https:\/\/noticiasdestaque.com.br\/index.php\/wp-json\/wp\/v2\/comments?post=50258"}],"version-history":[{"count":0,"href":"https:\/\/noticiasdestaque.com.br\/index.php\/wp-json\/wp\/v2\/posts\/50258\/revisions"}],"wp:featuredmedia":[{"embeddable":true,"href":"https:\/\/noticiasdestaque.com.br\/index.php\/wp-json\/wp\/v2\/media\/50259"}],"wp:attachment":[{"href":"https:\/\/noticiasdestaque.com.br\/index.php\/wp-json\/wp\/v2\/media?parent=50258"}],"wp:term":[{"taxonomy":"category","embeddable":true,"href":"https:\/\/noticiasdestaque.com.br\/index.php\/wp-json\/wp\/v2\/categories?post=50258"},{"taxonomy":"post_tag","embeddable":true,"href":"https:\/\/noticiasdestaque.com.br\/index.php\/wp-json\/wp\/v2\/tags?post=50258"}],"curies":[{"name":"wp","href":"https:\/\/api.w.org\/{rel}","templated":true}]}}