{"id":50242,"date":"2026-02-20T21:10:00","date_gmt":"2026-02-21T00:10:00","guid":{"rendered":"https:\/\/noticiasdestaque.com.br\/index.php\/2026\/02\/20\/apexbrasil-promove-forum-india-brasil-e-reforca-agenda-de-negocios-em-nova-delhi\/"},"modified":"2026-02-20T21:10:00","modified_gmt":"2026-02-21T00:10:00","slug":"apexbrasil-promove-forum-india-brasil-e-reforca-agenda-de-negocios-em-nova-delhi","status":"publish","type":"post","link":"https:\/\/noticiasdestaque.com.br\/index.php\/2026\/02\/20\/apexbrasil-promove-forum-india-brasil-e-reforca-agenda-de-negocios-em-nova-delhi\/","title":{"rendered":"ApexBrasil promove F\u00f3rum \u00cdndia-Brasil e refor\u00e7a agenda de neg\u00f3cios em Nova D\u00e9lhi"},"content":{"rendered":"<p>\t\t\t\t\t\t\t\t\t\t\t<audio controls class=\"b61_audio_player\" data-noticia=\"87910\" src=\"https:\/\/brasil61.com\/rails\/active_storage\/blobs\/eyJfcmFpbHMiOnsibWVzc2FnZSI6IkJBaHBBMVQ2QXc9PSIsImV4cCI6bnVsbCwicHVyIjoiYmxvYl9pZCJ9fQ==--8dbc1db0767558770c81de45011358557dec53d0\/APEX260105A\"><\/audio><\/p>\n<p><strong>Autoridades brasileiras e indianas, l\u00edderes empresariais e representantes de setores estrat\u00e9gicos se re\u00fanem neste s\u00e1bado (21) em Nova D\u00e9lhi para participar do F\u00f3rum Empresarial \u00cdndia-Brasil 2026. O encontro visa promover debates sobre desafios globais e oportunidades de investimento.<\/strong><\/p>\n<p>O tamb\u00e9m contar\u00e1 com reuni\u00f5es bilaterais e apresenta\u00e7\u00f5es sobre \u00e1reas estrat\u00e9gicas para a coopera\u00e7\u00e3o entre as duas na\u00e7\u00f5es. A agenda integra a visita oficial do presidente Luiz In\u00e1cio Lula da Silva ao pa\u00eds asi\u00e1tico.<\/p>\n<p><strong>O encontro \u00e9 organizado pela Ag\u00eancia Brasileira de Promo\u00e7\u00e3o de Exporta\u00e7\u00f5es e Investimentos <a href=\"https:\/\/apexbrasil.com.br\/\" target=\"_blank\">(ApexBrasil)<\/a>, em parceria com o Minist\u00e9rio do Desenvolvimento, Ind\u00fastria, Com\u00e9rcio e Servi\u00e7os <a href=\"https:\/\/www.gov.br\/mdic\/pt-br\" target=\"_blank\">(MDIC)<\/a>, o Minist\u00e9rio das Rela\u00e7\u00f5es Exteriores <a href=\"https:\/\/www.gov.br\/mre\/pt-br\" target=\"_blank\">(MRE)<\/a> e a Confedera\u00e7\u00e3o Nacional da Ind\u00fastria, al\u00e9m de outros parceiros indianos.\u00a0<br \/>\nAtualmente, a \u00cdndia figura como o 10\u00ba maior destino das exporta\u00e7\u00f5es brasileiras.<\/strong> Contudo, o presidente da ApexBrasil, Jorge Viana, avalia que essa rela\u00e7\u00e3o tem potencial para expandir ainda mais os dois mercados.<\/p>\n<p>\u201cO fluxo de com\u00e9rcio Brasil-\u00cdndia foi de 15 bilh\u00f5es de d\u00f3lares no ano passado. Cresceu 30% de 2024 para 2025. Era 12, passou para 15. O Brasil exporta 6,9 bilh\u00f5es de d\u00f3lares, a metade \u00e9 petr\u00f3leo. H\u00e1 possibilidade de ampliar e ter cotas para fornecimento de prote\u00edna de aves. N\u00f3s vamos ter uma nova fase na rela\u00e7\u00e3o Brasil-\u00cdndia. A gente pode chegar a 100 bilh\u00f5es de d\u00f3lares\u201d, projeta Viana. \u00a0<\/p>\n<p>\u201cEste \u00e9 o momento de uma nova fase de expans\u00e3o nas rela\u00e7\u00f5es entre estas duas grandes na\u00e7\u00f5es. O pa\u00eds mais populoso do mundo representa hoje um dos mercados de maior potencial para o nosso Brasil. \u00c9 o momento de refor\u00e7ar o compromisso de unir esfor\u00e7os em setores globais estrat\u00e9gicos e fomentar os neg\u00f3cios e a coopera\u00e7\u00e3o m\u00fatua\u201d, complementa.<\/p>\n<h2>Feira de oportunidades e agenda de neg\u00f3cios<\/h2>\n<p><strong>De acordo com o <a href=\"https:\/\/apexbrasil.com.br\/content\/apexbrasil\/br\/pt\/solucoes\/inteligencia\/estudos-e-publicacoes\/perfil-de-comercio-e-investimentos\/perfil-de-comercio-e-investimentos---india---2026.html\" target=\"_blank\">Perfil de Com\u00e9rcio e Investimentos \u2013 \u00cdndia 2026<\/a>, o interc\u00e2mbio bilateral somou US$\u202f15,2\u202fbilh\u00f5es registrado em 2025. O estudo tamb\u00e9m identificou 378 oportunidades de neg\u00f3cios para produtos brasileiros no mercado indiano.\u00a0<\/strong><\/p>\n<p><b>VEJA MAIS:<\/b><\/p>\n<ul>\n<li><a href=\"https:\/\/brasil61.com\/n\/apexbrasil-aponta-oportunidades-de-exportacao-na-europa-japao-e-africa-apex260103\" target=\"_blank\">ApexBrasil aponta oportunidades de exporta\u00e7\u00e3o na Europa, Jap\u00e3o e \u00c1frica<\/a><\/li>\n<li><a href=\"https:\/\/brasil61.com\/n\/plataformas-da-apexbrasil-impulsionam-presenca-de-empresas-brasileiras-no-exterior-apex260104\" target=\"_blank\">Plataformas da ApexBrasil impulsionam presen\u00e7a de empresas brasileiras no exterior<\/a><\/li>\n<\/ul>\n<p>Nesse contexto, os segmentos que mais se destacam s\u00e3o combust\u00edveis minerais, m\u00e1quinas, equipamentos, alimentos e inova\u00e7\u00e3o.\u00a0<\/p>\n<h2>Inaugura\u00e7\u00e3o do primeiro escrit\u00f3rio da ApexBrasil em Nova D\u00e9lhi<\/h2>\n<p><strong>Na sexta\u2011feira (20), foi inaugurado o primeiro escrit\u00f3rio da ApexBrasil em Nova D\u00e9lhi, o que fortalece a presen\u00e7a da ag\u00eancia no Sul da \u00c1sia e consolida sua estrat\u00e9gia de expans\u00e3o em mercados globais.<\/strong><\/p>\n<p>A nova sede \u00e9 a 11\u00aa internacional da ApexBrasil, que j\u00e1 possui unidades em cidades como Bogot\u00e1, Miami, S\u00e3o Francisco, Nova York, Bruxelas, Lisboa, Moscou, Dubai, Pequim e Xangai, al\u00e9m de representa\u00e7\u00f5es em Singapura, Shenzen, Washington\u2011DC, \u00c1frica do Sul e Nig\u00e9ria.<\/p>\n<h2>Minerais cr\u00edticos e futuro econ\u00f4mico<\/h2>\n<p><strong>A agenda brasileira na \u00cdndia tamb\u00e9m incluiu a participa\u00e7\u00e3o da diretora de neg\u00f3cios da ApexBrasil, Ana Paula L. A. Repezza, no evento \u201cIndian Critical Minerals Landscape: Foundation for a Sustainable Future\u201d.<\/strong><\/p>\n<p>Na ocasi\u00e3o, enfatizou-se o papel dos minerais cr\u00edticos (como l\u00edtio, ni\u00f3bio, grafite, terras raras e mangan\u00eas) na transi\u00e7\u00e3o energ\u00e9tica, mobilidade el\u00e9trica, tecnologia e seguran\u00e7a industrial \u2014 \u00e1reas em que o Brasil conta com vantagens competitivas e pretende ampliar parcerias com o pa\u00eds asi\u00e1tico.<\/p>\n<p>De acordo com a ApexBrasil, essa agenda refor\u00e7a o objetivo do pa\u00eds de expandir cadeias produtivas na agrega\u00e7\u00e3o de valor, mantendo o setor mineral alinhado \u00e0s melhores pr\u00e1ticas ambientais, sociais e de governan\u00e7a.<br \/>\n\u00a0<\/p>\n<p>\t\t\t\t\t\t\t\t\t\t<img loading=\"lazy\" decoding=\"async\" src=\"https:\/\/brasil61.com\/api\/v1\/serve_pixel\/17677\/87910\" alt=\"Pixel Brasil 61\" class=\"b61_pixel\" width=\"0\" height=\"0\"><\/p>\n<input type=\"hidden\" id=\"baseurl\" value=\"https:\/\/noticiasdestaque.com.br\"><input type=\"hidden\" id=\"audio_nonce\" value=\"6a24ca502e\">","protected":false},"excerpt":{"rendered":"<p>Com nova unidade na capital indiana, ApexBrasil consolida expans\u00e3o global e refor\u00e7a estrat\u00e9gia no Sul da \u00c1sia<\/p>\n","protected":false},"author":1,"featured_media":50243,"comment_status":"open","ping_status":"open","sticky":false,"template":"","format":"standard","meta":{"fifu_image_url":"","fifu_image_alt":"","footnotes":""},"categories":[48],"tags":[],"class_list":["post-50242","post","type-post","status-publish","format-standard","has-post-thumbnail","hentry","category-mundo"],"distributor_meta":false,"distributor_terms":false,"distributor_media":false,"distributor_original_site_name":"Noticias em Destaque","distributor_original_site_url":"https:\/\/noticiasdestaque.com.br","push-errors":false,"_links":{"self":[{"href":"https:\/\/noticiasdestaque.com.br\/index.php\/wp-json\/wp\/v2\/posts\/50242","targetHints":{"allow":["GET"]}}],"collection":[{"href":"https:\/\/noticiasdestaque.com.br\/index.php\/wp-json\/wp\/v2\/posts"}],"about":[{"href":"https:\/\/noticiasdestaque.com.br\/index.php\/wp-json\/wp\/v2\/types\/post"}],"author":[{"embeddable":true,"href":"https:\/\/noticiasdestaque.com.br\/index.php\/wp-json\/wp\/v2\/users\/1"}],"replies":[{"embeddable":true,"href":"https:\/\/noticiasdestaque.com.br\/index.php\/wp-json\/wp\/v2\/comments?post=50242"}],"version-history":[{"count":0,"href":"https:\/\/noticiasdestaque.com.br\/index.php\/wp-json\/wp\/v2\/posts\/50242\/revisions"}],"wp:featuredmedia":[{"embeddable":true,"href":"https:\/\/noticiasdestaque.com.br\/index.php\/wp-json\/wp\/v2\/media\/50243"}],"wp:attachment":[{"href":"https:\/\/noticiasdestaque.com.br\/index.php\/wp-json\/wp\/v2\/media?parent=50242"}],"wp:term":[{"taxonomy":"category","embeddable":true,"href":"https:\/\/noticiasdestaque.com.br\/index.php\/wp-json\/wp\/v2\/categories?post=50242"},{"taxonomy":"post_tag","embeddable":true,"href":"https:\/\/noticiasdestaque.com.br\/index.php\/wp-json\/wp\/v2\/tags?post=50242"}],"curies":[{"name":"wp","href":"https:\/\/api.w.org\/{rel}","templated":true}]}}