{"id":50220,"date":"2026-02-20T04:20:00","date_gmt":"2026-02-20T07:20:00","guid":{"rendered":"https:\/\/noticiasdestaque.com.br\/index.php\/2026\/02\/20\/stf-estende-correcao-minima-de-saldos-do-fgts-pela-inflacao-para-mais-de-170-mil-processos\/"},"modified":"2026-02-20T04:20:00","modified_gmt":"2026-02-20T07:20:00","slug":"stf-estende-correcao-minima-de-saldos-do-fgts-pela-inflacao-para-mais-de-170-mil-processos","status":"publish","type":"post","link":"https:\/\/noticiasdestaque.com.br\/index.php\/2026\/02\/20\/stf-estende-correcao-minima-de-saldos-do-fgts-pela-inflacao-para-mais-de-170-mil-processos\/","title":{"rendered":"STF estende corre\u00e7\u00e3o m\u00ednima de saldos do FGTS pela infla\u00e7\u00e3o para mais de 170 mil processos"},"content":{"rendered":"<p>\t\t\t\t\t\t\t\t\t\t\t<audio controls class=\"b61_audio_player\" data-noticia=\"87880\" src=\"https:\/\/brasil61.com\/rails\/active_storage\/blobs\/eyJfcmFpbHMiOnsibWVzc2FnZSI6IkJBaHBBOTc1QXc9PSIsImV4cCI6bnVsbCwicHVyIjoiYmxvYl9pZCJ9fQ==--973c770777407b506dd429ea259a4c311ede7857\/BRAS2615917A\"><\/audio><\/p>\n<p>O <a href=\"https:\/\/portal.stf.jus.br\/\">Supremo Tribunal Federal (STF)<\/a> decidiu que a menor al\u00edquota de corre\u00e7\u00e3o dos saldos das contas do <a href=\"https:\/\/www.gov.br\/trabalho-e-emprego\/pt-br\/servicos\/empregador\/fgtsdigital\">Fundo de Garantia do Tempo de Servi\u00e7o (FGTS)<\/a> \u00e9 a do <a href=\"https:\/\/www.ibge.gov.br\/estatisticas\/economicas\/precos-e-custos\/9256-indice-nacional-de-precos-ao-consumidor-amplo.html\">\u00cdndice Nacional de Pre\u00e7os ao Consumidor Amplo (IPCA)<\/a>, o principal indicador da infla\u00e7\u00e3o no pa\u00eds. Com a decis\u00e3o, tomada em sess\u00e3o do plen\u00e1rio virtual da Corte e publicada na \u00faltima segunda-feira (16), a regra deve ser aplicada em todos os mais de 170 mil processos em andamento sobre o tema, segundo levantamento do <a href=\"https:\/\/www.cnj.jus.br\/\">Conselho Nacional de Justi\u00e7a<\/a>.<\/p>\n<p>Na pr\u00e1tica, o que os ministros fizeram foi aplicar repercuss\u00e3o geral ao entendimento de um caso julgado em 2024. Na ocasi\u00e3o, os integrantes da Suprema Corte reverteram decis\u00e3o da <a href=\"https:\/\/www.jfpb.jus.br\/\">Justi\u00e7a Federal da Para\u00edba<\/a> que corrigia as contas do FGTS de um contribuinte apenas pela Taxa Referencial (TR), at\u00e9 ent\u00e3o utilizada para reajustar os dep\u00f3sitos e que tem valor pr\u00f3ximo de zero.<\/p>\n<h2>C\u00e1lculo<\/h2>\n<p>O julgamento teve in\u00edcio em 2014, ap\u00f3s a\u00e7\u00e3o protocolada pelo partido Solidariedade. A legenda sustentou que a corre\u00e7\u00e3o pela TR, com rendimento anual pr\u00f3ximo de zero, n\u00e3o remunera adequadamente os correntistas, perdendo para a infla\u00e7\u00e3o real. Foi a <a href=\"https:\/\/www.gov.br\/agu\/pt-br\">Advocacia-Geral da Uni\u00e3o (AGU)<\/a>, ap\u00f3s consulta a centrais sindicais, que sugeriu a nova proposta de c\u00e1lculo acatada pelo STF:<\/p>\n<ul>\n<li>a corre\u00e7\u00e3o com juros de 3% ao ano;<\/li>\n<li>distribui\u00e7\u00e3o de lucros do fundo; e<\/li>\n<li>corre\u00e7\u00e3o pela TR.<\/li>\n<\/ul>\n<p>A soma dessas taxas deve garantir que a corre\u00e7\u00e3o seja, no m\u00ednimo, igual ao IPCA. \u00a0Se esse valor n\u00e3o for alcan\u00e7ado, cabe ao <a href=\"https:\/\/www.fgts.gov.br\/Paginas\/subpaginas\/conselho-fgts.aspx\">Conselho Curador do FGTS<\/a> estabelecer uma forma de compensa\u00e7\u00e3o. O c\u00e1lculo, no entanto, passou a valer apenas para dep\u00f3sitos a partir de junho de 2024, data da decis\u00e3o, sem corre\u00e7\u00e3o retroativa.<\/p>\n<h2>FGTS<\/h2>\n<p>Criado em 1966 para substituir a garantia de estabilidade no emprego, o fundo funciona como uma poupan\u00e7a compuls\u00f3ria e prote\u00e7\u00e3o financeira contra o desemprego. No caso de dispensa sem justa causa, o empregado recebe o saldo do FGTS, mais multa de 40% sobre o montante.<\/p>\n<p>Ap\u00f3s a entrada da a\u00e7\u00e3o no STF, novas leis come\u00e7aram a vigorar, e as contas passaram a ser corrigidas com juros de 3% ao ano, distribui\u00e7\u00e3o de lucros do fundo e a taxa referencial. Mesmo assim, a corre\u00e7\u00e3o continuou abaixo da infla\u00e7\u00e3o registrada no per\u00edodo.<\/p>\n<p>\t\t\t\t\t\t\t\t\t\t<img loading=\"lazy\" decoding=\"async\" src=\"https:\/\/brasil61.com\/api\/v1\/serve_pixel\/17677\/87880\" alt=\"Pixel Brasil 61\" class=\"b61_pixel\" width=\"0\" height=\"0\"><\/p>\n<input type=\"hidden\" id=\"baseurl\" value=\"https:\/\/noticiasdestaque.com.br\"><input type=\"hidden\" id=\"audio_nonce\" value=\"6a24ca502e\">","protected":false},"excerpt":{"rendered":"<p>Novo c\u00e1lculo, proposto para AGU, vale apenas para dep\u00f3sitos a partir de junho de 2024, sem possibilidade de retroagir<\/p>\n","protected":false},"author":1,"featured_media":50221,"comment_status":"open","ping_status":"open","sticky":false,"template":"","format":"standard","meta":{"fifu_image_url":"","fifu_image_alt":"","footnotes":""},"categories":[59],"tags":[],"class_list":["post-50220","post","type-post","status-publish","format-standard","has-post-thumbnail","hentry","category-economia"],"distributor_meta":false,"distributor_terms":false,"distributor_media":false,"distributor_original_site_name":"Noticias em Destaque","distributor_original_site_url":"https:\/\/noticiasdestaque.com.br","push-errors":false,"_links":{"self":[{"href":"https:\/\/noticiasdestaque.com.br\/index.php\/wp-json\/wp\/v2\/posts\/50220","targetHints":{"allow":["GET"]}}],"collection":[{"href":"https:\/\/noticiasdestaque.com.br\/index.php\/wp-json\/wp\/v2\/posts"}],"about":[{"href":"https:\/\/noticiasdestaque.com.br\/index.php\/wp-json\/wp\/v2\/types\/post"}],"author":[{"embeddable":true,"href":"https:\/\/noticiasdestaque.com.br\/index.php\/wp-json\/wp\/v2\/users\/1"}],"replies":[{"embeddable":true,"href":"https:\/\/noticiasdestaque.com.br\/index.php\/wp-json\/wp\/v2\/comments?post=50220"}],"version-history":[{"count":0,"href":"https:\/\/noticiasdestaque.com.br\/index.php\/wp-json\/wp\/v2\/posts\/50220\/revisions"}],"wp:featuredmedia":[{"embeddable":true,"href":"https:\/\/noticiasdestaque.com.br\/index.php\/wp-json\/wp\/v2\/media\/50221"}],"wp:attachment":[{"href":"https:\/\/noticiasdestaque.com.br\/index.php\/wp-json\/wp\/v2\/media?parent=50220"}],"wp:term":[{"taxonomy":"category","embeddable":true,"href":"https:\/\/noticiasdestaque.com.br\/index.php\/wp-json\/wp\/v2\/categories?post=50220"},{"taxonomy":"post_tag","embeddable":true,"href":"https:\/\/noticiasdestaque.com.br\/index.php\/wp-json\/wp\/v2\/tags?post=50220"}],"curies":[{"name":"wp","href":"https:\/\/api.w.org\/{rel}","templated":true}]}}