{"id":5022,"date":"2023-01-24T16:26:18","date_gmt":"2023-01-24T19:26:18","guid":{"rendered":"https:\/\/noticiasdestaque.com.br\/index.php\/2023\/01\/24\/caixa-paga-bolsa-familia-a-beneficiarios-de-nis-de-final\/"},"modified":"2023-01-24T16:26:18","modified_gmt":"2023-01-24T19:26:18","slug":"caixa-paga-bolsa-familia-a-beneficiarios-de-nis-de-final","status":"publish","type":"post","link":"https:\/\/noticiasdestaque.com.br\/index.php\/2023\/01\/24\/caixa-paga-bolsa-familia-a-beneficiarios-de-nis-de-final\/","title":{"rendered":"Caixa paga Bolsa Fam\u00edlia a benefici\u00e1rios de NIS de final 5"},"content":{"rendered":"<style> bloco.meta {font-style: italic; color: #666;font-weight: 600;font-size: .8em; \/* line-height: .3em; *\/}  text h2 { font-weight: 700 !important;  color: #062f46 !important;} text img { width: none; left: none;}<\/style>\n<\/p>\n<p>A Caixa Econ\u00f4mica Federal paga hoje (24) a parcela de janeiro do Bolsa Fam\u00edlia aos benefici\u00e1rios com N\u00famero de Inscri\u00e7\u00e3o Social (NIS) de final 5. O valor m\u00ednimo corresponde a R$ 600.<\/p>\n<p>Segundo o Minist\u00e9rio do Desenvolvimento e Assist\u00eancia Social, neste m\u00eas, o programa de transfer\u00eancia de renda do governo federal alcan\u00e7ar\u00e1 21,9 milh\u00f5es de fam\u00edlias, com um gasto de R$ 13,38 bilh\u00f5es. O valor m\u00e9dio recebido por fam\u00edlia equivale a R$ 614,21.<\/p>\n<p>A partir deste m\u00eas, o programa social volta a chamar-se Bolsa Fam\u00edlia. O valor m\u00ednimo de R$ 600 foi garantido ap\u00f3s a aprova\u00e7\u00e3o da Emenda Constitucional da Transi\u00e7\u00e3o que permitiu o gasto de at\u00e9 R$ 145 bilh\u00f5es fora do teto de gastos neste ano, dos quais R$ 70 bilh\u00f5es est\u00e3o destinados a custear o benef\u00edcio.<\/p>\n<p>Em publica\u00e7\u00e3o nas redes sociais, o presidente Luiz In\u00e1cio Lula da Silva escreveu que a manuten\u00e7\u00e3o da parcela m\u00ednima segue o compromisso estabelecido entre o novo governo e o Congresso Nacional. \u201cCome\u00e7aremos o pagamento de R$ 600 para fam\u00edlias benefici\u00e1rias. Compromisso firmado durante a campanha e que conseguimos gra\u00e7as \u00e0 PEC que aprovamos ainda na transi\u00e7\u00e3o, j\u00e1 que o valor n\u00e3o tinha sido previsto no or\u00e7amento pelo governo anterior\u201d, postou o presidente no \u00faltimo dia 16.<\/p>\n<p>O pagamento do adicional de R$ 150 para fam\u00edlias com crian\u00e7as de at\u00e9 6 anos ainda n\u00e3o come\u00e7ou. H\u00e1 duas semanas, o ministro do Desenvolvimento e Assist\u00eancia Social, Wellington Dias, afirmou que o valor extra s\u00f3 come\u00e7ar\u00e1 a ser pago em mar\u00e7o, ap\u00f3s o governo fazer um pente-fino no Cadastro \u00danico para Programas Sociais do Governo Federal (Cad\u00danico), para eliminar fraudes.<\/p>\n<p>No modelo tradicional do Bolsa Fam\u00edlia, o pagamento ocorre nos \u00faltimos dez dias \u00fateis de cada m\u00eas. O benefici\u00e1rio poder\u00e1 consultar informa\u00e7\u00f5es sobre as datas de pagamento, o valor do benef\u00edcio e a composi\u00e7\u00e3o das parcelas no aplicativo Caixa Tem, usado para acompanhar as contas poupan\u00e7a digitais do banco.<\/p>\n<p> nd-widget-wrapper context-cheio_8colunas type-image&#8221;<\/p>\n<input type=\"hidden\" id=\"baseurl\" value=\"https:\/\/noticiasdestaque.com.br\"><input type=\"hidden\" id=\"audio_nonce\" value=\"eb7638fb71\">","protected":false},"excerpt":{"rendered":"<p>Adicional de R$ 150 s\u00f3 come\u00e7ar\u00e1 a ser pago em mar\u00e7o<\/p>\n","protected":false},"author":1,"featured_media":5023,"comment_status":"open","ping_status":"open","sticky":false,"template":"","format":"standard","meta":{"fifu_image_url":"","fifu_image_alt":"","footnotes":""},"categories":[59],"tags":[],"class_list":["post-5022","post","type-post","status-publish","format-standard","has-post-thumbnail","hentry","category-economia"],"distributor_meta":false,"distributor_terms":false,"distributor_media":false,"distributor_original_site_name":"Portal de Recupera\u00e7\u00e3o","distributor_original_site_url":"https:\/\/portalderecuperacao.com","push-errors":false,"_links":{"self":[{"href":"https:\/\/noticiasdestaque.com.br\/index.php\/wp-json\/wp\/v2\/posts\/5022","targetHints":{"allow":["GET"]}}],"collection":[{"href":"https:\/\/noticiasdestaque.com.br\/index.php\/wp-json\/wp\/v2\/posts"}],"about":[{"href":"https:\/\/noticiasdestaque.com.br\/index.php\/wp-json\/wp\/v2\/types\/post"}],"author":[{"embeddable":true,"href":"https:\/\/noticiasdestaque.com.br\/index.php\/wp-json\/wp\/v2\/users\/1"}],"replies":[{"embeddable":true,"href":"https:\/\/noticiasdestaque.com.br\/index.php\/wp-json\/wp\/v2\/comments?post=5022"}],"version-history":[{"count":0,"href":"https:\/\/noticiasdestaque.com.br\/index.php\/wp-json\/wp\/v2\/posts\/5022\/revisions"}],"wp:featuredmedia":[{"embeddable":true,"href":"https:\/\/noticiasdestaque.com.br\/index.php\/wp-json\/wp\/v2\/media\/5023"}],"wp:attachment":[{"href":"https:\/\/noticiasdestaque.com.br\/index.php\/wp-json\/wp\/v2\/media?parent=5022"}],"wp:term":[{"taxonomy":"category","embeddable":true,"href":"https:\/\/noticiasdestaque.com.br\/index.php\/wp-json\/wp\/v2\/categories?post=5022"},{"taxonomy":"post_tag","embeddable":true,"href":"https:\/\/noticiasdestaque.com.br\/index.php\/wp-json\/wp\/v2\/tags?post=5022"}],"curies":[{"name":"wp","href":"https:\/\/api.w.org\/{rel}","templated":true}]}}