{"id":5021,"date":"2023-01-24T16:23:31","date_gmt":"2023-01-24T19:23:31","guid":{"rendered":"https:\/\/noticiasdestaque.com.br\/index.php\/2023\/01\/24\/queda-de-cabelo-entenda-as-causas-e-tratamentos-do-efluvio-telogeno\/"},"modified":"2023-01-24T16:23:31","modified_gmt":"2023-01-24T19:23:31","slug":"queda-de-cabelo-entenda-as-causas-e-tratamentos-do-efluvio-telogeno","status":"publish","type":"post","link":"https:\/\/noticiasdestaque.com.br\/index.php\/2023\/01\/24\/queda-de-cabelo-entenda-as-causas-e-tratamentos-do-efluvio-telogeno\/","title":{"rendered":"QUEDA DE CABELO: entenda as causas e tratamentos do efl\u00favio tel\u00f3geno"},"content":{"rendered":"<p>Voc\u00ea j\u00e1 teve ou est\u00e1 tendo queda de cabelo? J\u00e1 ouviu falar em efl\u00favio tel\u00f3geno? Neste epis\u00f3dio a Dra. Leila Bloch d\u00e1 mais detalhes sobre o assunto.<\/p>\n<p>O Efl\u00favio Tel\u00f3geno \u00e9 o nome dado para os cabelos que caem antes da hora. O cabelo tem um ciclo de vida normal que tem 3 fases: an\u00e1gena, cat\u00e1gena e tel\u00f3gena.<\/p>\n<ol>\n<li>A maior parte dos fios de cabelo (85%) est\u00e1 na fase an\u00e1gena, chamada fase de crescimento, que tem dura\u00e7\u00e3o normal entre tr\u00eas e cinco anos, podendo durar at\u00e9 sete anos.<\/li>\n<li>A segunda fase \u00e9 quando o cabelo para de crescer, chamada de cat\u00e1gena.<\/li>\n<li>A terceira fase \u00e9 a fase de queda do cabelo chamada de tel\u00f3gena. Ela dura em m\u00e9dia 3 meses e at\u00e9 14% dos seus fios est\u00e3o nessa fase e isso \u00e9 normal. Se esse n\u00famero passar de 15%, falamos que a pessoa tem efl\u00favio tel\u00f3geno, ou seja, um n\u00famero maior de fios na fase de queda.<\/li>\n<\/ol>\n<h2>Quais as causas da queda de cabelo?<\/h2>\n<p><strong>Altera\u00e7\u00f5es da rotina do nosso corpo:<\/strong> per\u00edodo ap\u00f3s o parto ou ap\u00f3s cirurgias, interrup\u00e7\u00e3o do uso de p\u00edlulas anticoncepcionais, infec\u00e7\u00f5es e doen\u00e7as acompanhadas de febre alta, doen\u00e7as da tireoide tanto hipertireoidismo quanto hipotiroidismo, defici\u00eancia de ferro, defici\u00eancias nutricionais ou dietas muito radicais. Em muitos desses casos fica bem marcada a rela\u00e7\u00e3o do evento com a perda de cabelo. Exemplo: quando a pessoa realiza uma cirurgia bari\u00e1trica ou come\u00e7a a fazer uma dieta bastante restritiva para perder peso e ao passar tr\u00eas meses come\u00e7a a perder cabelo. <\/p>\n<p><strong>Medicamentos: <\/strong>alopurinol, androg\u00eanios, estatinas, anticoagulantes, anticonvulsivantes, anti f\u00fangicos, anti-histam\u00ednicos H2, anti-inflamat\u00f3rios n\u00e3o hormonais betabloqueadores. E a queda de cabelos pode acontecer mesmo que ocorra uma simples mudan\u00e7a de dose. <\/p>\n<p><strong>Altera\u00e7\u00f5es no couro cabeludo:<\/strong> Como dermatite seborreica (caspa), tamb\u00e9m podem levar a um leve efl\u00favio.<\/p>\n<h2>Tratamento<\/h2>\n<p>O foco do tratamento \u00e9 identificar a causa do problema e atuar sobre ela. Assim, se identificado que o problema \u00e9 a anemia, deve-se tratar a anemia. <br \/>\nSe for hipotiroidismo tamb\u00e9m e assim por diante.<\/p>\n<p>Al\u00e9m disso, algumas medica\u00e7\u00f5es que estimulam o crescimento podem ser associadas para acelerar o processo de recupera\u00e7\u00e3o.<\/p>\n<h2>Preven\u00e7\u00e3o<\/h2>\n<p>Uma vez que se sabe que uma pessoa tem tend\u00eancia \u00e0 queda de cabelos, estar diante de um evento sabidamente estressante, como uma cirurgia, \u00e9 poss\u00edvel sim adotar medidas de preven\u00e7\u00e3o para que a queda de cabelos ocorra em menor intensidade como o uso de algumas vitaminas ou nutrac\u00eauticos.<\/p>\n<p>Para saber mais, assista ao v\u00eddeo no canal Dr. Ajuda.<\/p>\n<p><iframe loading=\"lazy\" allow=\"accelerometer; autoplay; clipboard-write; encrypted-media; gyroscope; picture-in-picture; web-share\" allowfullscreen=\"\" frameborder=\"0\" height=\"450\" scrolling=\"no\" src=\"https:\/\/www.youtube.com\/embed\/vd6x9XHD1Cg\" title=\"QUEDA DE CABELO (EFL\u00daVIO TEL\u00d3GENO): O QUE \u00c9, CAUSAS, DIAGN\u00d3STICO E TRATAMENTO\" width=\"770\"><\/iframe><\/p>\n<p> Fonte: Brasil61<\/p>\n<input type=\"hidden\" id=\"baseurl\" value=\"https:\/\/noticiasdestaque.com.br\"><input type=\"hidden\" id=\"audio_nonce\" value=\"eb7638fb71\">","protected":false},"excerpt":{"rendered":"<p>Neste epis\u00f3dio a Dra. Leila Bloch d\u00e1 mais detalhes sobre o assunto<\/p>\n","protected":false},"author":1,"featured_media":0,"comment_status":"open","ping_status":"open","sticky":false,"template":"","format":"standard","meta":{"fifu_image_url":"","fifu_image_alt":"","footnotes":""},"categories":[51],"tags":[],"class_list":["post-5021","post","type-post","status-publish","format-standard","hentry","category-saude"],"distributor_meta":false,"distributor_terms":false,"distributor_media":false,"distributor_original_site_name":"Portal de Recupera\u00e7\u00e3o","distributor_original_site_url":"https:\/\/portalderecuperacao.com","push-errors":false,"_links":{"self":[{"href":"https:\/\/noticiasdestaque.com.br\/index.php\/wp-json\/wp\/v2\/posts\/5021","targetHints":{"allow":["GET"]}}],"collection":[{"href":"https:\/\/noticiasdestaque.com.br\/index.php\/wp-json\/wp\/v2\/posts"}],"about":[{"href":"https:\/\/noticiasdestaque.com.br\/index.php\/wp-json\/wp\/v2\/types\/post"}],"author":[{"embeddable":true,"href":"https:\/\/noticiasdestaque.com.br\/index.php\/wp-json\/wp\/v2\/users\/1"}],"replies":[{"embeddable":true,"href":"https:\/\/noticiasdestaque.com.br\/index.php\/wp-json\/wp\/v2\/comments?post=5021"}],"version-history":[{"count":0,"href":"https:\/\/noticiasdestaque.com.br\/index.php\/wp-json\/wp\/v2\/posts\/5021\/revisions"}],"wp:attachment":[{"href":"https:\/\/noticiasdestaque.com.br\/index.php\/wp-json\/wp\/v2\/media?parent=5021"}],"wp:term":[{"taxonomy":"category","embeddable":true,"href":"https:\/\/noticiasdestaque.com.br\/index.php\/wp-json\/wp\/v2\/categories?post=5021"},{"taxonomy":"post_tag","embeddable":true,"href":"https:\/\/noticiasdestaque.com.br\/index.php\/wp-json\/wp\/v2\/tags?post=5021"}],"curies":[{"name":"wp","href":"https:\/\/api.w.org\/{rel}","templated":true}]}}