{"id":50202,"date":"2026-02-19T18:30:00","date_gmt":"2026-02-19T21:30:00","guid":{"rendered":"https:\/\/noticiasdestaque.com.br\/index.php\/2026\/02\/19\/previsao-do-tempo-chuvas-intensas-atingem-o-centro-oeste-nesta-sexta-feira-20\/"},"modified":"2026-02-19T18:30:00","modified_gmt":"2026-02-19T21:30:00","slug":"previsao-do-tempo-chuvas-intensas-atingem-o-centro-oeste-nesta-sexta-feira-20","status":"publish","type":"post","link":"https:\/\/noticiasdestaque.com.br\/index.php\/2026\/02\/19\/previsao-do-tempo-chuvas-intensas-atingem-o-centro-oeste-nesta-sexta-feira-20\/","title":{"rendered":"PREVIS\u00c3O DO TEMPO: Chuvas intensas atingem o Centro-Oeste nesta sexta-feira (20)"},"content":{"rendered":"<p>\t\t\t\t\t\t\t\t\t\t\t<audio controls class=\"b61_audio_player\" data-noticia=\"87868\" src=\"https:\/\/brasil61.com\/rails\/active_storage\/blobs\/eyJfcmFpbHMiOnsibWVzc2FnZSI6IkJBaHBBOWI1QXc9PSIsImV4cCI6bnVsbCwicHVyIjoiYmxvYl9pZCJ9fQ==--c0a103a551a8560607a13ec351647bf60130afa8\/PTCO264366A\"><\/audio><\/p>\n<p>\u00a0<\/p>\n<\/p>\n<p dir=\"ltr\">\u00a0O <strong>Instituto Nacional de Meteorologia <\/strong>(<a href=\"https:\/\/portal.inmet.gov.br\/\">Inmet<\/a>) emitiu<strong> alerta de chuvas intensas<\/strong> para os estados de Mato Grosso, Mato Grosso do Sul e Goi\u00e1s. J\u00e1 o Distrito Federal est\u00e1 sob alerta de baixa umidade.<\/p>\n<p dir=\"ltr\">Em <strong>Mato Grosso<\/strong>, a <strong>instabilidade <\/strong>ser\u00e1 mais forte no norte do estado, com destaque para os munic\u00edpios de Nova Bandeirantes, Nova Cana\u00e3 do Norte e Aripuan\u00e3, onde s\u00e3o esperadas pancadas de chuva intensas acompanhadas de trovoadas.<\/p>\n<p dir=\"ltr\">Em \u00a0<strong>Mato Grosso do Sul<\/strong>, a previs\u00e3o indica <strong>muitas nuvens com pancadas de chuva e trovoadas<\/strong> distribu\u00eddas por todo o estado ao longo do dia.<\/p>\n<p dir=\"ltr\">Em <strong>Goi\u00e1s<\/strong>, a <strong>chuva <\/strong>deve ocorrer com mais intensidade no sudoeste goiano, especialmente em Rio Verde, Aparecida do Rio Doce e Jata\u00ed.<\/p>\n<p dir=\"ltr\">No <strong>Distrito Federal<\/strong>, o alerta \u00e9 de baixa umidade, mas o tempo permanece encoberto, com presen\u00e7a de nuvens e possibilidade de chuva ao longo do dia.<\/p>\n<p dir=\"ltr\">Entre as capitais, a temperatura m\u00ednima prevista \u00e9 de 17\u00b0C, em Bras\u00edlia. J\u00e1 a m\u00e1xima deve chegar a 32\u00b0C, em Cuiab\u00e1. A umidade relativa do ar varia entre 40% e 100%.<\/p>\n<h2 dir=\"ltr\">5 motivos para acompanhar as previs\u00f5es do tempo<\/h2>\n<ul dir=\"ltr\">\n<li>Agricultura: garantia de uma boa colheita;<\/li>\n<li>Marinha: prote\u00e7\u00e3o de marinheiros, navios e passageiros;<\/li>\n<li>Aeron\u00e1utica: seguran\u00e7a de pilotos, aeronaves e passageiros;<\/li>\n<li>Pesca: condi\u00e7\u00f5es favor\u00e1veis e seguras para a atividade;<\/li>\n<li>Turismo: garantia de passeios e viagens tranquilas e agrad\u00e1veis.<\/li>\n<\/ul>\n<h2 dir=\"ltr\">Import\u00e2ncia das observa\u00e7\u00f5es meteorol\u00f3gicas no INMET<\/h2>\n<p dir=\"ltr\">As observa\u00e7\u00f5es meteorol\u00f3gicas do <a href=\"https:\/\/portal.inmet.gov.br\/\">INMET <\/a>s\u00e3o essenciais para previs\u00f5es em tempo real, estat\u00edsticas clim\u00e1ticas e coopera\u00e7\u00e3o internacional. Esses dados precisos ajudam a estudar o clima passado e a produzir Normais Climatol\u00f3gicas conforme a <strong>Organiza\u00e7\u00e3o Meteorol\u00f3gica Mundial <\/strong>(<a href=\"https:\/\/worldweather.wmo.int\/pt\/home.html\">OMM<\/a>).<\/p>\n<p dir=\"ltr\">As informa\u00e7\u00f5es s\u00e3o do <strong>Instituto Nacional de Meteorologia<\/strong> (<a href=\"https:\/\/portal.inmet.gov.br\/\">Inmet<\/a>).<\/p>\n<p>\t\t\t\t\t\t\t\t\t\t<img loading=\"lazy\" decoding=\"async\" src=\"https:\/\/brasil61.com\/api\/v1\/serve_pixel\/17677\/87868\" alt=\"Pixel Brasil 61\" class=\"b61_pixel\" width=\"0\" height=\"0\"><\/p>\n<input type=\"hidden\" id=\"baseurl\" value=\"https:\/\/noticiasdestaque.com.br\"><input type=\"hidden\" id=\"audio_nonce\" value=\"6f73a554f1\">","protected":false},"excerpt":{"rendered":"<p>Em Mato Grosso, a instabilidade ser\u00e1 mais forte no norte do estado, com destaque para os munic\u00edpios de Nova Bandeirantes, Nova Cana\u00e3 do Norte e Aripuan\u00e3, onde s\u00e3o esperadas pancadas de chuva intensas acompanhadas de trovoadas<\/p>\n","protected":false},"author":1,"featured_media":50203,"comment_status":"open","ping_status":"open","sticky":false,"template":"","format":"standard","meta":{"fifu_image_url":"","fifu_image_alt":"","footnotes":""},"categories":[58],"tags":[],"class_list":["post-50202","post","type-post","status-publish","format-standard","has-post-thumbnail","hentry","category-cotidiano"],"distributor_meta":false,"distributor_terms":false,"distributor_media":false,"distributor_original_site_name":"Noticias em Destaque","distributor_original_site_url":"https:\/\/noticiasdestaque.com.br","push-errors":false,"_links":{"self":[{"href":"https:\/\/noticiasdestaque.com.br\/index.php\/wp-json\/wp\/v2\/posts\/50202","targetHints":{"allow":["GET"]}}],"collection":[{"href":"https:\/\/noticiasdestaque.com.br\/index.php\/wp-json\/wp\/v2\/posts"}],"about":[{"href":"https:\/\/noticiasdestaque.com.br\/index.php\/wp-json\/wp\/v2\/types\/post"}],"author":[{"embeddable":true,"href":"https:\/\/noticiasdestaque.com.br\/index.php\/wp-json\/wp\/v2\/users\/1"}],"replies":[{"embeddable":true,"href":"https:\/\/noticiasdestaque.com.br\/index.php\/wp-json\/wp\/v2\/comments?post=50202"}],"version-history":[{"count":0,"href":"https:\/\/noticiasdestaque.com.br\/index.php\/wp-json\/wp\/v2\/posts\/50202\/revisions"}],"wp:featuredmedia":[{"embeddable":true,"href":"https:\/\/noticiasdestaque.com.br\/index.php\/wp-json\/wp\/v2\/media\/50203"}],"wp:attachment":[{"href":"https:\/\/noticiasdestaque.com.br\/index.php\/wp-json\/wp\/v2\/media?parent=50202"}],"wp:term":[{"taxonomy":"category","embeddable":true,"href":"https:\/\/noticiasdestaque.com.br\/index.php\/wp-json\/wp\/v2\/categories?post=50202"},{"taxonomy":"post_tag","embeddable":true,"href":"https:\/\/noticiasdestaque.com.br\/index.php\/wp-json\/wp\/v2\/tags?post=50202"}],"curies":[{"name":"wp","href":"https:\/\/api.w.org\/{rel}","templated":true}]}}