{"id":5018,"date":"2023-01-23T12:05:51","date_gmt":"2023-01-23T15:05:51","guid":{"rendered":"https:\/\/noticiasdestaque.com.br\/index.php\/2023\/01\/23\/senai-pa-esta-com-vagas-abertas-para-cursos-tecnicos-neste-inicio-de-ano\/"},"modified":"2023-01-23T12:05:51","modified_gmt":"2023-01-23T15:05:51","slug":"senai-pa-esta-com-vagas-abertas-para-cursos-tecnicos-neste-inicio-de-ano","status":"publish","type":"post","link":"https:\/\/noticiasdestaque.com.br\/index.php\/2023\/01\/23\/senai-pa-esta-com-vagas-abertas-para-cursos-tecnicos-neste-inicio-de-ano\/","title":{"rendered":"SENAI-PA est\u00e1 com vagas abertas para cursos t\u00e9cnicos neste in\u00edcio de ano"},"content":{"rendered":"<p>O SENAI no Par\u00e1 est\u00e1 com vagas abertas para v\u00e1rios cursos t\u00e9cnicos neste in\u00edcio de ano. As oportunidades s\u00e3o para os munic\u00edpios de Bel\u00e9m, Barcarena, Castanhal, Bragan\u00e7a, Paragominas, Parauapebas, Altamira e Santar\u00e9m. A carga hor\u00e1ria varia de 960 horas a 1520 horas. As pr\u00e9-inscri\u00e7\u00f5es podem ser realizadas pelo site www.senaipa.org.br. <\/p>\n<p>Entre as op\u00e7\u00f5es est\u00e3o os cursos t\u00e9cnicos em administra\u00e7\u00e3o, automa\u00e7\u00e3o industrial, edifica\u00e7\u00f5es, eletromec\u00e2nica, eletrot\u00e9cnica, inform\u00e1tica, log\u00edstica, mec\u00e2nica, minera\u00e7\u00e3o, seguran\u00e7a do trabalho, tendo tamb\u00e9m a op\u00e7\u00e3o de semipresencial para o curso de eletrot\u00e9cnica. A previs\u00e3o para o in\u00edcio das aulas \u00e9 fevereiro. <\/p>\n<\/p>\n<p>O gerente de Relacionamento com o Mercado do SENAI-Par\u00e1, Lucas Silveira, garante que os cursos t\u00e9cnicos oferecidos pelas institui\u00e7\u00f5es espalhadas pelo pa\u00eds s\u00e3o uma boa alternativa para quem est\u00e1 em busca de emprego. O gestor destaca como diferencial para os alunos a estrutura f\u00edsica e pedag\u00f3gica do SENAI. <\/p>\n<p>\u201cA gente se preocupa em oferecer a estrutura pedag\u00f3gica adequada, os espa\u00e7os pedag\u00f3gicos para as aulas te\u00f3ricas e tamb\u00e9m as aulas pr\u00e1ticas. O SENAI oferece uma educa\u00e7\u00e3o profissional alinhando teoria e muita pr\u00e1tica. Os alunos colocam a m\u00e3o na massa, aprendem fazendo. A base te\u00f3rica \u00e9 muito importante, mas essa atividade pr\u00e1tica profissional tamb\u00e9m \u00e9 indispens\u00e1vel, segundo nossa metodologia\u201d, salienta. <\/p>\n<p>Levantamento realizado pelo SENAI com alunos que conclu\u00edram cursos t\u00e9cnicos revelou que, em m\u00e9dia, 72,6% conseguem emprego at\u00e9 um ano depois de formado. O \u00edndice que mede o percentual de prefer\u00eancia por contrata\u00e7\u00e3o de egressos do SENAI \u00e9 de 93,6% nas empresas. Essa \u00e9 a expectativa do aluno do curso de eletromec\u00e2nica, Augusto Vin\u00edcios Pinto Pinheiros, 44 anos. <\/p>\n<p>\u201cEscolhi o curso de eletromec\u00e2nica no SENAI em fun\u00e7\u00e3o da necessidade que eu enxergo no mercado de trabalho, hoje, de profissional dessa \u00e1rea. Espero concluir o curso dentro da carga hor\u00e1rio prevista, de maneira a me qualificar mais para o setor, que cada dia mais \u00e9 mais exigente\u201d, torce. \n <\/p>\n<p> Fonte: Brasil61<\/p>\n<input type=\"hidden\" id=\"baseurl\" value=\"https:\/\/noticiasdestaque.com.br\"><input type=\"hidden\" id=\"audio_nonce\" value=\"62ca87eee3\">","protected":false},"excerpt":{"rendered":"<p>As oportunidades contemplam, al\u00e9m da capital Bel\u00e9m, outros sete munic\u00edpios. A carga hor\u00e1ria varia de 960 horas a 1.520 horas<\/p>\n","protected":false},"author":1,"featured_media":0,"comment_status":"open","ping_status":"open","sticky":false,"template":"","format":"standard","meta":{"fifu_image_url":"","fifu_image_alt":"","footnotes":""},"categories":[59],"tags":[],"class_list":["post-5018","post","type-post","status-publish","format-standard","hentry","category-economia"],"distributor_meta":false,"distributor_terms":false,"distributor_media":false,"distributor_original_site_name":"Portal de Recupera\u00e7\u00e3o","distributor_original_site_url":"https:\/\/portalderecuperacao.com","push-errors":false,"_links":{"self":[{"href":"https:\/\/noticiasdestaque.com.br\/index.php\/wp-json\/wp\/v2\/posts\/5018","targetHints":{"allow":["GET"]}}],"collection":[{"href":"https:\/\/noticiasdestaque.com.br\/index.php\/wp-json\/wp\/v2\/posts"}],"about":[{"href":"https:\/\/noticiasdestaque.com.br\/index.php\/wp-json\/wp\/v2\/types\/post"}],"author":[{"embeddable":true,"href":"https:\/\/noticiasdestaque.com.br\/index.php\/wp-json\/wp\/v2\/users\/1"}],"replies":[{"embeddable":true,"href":"https:\/\/noticiasdestaque.com.br\/index.php\/wp-json\/wp\/v2\/comments?post=5018"}],"version-history":[{"count":0,"href":"https:\/\/noticiasdestaque.com.br\/index.php\/wp-json\/wp\/v2\/posts\/5018\/revisions"}],"wp:attachment":[{"href":"https:\/\/noticiasdestaque.com.br\/index.php\/wp-json\/wp\/v2\/media?parent=5018"}],"wp:term":[{"taxonomy":"category","embeddable":true,"href":"https:\/\/noticiasdestaque.com.br\/index.php\/wp-json\/wp\/v2\/categories?post=5018"},{"taxonomy":"post_tag","embeddable":true,"href":"https:\/\/noticiasdestaque.com.br\/index.php\/wp-json\/wp\/v2\/tags?post=5018"}],"curies":[{"name":"wp","href":"https:\/\/api.w.org\/{rel}","templated":true}]}}