{"id":5016,"date":"2023-01-23T12:03:49","date_gmt":"2023-01-23T15:03:49","guid":{"rendered":"https:\/\/noticiasdestaque.com.br\/index.php\/2023\/01\/23\/justica-prorroga-uso-da-forca-nacional-em-brasilia-ate-de-fevereiro\/"},"modified":"2023-01-23T12:03:49","modified_gmt":"2023-01-23T15:03:49","slug":"justica-prorroga-uso-da-forca-nacional-em-brasilia-ate-de-fevereiro","status":"publish","type":"post","link":"https:\/\/noticiasdestaque.com.br\/index.php\/2023\/01\/23\/justica-prorroga-uso-da-forca-nacional-em-brasilia-ate-de-fevereiro\/","title":{"rendered":"Justi\u00e7a prorroga uso da For\u00e7a Nacional em Bras\u00edlia at\u00e9 4 de fevereiro"},"content":{"rendered":"<style> bloco.meta {font-style: italic; color: #666;font-weight: 600;font-size: .8em; \/* line-height: .3em; *\/}  text h2 { font-weight: 700 !important;  color: #062f46 !important;} text img { width: none; left: none;}<\/style>\n<\/p>\n<p>Portaria publicada hoje (23) no <em>Di\u00e1rio Oficial da Uni\u00e3o (DOU)<\/em> prorroga at\u00e9 o dia 4 de fevereiro o uso da For\u00e7a Nacional no Distrito Federal.<\/p>\n<p>A <a href=\"https:\/\/www.in.gov.br\/web\/dou\/-\/portaria-mjsp-n-286-de-19-de-janeiro-de-2023-459250601\" target=\"_blank\" rel=\"noopener\">Portaria 286<\/a>, assinada pelo ministro da Justi\u00e7a e Seguran\u00e7a P\u00fablica, Fl\u00e1vio Dino, disp\u00f5e que os militares auxiliem na prote\u00e7\u00e3o da ordem p\u00fablica e do patrim\u00f4nio p\u00fablico e privado entre a Rodovi\u00e1ria de Bras\u00edlia e a Pra\u00e7a dos Tr\u00eas Poderes, assim como na prote\u00e7\u00e3o de outros bens da Uni\u00e3o situados em Bras\u00edlia.<\/p>\n<p>A medida \u00e9 mais um desdobramento preventivo ap\u00f3s os <a href=\"https:\/\/agenciabrasil.ebc.com.br\/tags\/atos-antidemocraticos\" target=\"_blank\" rel=\"noopener\">atos de vandalismo registrados no dia 8 de janeiro<\/a>, na capital, quando radicais de extrema-direita invadiram e depredaram o Pal\u00e1cio do Planalto e os pr\u00e9dios do Congresso Nacional e do Supremo Tribunal Federal (STF).<\/p>\n<p class=\"alt-font font-italic my-2 small text-info\">\n                                                Edi\u00e7\u00e3o:   Fernando Fraga                    <\/p>\n<p>            <!-- blog End --><\/p>\n<p>            <!-- tag and share --><\/p>\n<p> Fonte: EBC <\/p>\n<input type=\"hidden\" id=\"baseurl\" value=\"https:\/\/noticiasdestaque.com.br\"><input type=\"hidden\" id=\"audio_nonce\" value=\"62ca87eee3\">","protected":false},"excerpt":{"rendered":"<p>Portaria foi publicada hoje no Di\u00e1rio Oficial da Uni\u00e3o<\/p>\n","protected":false},"author":1,"featured_media":5017,"comment_status":"open","ping_status":"open","sticky":false,"template":"","format":"standard","meta":{"fifu_image_url":"","fifu_image_alt":"","footnotes":""},"categories":[48],"tags":[],"class_list":["post-5016","post","type-post","status-publish","format-standard","has-post-thumbnail","hentry","category-mundo"],"distributor_meta":false,"distributor_terms":false,"distributor_media":false,"distributor_original_site_name":"Portal de Recupera\u00e7\u00e3o","distributor_original_site_url":"https:\/\/portalderecuperacao.com","push-errors":false,"_links":{"self":[{"href":"https:\/\/noticiasdestaque.com.br\/index.php\/wp-json\/wp\/v2\/posts\/5016","targetHints":{"allow":["GET"]}}],"collection":[{"href":"https:\/\/noticiasdestaque.com.br\/index.php\/wp-json\/wp\/v2\/posts"}],"about":[{"href":"https:\/\/noticiasdestaque.com.br\/index.php\/wp-json\/wp\/v2\/types\/post"}],"author":[{"embeddable":true,"href":"https:\/\/noticiasdestaque.com.br\/index.php\/wp-json\/wp\/v2\/users\/1"}],"replies":[{"embeddable":true,"href":"https:\/\/noticiasdestaque.com.br\/index.php\/wp-json\/wp\/v2\/comments?post=5016"}],"version-history":[{"count":0,"href":"https:\/\/noticiasdestaque.com.br\/index.php\/wp-json\/wp\/v2\/posts\/5016\/revisions"}],"wp:featuredmedia":[{"embeddable":true,"href":"https:\/\/noticiasdestaque.com.br\/index.php\/wp-json\/wp\/v2\/media\/5017"}],"wp:attachment":[{"href":"https:\/\/noticiasdestaque.com.br\/index.php\/wp-json\/wp\/v2\/media?parent=5016"}],"wp:term":[{"taxonomy":"category","embeddable":true,"href":"https:\/\/noticiasdestaque.com.br\/index.php\/wp-json\/wp\/v2\/categories?post=5016"},{"taxonomy":"post_tag","embeddable":true,"href":"https:\/\/noticiasdestaque.com.br\/index.php\/wp-json\/wp\/v2\/tags?post=5016"}],"curies":[{"name":"wp","href":"https:\/\/api.w.org\/{rel}","templated":true}]}}