{"id":5014,"date":"2023-01-18T11:56:29","date_gmt":"2023-01-18T14:56:29","guid":{"rendered":"https:\/\/noticiasdestaque.com.br\/index.php\/2023\/01\/18\/ministro-anuncia-orgao-para-monitorar-violencia-contra-jornalistas\/"},"modified":"2023-01-18T11:56:29","modified_gmt":"2023-01-18T14:56:29","slug":"ministro-anuncia-orgao-para-monitorar-violencia-contra-jornalistas","status":"publish","type":"post","link":"https:\/\/noticiasdestaque.com.br\/index.php\/2023\/01\/18\/ministro-anuncia-orgao-para-monitorar-violencia-contra-jornalistas\/","title":{"rendered":"Ministro anuncia \u00f3rg\u00e3o para monitorar viol\u00eancia contra jornalistas"},"content":{"rendered":"<style> bloco.meta {font-style: italic; color: #666;font-weight: 600;font-size: .8em; \/* line-height: .3em; *\/}  text h2 { font-weight: 700 !important;  color: #062f46 !important;} text img { width: none; left: none;}<\/style>\n<\/p>\n<p>O ministro da Justi\u00e7a e Seguran\u00e7a P\u00fablica, Fl\u00e1vio Dino, anunciou nesta ter\u00e7a-feira (17) a cria\u00e7\u00e3o, no \u00e2mbito da pasta, do Observat\u00f3rio Nacional de Viol\u00eancia contra Jornalistas. A proposta foi levada ao ministro pela Federa\u00e7\u00e3o Nacional dos Jornalistas (Fenaj).<\/p>\n<p>&#8220;Acolhendo o pedido das entidades sindicais dos jornalistas, vamos instalar no Minist\u00e9rio da Justi\u00e7a o Observat\u00f3rio Nacional da Viol\u00eancia contra Jornalistas, a fim de dialogar com o Poder Judici\u00e1rio e demais institui\u00e7\u00f5es do sistema de justi\u00e7a e seguran\u00e7a p\u00fablica&#8221;, disse o ministro em postagem nas redes sociais.<\/p>\n<p>Dino se reuniu ontem (16) com a presidenta da entidade, Samira de Castro, e representantes do Sindicato dos Jornalistas Profissionais do Distrito Federal e da Associa\u00e7\u00e3o Brasileira de Jornalismo Investigativo (Abraji).<\/p>\n<p>O an\u00fancio ocorre pouco mais de uma semana depois dos atos golpistas dia 8 de dezembro, em Bras\u00edlia. Na ocasi\u00e3o, foram reportados ao menos 16 casos de agress\u00e3o contra profissionais de comunica\u00e7\u00e3o, segundo balan\u00e7o do Sindicato dos Jornalistas Profissionais do DF.<\/p>\n<p>&#8220;O objetivo do observat\u00f3rio \u00e9 monitorar os casos de ataques \u00e0 categoria, mobilizando os \u00f3rg\u00e3os competentes para coibir as agress\u00f5es e responsabilizar os agressores, al\u00e9m de acompanhar as investiga\u00e7\u00f5es dos crimes cometidos para identifica\u00e7\u00e3o e responsabiliza\u00e7\u00e3o dos autores&#8221;, explica Samira de Castro.<\/p>\n<p>A Fenaj sugere que o \u00f3rg\u00e3o seja composto por representantes dos minist\u00e9rios da Justi\u00e7a, dos Direitos Humanos e da Secretaria de Comunica\u00e7\u00e3o Social da Presid\u00eancia da Rep\u00fablica, al\u00e9m de representantes da sociedade civil organizada, como a pr\u00f3pria federa\u00e7\u00e3o, a Associa\u00e7\u00e3o Brasileira de Imprensa (ABI), a Abraji, a entidade representante de professores e pesquisadores de jornalismo, al\u00e9m de representa\u00e7\u00f5es patronais, como a Associa\u00e7\u00e3o Nacional de Jornais (ANJ) e Associa\u00e7\u00e3o Brasileira de Emissoras de R\u00e1dio e Televis\u00e3o (Abert).<\/p>\n<p>N\u00e3o se trata de uma proposta nova. A Fenaj e os sindicatos de jornalistas tentam instituir o mecanismo pelo menos desde as jornadas de junho de 2013, h\u00e1 quase 10 anos.<\/p>\n<p>&#8220;A viol\u00eancia contra a categoria atingiu n\u00edveis recordes nos \u00faltimos 4 anos e presenciamos um ataque organizado \u00e0s sedes dos Tr\u00eas Poderes e \u00e0 pr\u00f3pria imprensa para conseguirmos, finalmente, debater essa iniciativa&#8221;, disse a presidenta da Fenaj.<\/p>\n<h2>Canal exclusivo<\/h2>\n<p>Outra reivindica\u00e7\u00e3o das entidades sindicais de jornalistas \u00e9 a abertura de um canal exclusivo para que os profissionais possam denunciar os casos de agress\u00e3o sofridos durante os atos golpistas.<\/p>\n<p>Segundo o ministro-chefe da Secom, Paulo Pimenta, a Dire\u00e7\u00e3o-Geral da Pol\u00edcia Civil do Distrito Federal vai designar um delegado respons\u00e1vel especificamente pelos inqu\u00e9ritos envolvendo agress\u00f5es a comunicadores. A ideia \u00e9 resguardar a privacidade e garantir a seguran\u00e7a para que profissionais de imprensa exer\u00e7am suas fun\u00e7\u00f5es sem risco de novas repres\u00e1lias.<\/p>\n<p class=\"alt-font font-italic my-2 small text-info\">\n                                                Edi\u00e7\u00e3o:   Fernando Fraga                    <\/p>\n<p>            <!-- blog End --><\/p>\n<p>            <!-- tag and share --><\/p>\n<p> Fonte: EBC <\/p>\n<input type=\"hidden\" id=\"baseurl\" value=\"https:\/\/noticiasdestaque.com.br\"><input type=\"hidden\" id=\"audio_nonce\" value=\"62ca87eee3\">","protected":false},"excerpt":{"rendered":"<p>Proposta de sindicatos e Fenaj foi acolhida por Fl\u00e1vio Dino<\/p>\n","protected":false},"author":1,"featured_media":5015,"comment_status":"open","ping_status":"open","sticky":false,"template":"","format":"standard","meta":{"fifu_image_url":"","fifu_image_alt":"","footnotes":""},"categories":[48],"tags":[],"class_list":["post-5014","post","type-post","status-publish","format-standard","has-post-thumbnail","hentry","category-mundo"],"distributor_meta":false,"distributor_terms":false,"distributor_media":false,"distributor_original_site_name":"Portal de Recupera\u00e7\u00e3o","distributor_original_site_url":"https:\/\/portalderecuperacao.com","push-errors":false,"_links":{"self":[{"href":"https:\/\/noticiasdestaque.com.br\/index.php\/wp-json\/wp\/v2\/posts\/5014","targetHints":{"allow":["GET"]}}],"collection":[{"href":"https:\/\/noticiasdestaque.com.br\/index.php\/wp-json\/wp\/v2\/posts"}],"about":[{"href":"https:\/\/noticiasdestaque.com.br\/index.php\/wp-json\/wp\/v2\/types\/post"}],"author":[{"embeddable":true,"href":"https:\/\/noticiasdestaque.com.br\/index.php\/wp-json\/wp\/v2\/users\/1"}],"replies":[{"embeddable":true,"href":"https:\/\/noticiasdestaque.com.br\/index.php\/wp-json\/wp\/v2\/comments?post=5014"}],"version-history":[{"count":0,"href":"https:\/\/noticiasdestaque.com.br\/index.php\/wp-json\/wp\/v2\/posts\/5014\/revisions"}],"wp:featuredmedia":[{"embeddable":true,"href":"https:\/\/noticiasdestaque.com.br\/index.php\/wp-json\/wp\/v2\/media\/5015"}],"wp:attachment":[{"href":"https:\/\/noticiasdestaque.com.br\/index.php\/wp-json\/wp\/v2\/media?parent=5014"}],"wp:term":[{"taxonomy":"category","embeddable":true,"href":"https:\/\/noticiasdestaque.com.br\/index.php\/wp-json\/wp\/v2\/categories?post=5014"},{"taxonomy":"post_tag","embeddable":true,"href":"https:\/\/noticiasdestaque.com.br\/index.php\/wp-json\/wp\/v2\/tags?post=5014"}],"curies":[{"name":"wp","href":"https:\/\/api.w.org\/{rel}","templated":true}]}}