{"id":5012,"date":"2023-01-18T11:54:30","date_gmt":"2023-01-18T14:54:30","guid":{"rendered":"https:\/\/noticiasdestaque.com.br\/index.php\/2023\/01\/18\/reforma-tributaria-sera-fatiada-confirma-baleia-rossi\/"},"modified":"2023-01-18T11:54:30","modified_gmt":"2023-01-18T14:54:30","slug":"reforma-tributaria-sera-fatiada-confirma-baleia-rossi","status":"publish","type":"post","link":"https:\/\/noticiasdestaque.com.br\/index.php\/2023\/01\/18\/reforma-tributaria-sera-fatiada-confirma-baleia-rossi\/","title":{"rendered":"Reforma tribut\u00e1ria ser\u00e1 fatiada, confirma Baleia Rossi"},"content":{"rendered":"<style> bloco.meta {font-style: italic; color: #666;font-weight: 600;font-size: .8em; \/* line-height: .3em; *\/}  text h2 { font-weight: 700 !important;  color: #062f46 !important;} text img { width: none; left: none;}<\/style>\n<\/p>\n<p>Autor de uma das propostas de reforma tribut\u00e1ria que tramitam no Congresso, o deputado Baleia Rossi (MDB-SP) confirmou que o texto ser\u00e1 fatiado. No primeiro semestre, ser\u00e1 discutida a reformula\u00e7\u00e3o nos tributos sobre o consumo. A reforma do Imposto de Renda, que inclui a tributa\u00e7\u00e3o sobre dividendos, ficar\u00e1 para o segundo semestre.<\/p>\n<p>O parlamentar deu a informa\u00e7\u00e3o no fim da tarde, ao chegar para reuni\u00e3o com o secret\u00e1rio especial para Reforma Tribut\u00e1ria do Minist\u00e9rio da Fazenda, Bernard Appy. \u201cTanto a <a href=\"https:\/\/www.camara.leg.br\/proposicoesWeb\/prop_mostrarintegra?codteor=1728369\n<\/p>\n<input type=\"hidden\" id=\"baseurl\" value=\"https:\/\/noticiasdestaque.com.br\"><input type=\"hidden\" id=\"audio_nonce\" value=\"62ca87eee3\">","protected":false},"excerpt":{"rendered":"<p>Mudan\u00e7as no Imposto de Renda ficar\u00e3o para segundo semestre<\/p>\n","protected":false},"author":1,"featured_media":5013,"comment_status":"open","ping_status":"open","sticky":false,"template":"","format":"standard","meta":{"fifu_image_url":"","fifu_image_alt":"","footnotes":""},"categories":[59],"tags":[],"class_list":["post-5012","post","type-post","status-publish","format-standard","has-post-thumbnail","hentry","category-economia"],"distributor_meta":false,"distributor_terms":false,"distributor_media":false,"distributor_original_site_name":"Portal de Recupera\u00e7\u00e3o","distributor_original_site_url":"https:\/\/portalderecuperacao.com","push-errors":false,"_links":{"self":[{"href":"https:\/\/noticiasdestaque.com.br\/index.php\/wp-json\/wp\/v2\/posts\/5012","targetHints":{"allow":["GET"]}}],"collection":[{"href":"https:\/\/noticiasdestaque.com.br\/index.php\/wp-json\/wp\/v2\/posts"}],"about":[{"href":"https:\/\/noticiasdestaque.com.br\/index.php\/wp-json\/wp\/v2\/types\/post"}],"author":[{"embeddable":true,"href":"https:\/\/noticiasdestaque.com.br\/index.php\/wp-json\/wp\/v2\/users\/1"}],"replies":[{"embeddable":true,"href":"https:\/\/noticiasdestaque.com.br\/index.php\/wp-json\/wp\/v2\/comments?post=5012"}],"version-history":[{"count":0,"href":"https:\/\/noticiasdestaque.com.br\/index.php\/wp-json\/wp\/v2\/posts\/5012\/revisions"}],"wp:featuredmedia":[{"embeddable":true,"href":"https:\/\/noticiasdestaque.com.br\/index.php\/wp-json\/wp\/v2\/media\/5013"}],"wp:attachment":[{"href":"https:\/\/noticiasdestaque.com.br\/index.php\/wp-json\/wp\/v2\/media?parent=5012"}],"wp:term":[{"taxonomy":"category","embeddable":true,"href":"https:\/\/noticiasdestaque.com.br\/index.php\/wp-json\/wp\/v2\/categories?post=5012"},{"taxonomy":"post_tag","embeddable":true,"href":"https:\/\/noticiasdestaque.com.br\/index.php\/wp-json\/wp\/v2\/tags?post=5012"}],"curies":[{"name":"wp","href":"https:\/\/api.w.org\/{rel}","templated":true}]}}