{"id":5011,"date":"2023-01-17T11:50:10","date_gmt":"2023-01-17T14:50:10","guid":{"rendered":"https:\/\/noticiasdestaque.com.br\/index.php\/2023\/01\/17\/adenocarcinoma-de-colon-o-diagnostico-precoce-da-doenca-pode-resultar-em-um-tratamento-bem-sucedido\/"},"modified":"2023-01-17T11:50:10","modified_gmt":"2023-01-17T14:50:10","slug":"adenocarcinoma-de-colon-o-diagnostico-precoce-da-doenca-pode-resultar-em-um-tratamento-bem-sucedido","status":"publish","type":"post","link":"https:\/\/noticiasdestaque.com.br\/index.php\/2023\/01\/17\/adenocarcinoma-de-colon-o-diagnostico-precoce-da-doenca-pode-resultar-em-um-tratamento-bem-sucedido\/","title":{"rendered":"Adenocarcinoma de c\u00f3lon: o diagn\u00f3stico precoce da doen\u00e7a pode resultar em um tratamento bem sucedido"},"content":{"rendered":"<p>A cantora Preta Gil publicou em seu instagram, h\u00e1 poucos dias, que ap\u00f3s seis dias de interna\u00e7\u00e3o em um hospital no Rio de Janeiro, recebeu o diagn\u00f3stico de um adenocarcinoma na por\u00e7\u00e3o final do intestino. Desde ent\u00e3o, as pesquisas para saber o que \u00e9 esta doen\u00e7a dispararam.<\/p>\n<p>A oncologista Alessandra Leite explica que o adenocarcinoma \u00e9 um tipo de tumor maligno que nasce de uma gl\u00e2ndula espec\u00edfica presente no revestimento de alguns \u00f3rg\u00e3os, principalmente nos \u00f3rg\u00e3os digestivos, mas tamb\u00e9m pode ser encontrado nos pulm\u00f5es, \u00fatero, mamas e na pr\u00f3stata. <\/p>\n<p>Alessandra diz que os sintomas da enfermidade variam de acordo com a localiza\u00e7\u00e3o do tumor e cita o diagn\u00f3stico da cantora para exemplificar os sintomas. <\/p>\n<p>\u201cPor exemplo, o caso mais recente que estamos vendo na m\u00eddia \u00e9 o da Preta Gil, que \u00e9 um adenocarcinoma de c\u00f3lon. Nestes casos, o paciente pode apresentar desconforto abdominal, mudan\u00e7as no h\u00e1bito intestinal, ou seja, evacuava todos os dias normalmente e passa a ter diarreia ou intestino muito preso. Pode apresentar algum tipo de sangramento junto \u00e0s fezes e perda de peso. Ent\u00e3o, depende do local onde o adenocarcinoma se origina\u201d, explica.<\/p>\n<p>A especialista conta que, caso o adenocarcinoma seja encontrado na regi\u00e3o do pulm\u00e3o, os sintomas s\u00e3o totalmente diferentes. Ent\u00e3o, o enfermo apresentaria sintomas como tosse, falta de ar e cansa\u00e7o.<\/p>\n<p>\u00c9 importante ressaltar que, como em todos os tumores, os sintomas, \u00e0s vezes, s\u00e3o muito discretos e quando est\u00e1 em est\u00e1gio inicial, o paciente pode n\u00e3o apresentar sintomas. <\/p>\n<h2>Tratamento<\/h2>\n<p>O tratamento do adenocarcinoma depende de onde o tumor nasceu. Geralmente, para tumores pequenos ou medianos localizados no c\u00f3lon, primeiro \u00e9 realizada uma cirurgia e depois, dependendo da extens\u00e3o da doen\u00e7a, do tamanho do tumor e se tinha ou n\u00e3o linfonodos comprometidos, pode-se fazer uma complementa\u00e7\u00e3o com um per\u00edodo de quimioterapia de refor\u00e7o. Ap\u00f3s esse tratamento, o paciente passa por um per\u00edodo de controle que tem a dura\u00e7\u00e3o aproximada de cinco anos. <\/p>\n<p>Os adenocarcinomas localizados em qualquer \u00f3rg\u00e3o t\u00eam a possibilidade de serem totalmente curados, desde que diagnosticados em est\u00e1gios iniciais, para que possa haver um tratamento completo e bem sucedido. <\/p>\n<p>\n<a href=\"https:\/\/brasil61.com\/n\/transito-na-esplanada-dos-ministerios-foi-liberado-nesta-quinta-feira-12-bras237676\">Tr\u00e2nsito na Esplanada dos Minist\u00e9rios foi liberado nesta quinta-feira (12)<\/a><\/p>\n<h2>Causas<\/h2>\n<p>De acordo com a oncologista, assim como o tratamento, a causa dos adenocarcinomas tamb\u00e9m depende do \u00f3rg\u00e3o. \u201cOs adenocarcinomas de c\u00f3lon s\u00e3o causados por alguns fatores. O primeiro e mais importante diz respeito ao caso de pacientes que t\u00eam o funcionamento intestinal pior, ent\u00e3o o intestino preso \u00e9 um dos grandes fatores de risco para o desenvolvimento com o envelhecimento do adenocarcinoma de c\u00f3lon, mas claro que o envelhecimento est\u00e1 tamb\u00e9m associado como todos os tipos de c\u00e2ncer, consumo excessivo de carne, consumo excessivo de bebida alco\u00f3lica, tabagismo, dentre outros fatores\u201d, completa.<br \/>\nAlessandra acentua que o consumo excessivo e di\u00e1rio de carne vermelha dificulta o processo digestivo, o que se torna um fator de risco indireto. Mas n\u00e3o quer dizer que as pessoas n\u00e3o possam comer carne vermelha, apenas procurar, sempre que poss\u00edvel, moderar na quantidade e variar a prote\u00edna, como por exemplo optar por carnes brancas. <\/p>\n<h2>Precau\u00e7\u00f5es<\/h2>\n<p>Existem formas para se evitar o surgimento do tumor, que s\u00e3o:<\/p>\n<ul>\n<li>N\u00e3o ingerir bebidas alc\u00f3olicas em excesso;<\/li>\n<li>N\u00e3o fumar;<\/li>\n<li>Ter dietas equilibradas;<\/li>\n<li>Evitar o consumo excessivo de carne vermelha.<\/li>\n<\/ul>\n<p>Realizar a colonoscopia com certa frequ\u00eancia a partir da data estipulada pelo m\u00e9dico e conhecer o hist\u00f3rico familiar para saber se existe algum caso dentro da fam\u00edlia s\u00e3o requisitos importantes para o diagn\u00f3stico precoce de um poss\u00edvel tumor.\n <\/p>\n<p> Fonte: Brasil61<\/p>\n<input type=\"hidden\" id=\"baseurl\" value=\"https:\/\/noticiasdestaque.com.br\"><input type=\"hidden\" id=\"audio_nonce\" value=\"62ca87eee3\">","protected":false},"excerpt":{"rendered":"<p>A oncologista Alessandra Leite explica que o adenocarcinoma \u00e9 um tipo de tumor que pode surgir em diversos \u00f3rg\u00e3os, mas, principalmente, nos \u00f3rg\u00e3os digestivos.<\/p>\n","protected":false},"author":1,"featured_media":0,"comment_status":"open","ping_status":"open","sticky":false,"template":"","format":"standard","meta":{"fifu_image_url":"","fifu_image_alt":"","footnotes":""},"categories":[51],"tags":[],"class_list":["post-5011","post","type-post","status-publish","format-standard","hentry","category-saude"],"distributor_meta":false,"distributor_terms":false,"distributor_media":false,"distributor_original_site_name":"Portal de Recupera\u00e7\u00e3o","distributor_original_site_url":"https:\/\/portalderecuperacao.com","push-errors":false,"_links":{"self":[{"href":"https:\/\/noticiasdestaque.com.br\/index.php\/wp-json\/wp\/v2\/posts\/5011","targetHints":{"allow":["GET"]}}],"collection":[{"href":"https:\/\/noticiasdestaque.com.br\/index.php\/wp-json\/wp\/v2\/posts"}],"about":[{"href":"https:\/\/noticiasdestaque.com.br\/index.php\/wp-json\/wp\/v2\/types\/post"}],"author":[{"embeddable":true,"href":"https:\/\/noticiasdestaque.com.br\/index.php\/wp-json\/wp\/v2\/users\/1"}],"replies":[{"embeddable":true,"href":"https:\/\/noticiasdestaque.com.br\/index.php\/wp-json\/wp\/v2\/comments?post=5011"}],"version-history":[{"count":0,"href":"https:\/\/noticiasdestaque.com.br\/index.php\/wp-json\/wp\/v2\/posts\/5011\/revisions"}],"wp:attachment":[{"href":"https:\/\/noticiasdestaque.com.br\/index.php\/wp-json\/wp\/v2\/media?parent=5011"}],"wp:term":[{"taxonomy":"category","embeddable":true,"href":"https:\/\/noticiasdestaque.com.br\/index.php\/wp-json\/wp\/v2\/categories?post=5011"},{"taxonomy":"post_tag","embeddable":true,"href":"https:\/\/noticiasdestaque.com.br\/index.php\/wp-json\/wp\/v2\/tags?post=5011"}],"curies":[{"name":"wp","href":"https:\/\/api.w.org\/{rel}","templated":true}]}}