{"id":5010,"date":"2023-01-17T11:48:21","date_gmt":"2023-01-17T14:48:21","guid":{"rendered":"https:\/\/noticiasdestaque.com.br\/index.php\/2023\/01\/17\/salario-minimo-governo-lula-nao-devera-pagar-o-valor-prometido-na-campanha-eleitoral\/"},"modified":"2023-01-17T11:48:21","modified_gmt":"2023-01-17T14:48:21","slug":"salario-minimo-governo-lula-nao-devera-pagar-o-valor-prometido-na-campanha-eleitoral","status":"publish","type":"post","link":"https:\/\/noticiasdestaque.com.br\/index.php\/2023\/01\/17\/salario-minimo-governo-lula-nao-devera-pagar-o-valor-prometido-na-campanha-eleitoral\/","title":{"rendered":"Sal\u00e1rio m\u00ednimo: governo Lula n\u00e3o dever\u00e1 pagar o valor prometido na campanha eleitoral"},"content":{"rendered":"<p>Caso o sal\u00e1rio m\u00ednimo seja reajustado, como prometeu o presidente Luiz In\u00e1cio Lula da Silva, programas e benef\u00edcios do governo que usam o piso nacional como refer\u00eancia tamb\u00e9m sofrer\u00e3o altera\u00e7\u00f5es. Ap\u00f3s o an\u00fancio de reajuste do sal\u00e1rio m\u00ednimo para R$1.320, o or\u00e7amento para 2023 se mostrou insuficiente para cumprir a proposta, continuando, assim, em vigor, o atual valor de R$1.302, proposto pelo ex-presidente, Jair Bolsonaro (PL).<\/p>\n<p>O economista C\u00e9sar Lima explica que a mudan\u00e7a de um reajuste real no sal\u00e1rio m\u00ednimo n\u00e3o ser\u00e1 poss\u00edvel no momento por conta de alguns benef\u00edcios atrelados ao piso salarial. \u201cAo contr\u00e1rio do que havia sido prometido na campanha pelo atual presidente Lula, o sal\u00e1rio m\u00ednimo deste ano n\u00e3o vai ter nenhum reajuste, por enquanto. N\u00e3o h\u00e1 recursos suficientes para bancar os benef\u00edcios que est\u00e3o atrelados ao sal\u00e1rio m\u00ednimo, ent\u00e3o continua valendo o decreto assinado pelo ex-presidente Bolsonaro de R$1.302.Ee na esteira desse valor vem todos os benef\u00edcios como seguro desemprego e outros\u201d, destaca. <\/p>\n<h2>Veja quais benef\u00edcios ter\u00e3o reajustes<\/h2>\n<p><strong>Benef\u00edcio de Presta\u00e7\u00e3o Continuada (BPC): <\/strong>Pagamento de  um sal\u00e1rio m\u00ednimo a idosos e pessoas com defici\u00eancia em situa\u00e7\u00e3o de extrema pobreza. <\/p>\n<p><strong>Abono salarial (PIS\/Pasep): <\/strong>Pagamento aos trabalhadores do setor p\u00fablico e privado que recebem, em m\u00e9dia, at\u00e9 dois sal\u00e1rios m\u00ednimos mensais com carteira assinada.<\/p>\n<p><strong>Cadastro \u00danico (Cad\u00danico): <\/strong>Utilizado pelo governo federal, estados e munic\u00edpios para identificar e comprovar poss\u00edveis benefici\u00e1rios de programas sociais como Bolsa Fam\u00edlia, Tarifa Social de Energia El\u00e9trica, BPC e vale-g\u00e1s. Com o reajuste no sal\u00e1rio m\u00ednimo, os valores que permitem a inscri\u00e7\u00e3o no Cad\u00danico tamb\u00e9m subir\u00e3o e ser\u00e3o os seguintes:<\/p>\n<ul>\n<li>renda mensal de at\u00e9 meio sal\u00e1rio m\u00ednimo por pessoa (R$651);<\/li>\n<li>renda mensal familiar total de at\u00e9 tr\u00eas sal\u00e1rios m\u00ednimos (R$3.906);<\/li>\n<li>renda maior que tr\u00eas sal\u00e1rios m\u00ednimos (R$3.906), desde que o cadastramento esteja vinculado \u00e0 inclus\u00e3o em programas sociais nas tr\u00eas esferas do governo.<\/li>\n<\/ul>\n<p><strong>Benef\u00edcios do INSS: <\/strong>Os benef\u00edcios ser\u00e3o reajustados a partir de 25 de janeiro. Para aqueles que recebem um sal\u00e1rio m\u00ednimo, o benef\u00edcio sobe para R$1.302 j\u00e1 neste m\u00eas, j\u00e1 os segurados com renda mensal acima do piso nacional ter\u00e3o seus pagamentos creditados a partir de 1\u00ba de fevereiro. No caso desses benefici\u00e1rios, no entanto, o reajuste acompanha o \u00cdndice Nacional de Pre\u00e7os ao Consumidor (INPC), que teve reajuste de 5,93%. Com o aumento, o teto dos benef\u00edcios do INSS passar\u00e1 de R$7.087,22 para R$7.507,49.<\/p>\n<p><strong>Contribui\u00e7\u00e3o dos MEIs: <\/strong>As contribui\u00e7\u00f5es mensais dos microempreendedores individuais (MEIs) tamb\u00e9m ser\u00e3o reajustadas. A partir de fevereiro, o valor referente ao INSS do Documento de Arrecada\u00e7\u00e3o Simplificada do MEI (DAS-MEI) dever\u00e1 ser de R$ 65,10, o que corresponde a 5% do sal\u00e1rio m\u00ednimo.<\/p>\n<p><strong>Seguro-defeso: <\/strong>Benef\u00edcio de um sal\u00e1rio m\u00ednimo pago para os pescadores que exercem atividade exclusiva e de forma artesanal. O valor \u00e9 concedido nos per\u00edodos de piracema para permitir a reprodu\u00e7\u00e3o da esp\u00e9cie. <\/p>\n<p><strong>A\u00e7\u00f5es nos juizados: <\/strong>O reajuste do sal\u00e1rio m\u00ednimo ainda afeta o teto permitido para se ajuizar uma a\u00e7\u00e3o sem precisar de advogado. No Juizado Especial Federal, por exemplo, pode entrar com a\u00e7\u00e3o, sem defensor, quem tem valor a receber de at\u00e9 60 sal\u00e1rios m\u00ednimos. J\u00e1 no Juizado Especial C\u00edvel, o valor das a\u00e7\u00f5es tamb\u00e9m \u00e9 calculado com base no sal\u00e1rio m\u00ednimo. Quem quiser entrar com a\u00e7\u00e3o que envolva at\u00e9  20 sal\u00e1rios m\u00ednimos, sem advogado, estar\u00e1 liberado.<\/p>\n<h2>Minist\u00e9rio da Fazenda<\/h2>\n<p>Procurado pela equipe do <strong>Portal Brasil 61<\/strong> para saber se h\u00e1 uma previs\u00e3o para a publica\u00e7\u00e3o da nova MP com o reajuste do sal\u00e1rio m\u00ednimo para R$ 1.320, o Minist\u00e9rio da Fazenda disse em nota que \u201co assunto ainda est\u00e1 em discuss\u00e3o entre os minist\u00e9rios da \u00e1rea econ\u00f4mica e a decis\u00e3o final compete \u00e0 Presid\u00eancia da Rep\u00fablica.\u201d \n <\/p>\n<p> Fonte: Brasil61<\/p>\n<input type=\"hidden\" id=\"baseurl\" value=\"https:\/\/noticiasdestaque.com.br\"><input type=\"hidden\" id=\"audio_nonce\" value=\"62ca87eee3\">","protected":false},"excerpt":{"rendered":"<p>A equipe econ\u00f4mica do governo defende que o or\u00e7amento n\u00e3o \u00e9 vi\u00e1vel para todos os benef\u00edcios atrelados ao piso salarial<\/p>\n","protected":false},"author":1,"featured_media":0,"comment_status":"open","ping_status":"open","sticky":false,"template":"","format":"standard","meta":{"fifu_image_url":"","fifu_image_alt":"","footnotes":""},"categories":[59],"tags":[],"class_list":["post-5010","post","type-post","status-publish","format-standard","hentry","category-economia"],"distributor_meta":false,"distributor_terms":false,"distributor_media":false,"distributor_original_site_name":"Portal de Recupera\u00e7\u00e3o","distributor_original_site_url":"https:\/\/portalderecuperacao.com","push-errors":false,"_links":{"self":[{"href":"https:\/\/noticiasdestaque.com.br\/index.php\/wp-json\/wp\/v2\/posts\/5010","targetHints":{"allow":["GET"]}}],"collection":[{"href":"https:\/\/noticiasdestaque.com.br\/index.php\/wp-json\/wp\/v2\/posts"}],"about":[{"href":"https:\/\/noticiasdestaque.com.br\/index.php\/wp-json\/wp\/v2\/types\/post"}],"author":[{"embeddable":true,"href":"https:\/\/noticiasdestaque.com.br\/index.php\/wp-json\/wp\/v2\/users\/1"}],"replies":[{"embeddable":true,"href":"https:\/\/noticiasdestaque.com.br\/index.php\/wp-json\/wp\/v2\/comments?post=5010"}],"version-history":[{"count":0,"href":"https:\/\/noticiasdestaque.com.br\/index.php\/wp-json\/wp\/v2\/posts\/5010\/revisions"}],"wp:attachment":[{"href":"https:\/\/noticiasdestaque.com.br\/index.php\/wp-json\/wp\/v2\/media?parent=5010"}],"wp:term":[{"taxonomy":"category","embeddable":true,"href":"https:\/\/noticiasdestaque.com.br\/index.php\/wp-json\/wp\/v2\/categories?post=5010"},{"taxonomy":"post_tag","embeddable":true,"href":"https:\/\/noticiasdestaque.com.br\/index.php\/wp-json\/wp\/v2\/tags?post=5010"}],"curies":[{"name":"wp","href":"https:\/\/api.w.org\/{rel}","templated":true}]}}