{"id":50080,"date":"2026-02-13T18:20:00","date_gmt":"2026-02-13T21:20:00","guid":{"rendered":"https:\/\/noticiasdestaque.com.br\/index.php\/2026\/02\/13\/previsao-do-tempo-sudeste-tera-pancadas-de-chuva-neste-sabado-14\/"},"modified":"2026-02-18T21:07:48","modified_gmt":"2026-02-19T00:07:48","slug":"previsao-do-tempo-sudeste-tera-pancadas-de-chuva-neste-sabado-14","status":"publish","type":"post","link":"https:\/\/noticiasdestaque.com.br\/index.php\/2026\/02\/13\/previsao-do-tempo-sudeste-tera-pancadas-de-chuva-neste-sabado-14\/","title":{"rendered":"PREVIS\u00c3O DO TEMPO: Sudeste ter\u00e1 pancadas de chuva neste s\u00e1bado (14)"},"content":{"rendered":"<p>\t\t\t\t\t\t\t\t\t\t<audio controls class=\"b61_audio_player\" data-noticia=\"87782\" src=\"https:\/\/brasil61.com\/rails\/active_storage\/blobs\/eyJfcmFpbHMiOnsibWVzc2FnZSI6IkJBaHBBeC80QXc9PSIsImV4cCI6bnVsbCwicHVyIjoiYmxvYl9pZCJ9fQ==--069544567181aad98d45052af839f919400aceec\/PTSD264345A\"><\/audio><\/p>\n<p>\u00a0<\/p>\n<\/p>\n<p dir=\"ltr\">A<strong> previs\u00e3o do tempo <\/strong>para este s\u00e1bado (14) indica <strong>instabilidade <\/strong>em parte da Regi\u00e3o Sudeste do pa\u00eds.<\/p>\n<p dir=\"ltr\">Em <strong>S\u00e3o Paulo<\/strong>, a expectativa \u00e9 de <strong>muitas nuvens com pancadas de chuva e trovoadas isoladas<\/strong> nos munic\u00edpios de Itatinga, na regi\u00e3o de Botucatu; Planura, no Tri\u00e2ngulo Mineiro, munic\u00edpio mineiro que faz divisa com o interior paulista, e Lut\u00e9cia, na regi\u00e3o de Mar\u00edlia.<\/p>\n<p dir=\"ltr\">Em <strong>Minas Gerais<\/strong>, as <strong>precipita\u00e7\u00f5es <\/strong>mais intensas devem ocorrer em Perdizes e Serra do Salitre, no Tri\u00e2ngulo Mineiro e Alto Parana\u00edba, al\u00e9m de Serra da Saudade, na regi\u00e3o Centro-Oeste do estado.<\/p>\n<p dir=\"ltr\">No <strong>Rio de Janeiro<\/strong>, pode <strong>chover <\/strong>durante a tarde em Valen\u00e7a, no Sul Fluminense; Resende, tamb\u00e9m no Sul do estado; e Quatis, na regi\u00e3o do M\u00e9dio Para\u00edba.<\/p>\n<p dir=\"ltr\">J\u00e1 no<strong> Esp\u00edrito Santo<\/strong>, o tempo permanece est\u00e1vel, com predom\u00ednio de sol e poucas nuvens ao longo do dia.<\/p>\n<p dir=\"ltr\">Entre as capitais, a temperatura m\u00ednima prevista \u00e9 de 16\u00b0C, em Belo Horizonte. J\u00e1 a m\u00e1xima pode chegar at\u00e9 36\u00b0C, no Rio de Janeiro. A \u00a0umidade relativa do ar varia entre 50% e 100%.<\/p>\n<h2 dir=\"ltr\">5 motivos para acompanhar as previs\u00f5es do tempo<\/h2>\n<ul dir=\"ltr\">\n<li>Agricultura: garantia de uma boa colheita;<\/li>\n<li>Marinha: prote\u00e7\u00e3o de marinheiros, navios e passageiros;<\/li>\n<li>Aeron\u00e1utica: seguran\u00e7a de pilotos, aeronaves e passageiros;<\/li>\n<li>Pesca: condi\u00e7\u00f5es favor\u00e1veis e seguras para a atividade;<\/li>\n<li>Turismo: garantia de passeios e viagens tranquilas e agrad\u00e1veis.<\/li>\n<\/ul>\n<h2 dir=\"ltr\">Import\u00e2ncia das observa\u00e7\u00f5es meteorol\u00f3gicas no INMET<\/h2>\n<p dir=\"ltr\">As observa\u00e7\u00f5es meteorol\u00f3gicas do <a href=\"https:\/\/portal.inmet.gov.br\/\">INMET<\/a> s\u00e3o essenciais para previs\u00f5es em tempo real, estat\u00edsticas clim\u00e1ticas e coopera\u00e7\u00e3o internacional. Esses dados precisos ajudam a estudar o clima passado e a produzir Normais Climatol\u00f3gicas conforme a <strong>Organiza\u00e7\u00e3o Meteorol\u00f3gica Mundial<\/strong> (<a href=\"https:\/\/worldweather.wmo.int\/pt\/home.html\">OMM<\/a>).<\/p>\n<p dir=\"ltr\">As informa\u00e7\u00f5es s\u00e3o do <strong>Instituto Nacional de Meteorologia<\/strong> (<a href=\"https:\/\/portal.inmet.gov.br\/\">Inmet<\/a>).<\/p>\n<p>\u00a0<\/p>\n<p>\t\t\t\t\t\t\t\t\t<img loading=\"lazy\" decoding=\"async\" src=\"https:\/\/brasil61.com\/api\/v1\/serve_pixel\/17677\/87782\" alt=\"Pixel Brasil 61\" class=\"b61_pixel\" width=\"0\" height=\"0\"><\/p>\n<input type=\"hidden\" id=\"baseurl\" value=\"https:\/\/noticiasdestaque.com.br\"><input type=\"hidden\" id=\"audio_nonce\" value=\"6a24ca502e\">","protected":false},"excerpt":{"rendered":"<p>Em S\u00e3o Paulo, a expectativa \u00e9 de muitas nuvens com pancadas de chuva e trovoadas isoladas nos munic\u00edpios de Itatinga, na regi\u00e3o de Botucatu; Planura, no Tri\u00e2ngulo Mineiro, munic\u00edpio mineiro que faz divisa com o interior paulista, e Lut\u00e9cia, na regi\u00e3o de Mar\u00edlia<\/p>\n","protected":false},"author":1,"featured_media":50179,"comment_status":"open","ping_status":"open","sticky":false,"template":"","format":"standard","meta":{"fifu_image_url":"","fifu_image_alt":"","footnotes":""},"categories":[58],"tags":[],"class_list":["post-50080","post","type-post","status-publish","format-standard","has-post-thumbnail","hentry","category-cotidiano"],"distributor_meta":false,"distributor_terms":false,"distributor_media":false,"distributor_original_site_name":"Noticias em Destaque","distributor_original_site_url":"https:\/\/noticiasdestaque.com.br","push-errors":false,"_links":{"self":[{"href":"https:\/\/noticiasdestaque.com.br\/index.php\/wp-json\/wp\/v2\/posts\/50080","targetHints":{"allow":["GET"]}}],"collection":[{"href":"https:\/\/noticiasdestaque.com.br\/index.php\/wp-json\/wp\/v2\/posts"}],"about":[{"href":"https:\/\/noticiasdestaque.com.br\/index.php\/wp-json\/wp\/v2\/types\/post"}],"author":[{"embeddable":true,"href":"https:\/\/noticiasdestaque.com.br\/index.php\/wp-json\/wp\/v2\/users\/1"}],"replies":[{"embeddable":true,"href":"https:\/\/noticiasdestaque.com.br\/index.php\/wp-json\/wp\/v2\/comments?post=50080"}],"version-history":[{"count":1,"href":"https:\/\/noticiasdestaque.com.br\/index.php\/wp-json\/wp\/v2\/posts\/50080\/revisions"}],"predecessor-version":[{"id":50178,"href":"https:\/\/noticiasdestaque.com.br\/index.php\/wp-json\/wp\/v2\/posts\/50080\/revisions\/50178"}],"wp:featuredmedia":[{"embeddable":true,"href":"https:\/\/noticiasdestaque.com.br\/index.php\/wp-json\/wp\/v2\/media\/50179"}],"wp:attachment":[{"href":"https:\/\/noticiasdestaque.com.br\/index.php\/wp-json\/wp\/v2\/media?parent=50080"}],"wp:term":[{"taxonomy":"category","embeddable":true,"href":"https:\/\/noticiasdestaque.com.br\/index.php\/wp-json\/wp\/v2\/categories?post=50080"},{"taxonomy":"post_tag","embeddable":true,"href":"https:\/\/noticiasdestaque.com.br\/index.php\/wp-json\/wp\/v2\/tags?post=50080"}],"curies":[{"name":"wp","href":"https:\/\/api.w.org\/{rel}","templated":true}]}}